{"id":5101,"date":"2024-07-11T13:45:05","date_gmt":"2024-07-11T13:45:05","guid":{"rendered":"https:\/\/www.imovirtual.com\/noticias\/?p=5101"},"modified":"2024-07-11T13:51:44","modified_gmt":"2024-07-11T13:51:44","slug":"como-garantir-um-verao-agradavel-dentro-de-casa","status":"publish","type":"post","link":"https:\/\/www.imovirtual.com\/noticias\/lifestyle\/como-garantir-um-verao-agradavel-dentro-de-casa\/","title":{"rendered":"Como garantir um ver\u00e3o agrad\u00e1vel dentro de casa?"},"content":{"rendered":"\n<p>Finalmente chegou o ver\u00e3o! \u00c9 tempo de aproveitar o sol, os amigos, as esplanadas e as praias. Arrume os casacos, tire do arm\u00e1rio a indument\u00e1ria de ver\u00e3o e prepare-se para desfrutar do bom tempo ao m\u00e1ximo.<\/p>\n\n\n\n<p>O calor \u00e9 sin\u00f3nimo de alegria e, para a maioria, tamb\u00e9m representa as t\u00e3o desejadas f\u00e9rias. No entanto, os meses de ver\u00e3o, especialmente em regi\u00f5es mais distantes do oceano, revelam-se extremamente quentes.&nbsp;<\/p>\n\n\n\n<p>Para o bem de todos n\u00f3s, o ar condicionado veio resolver o problema e permite-nos controlar a temperatura dentro das casas, escrit\u00f3rios e muito mais. Seja no pico do ver\u00e3o, ou no frio do inverno, este aparelho torna os ambientes fechados muito mais confort\u00e1veis.<\/p>\n\n\n\n<p>Desde j\u00e1, queremos responder \u00e0 seguinte quest\u00e3o: <strong>o ar condicionado gasta muita energia?<\/strong><\/p>\n\n\n\n<p>De facto, os modelos mais antigos representavam grandes consumos de energia. N\u00e3o obstante, atualmente, os aparelhos recentes s\u00e3o concebidos para ser o mais econ\u00f3mico poss\u00edvel. Na base desta transforma\u00e7\u00e3o est\u00e1 uma crescente preocupa\u00e7\u00e3o com a sustentabilidade e a seguran\u00e7a do meio ambiente.&nbsp;<\/p>\n\n\n\n<p>No entanto, a resposta \u00e9: <strong>n\u00e3o, necessariamente. <\/strong>Para tal, \u00e9 importante ter em aten\u00e7\u00e3o alguns pontos.<\/p>\n\n\n\n<p>Como queremos que se sinta sempre bem em sua casa, n\u00e3o podemos deixar de lhe apresentar algumas dicas para uma boa utiliza\u00e7\u00e3o do ar condicionado.<\/p>\n\n\n\n<p><\/p>\n\n\n\n<h2 class=\"wp-block-heading\">Informe-se sobre o consumo de energia<\/h2>\n\n\n\n<ol class=\"wp-block-list\">\n<li><\/li>\n<\/ol>\n\n\n\n<p>Apesar de parecer bastante \u00f3bvio, uma das raz\u00f5es que leva a gastos desnecess\u00e1rios \u00e9 a falta de informa\u00e7\u00e3o. Aquando da sua compra, informe-se o melhor que conseguir sobre o consumo de energia do ar condicionado. Deve considerar os seguintes pontos:<\/p>\n\n\n\n<ul class=\"wp-block-list\">\n<li><strong>Tipologia: <\/strong>apesar de representar um investimento inicial mais elevado, os aparelhos fixos s\u00e3o mais eficientes e energ\u00e9ticos. A longo prazo, a sua carteira ir\u00e1 agradecer.<strong>&nbsp;<\/strong><\/li>\n<\/ul>\n\n\n\n<ul class=\"wp-block-list\">\n<li><strong>Pot\u00eancia: <\/strong>este fator \u00e9 determinante para perceber o consumo do equipamento. Quanto maior for a pot\u00eancia, maior \u00e9 a capacidade de aumentar ou diminuir a temperatura de uma divis\u00e3o em menos tempo.<\/li>\n<\/ul>\n\n\n\n<ul class=\"wp-block-list\">\n<li><strong>Classe energ\u00e9tica: <\/strong>procure sempre a informa\u00e7\u00e3o sobre a classe energ\u00e9tica. Quanto mais baixa for, mais ser\u00e1 o gasto e o consumo de energia e vice-versa.<\/li>\n<\/ul>\n\n\n\n<p class=\"has-text-align-left\"><img loading=\"lazy\" decoding=\"async\" width=\"183\" height=\"187\" src=\"https:\/\/lh7-us.googleusercontent.com\/docsz\/AD_4nXdhQ-W3DzNN-LtYvaGHJPz9lvw3EWlDL5-zRGWeVRotjr1PrO3gPQdKkpEN1bjmwQNjmfAJMwUZ15XG6I30HxUdGGZLlUv6QUhJ_rXOt6n5-6gzE5whRDgRTUXpDs8zkyf7AruvFxb4qBb-jhYrwDmlpFayP6EbUKPgG4dshK39nVS-hA7Bng?key=FOIEl9hJ7DginbY-hjCFPw\"><\/p>\n\n\n\n<p><\/p>\n\n\n\n<h2 class=\"wp-block-heading\">Mude os filtros de ar<\/h2>\n\n\n\n<p>Para uma utiliza\u00e7\u00e3o eficiente do AC \u00e9 crucial que verifique e mude o filtro de ar. O tempo ideal para o fazer \u00e9 duas vezes por ano, de seis em seis meses. Alguns aparelhos t\u00eam o filtro separado, enquanto em outros se encontra incorporado na pr\u00f3pria estrutura. Utilize sempre filtros adequados e de qualidade e nunca os limpe com \u00e1gua, fa\u00e7a uso de apenas um pano seco. De acordo com alguns dados, substituir um filtro de ar entupido pode reduzir o consumo de energia do ar condicionado at\u00e9 15%.&nbsp;<\/p>\n\n\n\n<p><\/p>\n\n\n\n<h2 class=\"wp-block-heading\">Escolha um local adequado<\/h2>\n\n\n\n<p>A escolha do local onde vai instalar o equipamento \u00e9 fundamental para o seu bom funcionamento. Lembre-se de que o aparelho n\u00e3o deve receber luz solar de forma direta e deve estar posicionado num espa\u00e7o onde exista a circula\u00e7\u00e3o de ar. Afaste o ar condicionado de l\u00e2mpadas, ou outros eletrodom\u00e9sticos, que sejam um foco de calor. Ao ter conta estes fatores, o seu AC funcionar\u00e1 bem, durar\u00e1 mais tempo e permitir-lhe-\u00e1 poupar mais energia.<\/p>\n\n\n\n<p><\/p>\n\n\n\n<h2 class=\"wp-block-heading\">Portas e janelas fechadas<\/h2>\n\n\n\n<p>Deve manter as portas e as janelas fechadas da divis\u00e3o que quer regular a temperatura. Como n\u00e3o h\u00e1 fugas de ar, ou entrada de frio\/calor, o ar condicionado cumprir\u00e1 a sua tarefa de forma mais r\u00e1pida e eficiente, o que lhe permite deslig\u00e1-lo e economizar energia. Certifique-se que, sempre que algu\u00e9m em sua casa tome banho, a porta est\u00e1 fechada. Isto porque, como referimos acima, o equipamento n\u00e3o deve estar exposto \u00e0 humidade.<\/p>\n\n\n\n<p><\/p>\n\n\n\n<p><\/p>\n\n\n\n<p>Efetivamente, o ar condicionado veio tornar os dias mais agrad\u00e1veis e as temperaturas mais suport\u00e1veis. No entanto, assegure-se que cumpre todos os pontos mencionados no presente artigo. Desta forma, conseguir\u00e1 tirar o melhor proveito do aparelho enquanto poupa energia.<\/p>\n\n\n\n<p>Para quem procura uma casa ou um quarto para arrendar, pode ser importante perceber se o espa\u00e7o j\u00e1 conta com um AC. Felizmente, no Imovirtual, fazemos esse trabalho por si. <\/p>\n\n\n\n<p>Imovirtual: de Casa Cheia.<\/p>\n","protected":false},"excerpt":{"rendered":"<p>Finalmente chegou o ver\u00e3o! \u00c9 tempo de aproveitar o sol, os amigos, as esplanadas e as praias. Arrume os casacos, tire do arm\u00e1rio a indument\u00e1ria de ver\u00e3o e prepare-se para desfrutar do bom tempo ao m\u00e1ximo.<\/p>\n","protected":false},"author":3,"featured_media":5102,"comment_status":"open","ping_status":"open","sticky":false,"template":"","format":"standard","meta":{"footnotes":""},"categories":[33,3],"tags":[],"class_list":["post-5101","post","type-post","status-publish","format-standard","has-post-thumbnail","hentry","category-destaques","category-lifestyle"],"_links":{"self":[{"href":"https:\/\/www.imovirtual.com\/noticias\/wp-json\/wp\/v2\/posts\/5101","targetHints":{"allow":["GET"]}}],"collection":[{"href":"https:\/\/www.imovirtual.com\/noticias\/wp-json\/wp\/v2\/posts"}],"about":[{"href":"https:\/\/www.imovirtual.com\/noticias\/wp-json\/wp\/v2\/types\/post"}],"author":[{"embeddable":true,"href":"https:\/\/www.imovirtual.com\/noticias\/wp-json\/wp\/v2\/users\/3"}],"replies":[{"embeddable":true,"href":"https:\/\/www.imovirtual.com\/noticias\/wp-json\/wp\/v2\/comments?post=5101"}],"version-history":[{"count":0,"href":"https:\/\/www.imovirtual.com\/noticias\/wp-json\/wp\/v2\/posts\/5101\/revisions"}],"wp:featuredmedia":[{"embeddable":true,"href":"https:\/\/www.imovirtual.com\/noticias\/wp-json\/wp\/v2\/media\/5102"}],"wp:attachment":[{"href":"https:\/\/www.imovirtual.com\/noticias\/wp-json\/wp\/v2\/media?parent=5101"}],"wp:term":[{"taxonomy":"category","embeddable":true,"href":"https:\/\/www.imovirtual.com\/noticias\/wp-json\/wp\/v2\/categories?post=5101"},{"taxonomy":"post_tag","embeddable":true,"href":"https:\/\/www.imovirtual.com\/noticias\/wp-json\/wp\/v2\/tags?post=5101"}],"curies":[{"name":"wp","href":"https:\/\/api.w.org\/{rel}","templated":true}]}}