{"id":5069,"date":"2024-07-01T09:42:51","date_gmt":"2024-07-01T09:42:51","guid":{"rendered":"https:\/\/www.imovirtual.com\/noticias\/?p=5069"},"modified":"2024-07-01T09:44:22","modified_gmt":"2024-07-01T09:44:22","slug":"apos-ligeira-estabilizacao-as-rendas-medias-voltam-a-aumentar-em-maio-2024","status":"publish","type":"post","link":"https:\/\/www.imovirtual.com\/noticias\/relatorio-de-precos\/apos-ligeira-estabilizacao-as-rendas-medias-voltam-a-aumentar-em-maio-2024\/","title":{"rendered":"Bar\u00f3metro &#8211; Ap\u00f3s ligeira estabiliza\u00e7\u00e3o, as rendas m\u00e9dias voltam a aumentar em maio 2024\u00a0"},"content":{"rendered":"\n<p>Em maio de 2024, o mercado imobili\u00e1rio em Portugal continuou a apresentar din\u00e2micas significativas tanto no arrendamento como na venda de im\u00f3veis. De acordo com o bar\u00f3metro do Imovirtual, um portal imobili\u00e1rio de refer\u00eancia, registaram-se varia\u00e7\u00f5es importantes nos pre\u00e7os m\u00e9dios anunciados em compara\u00e7\u00e3o com o m\u00eas anterior e com o mesmo per\u00edodo do ano passado. Este relat\u00f3rio detalha os principais aumentos e diminui\u00e7\u00f5es de pre\u00e7os, destacando as tend\u00eancias em diversos distritos e ilhas do pa\u00eds, bem como as varia\u00e7\u00f5es por tipo de im\u00f3vel.<\/p>\n\n\n\n<h2 class=\"wp-block-heading\"><strong>Rendas de Arrendamento<\/strong><\/h2>\n\n\n\n<ul class=\"wp-block-list\">\n<li><strong>Aumento Geral:<\/strong><br>> Compara\u00e7\u00e3o Anual (maio 2023 a maio 2024):<br><br>&#8211; Aumento de +22,37%, equivalente a um incremento de 245\u20ac<br>&#8211; A renda m\u00e9dia passou de 1 095\u20ac para 1 340\u20ac<br><\/li>\n<\/ul>\n\n\n\n<ul class=\"wp-block-list\">\n<li><strong>Destaques por Distritos e Ilhas:<\/strong><\/li>\n<\/ul>\n\n\n\n<p><strong>&gt; Maiores aumentos mensais:<\/strong><br>&#8211; Portalegre: +39,99% (de 365\u20ac para 500\u20ac)<br>&#8211; Beja: +29,03% (de 775\u20ac para 1 000\u20ac)<\/p>\n\n\n\n<figure class=\"wp-block-image size-full is-resized\"><img loading=\"lazy\" decoding=\"async\" src=\"https:\/\/www.imovirtual.com\/noticias\/wp-content\/uploads\/2024\/07\/mapas-1.png\" alt=\"\" class=\"wp-image-5085\" style=\"width:455px;height:455px\" width=\"455\" height=\"455\" srcset=\"https:\/\/www.imovirtual.com\/noticias\/wp-content\/uploads\/2024\/07\/mapas-1.png 1000w, https:\/\/www.imovirtual.com\/noticias\/wp-content\/uploads\/2024\/07\/mapas-1-300x300.png 300w, https:\/\/www.imovirtual.com\/noticias\/wp-content\/uploads\/2024\/07\/mapas-1-150x150.png 150w, https:\/\/www.imovirtual.com\/noticias\/wp-content\/uploads\/2024\/07\/mapas-1-768x768.png 768w\" sizes=\"auto, (max-width: 455px) 100vw, 455px\" \/><\/figure>\n\n\n\n<p><strong>&gt; Maiores aumentos anuais:<\/strong><br>&#8211; Beja: +73,91% (de 575\u20ac para 1 000\u20ac)<br>&#8211; Leiria: +27,27% (de 550\u20ac para 700\u20ac)<br>&#8211; Ilha da Madeira: +57,14% (de 1 050\u20ac para 1 650\u20ac<\/p>\n\n\n\n<p><\/p>\n\n\n\n<p><strong>&gt; Diminui\u00e7\u00e3o mensal:<\/strong><br>&#8211; Vila Real: -2,62% (de 478\u20ac para 465\u20ac)<\/p>\n\n\n\n<p><\/p>\n\n\n\n<p><strong>&gt; Diminui\u00e7\u00e3o anual:<\/strong><br>&#8211; Guarda: -15% (de 500\u20ac para 425\u20ac)<br>&#8211; Faro: -3,41% (de 850\u20ac para 821\u20ac)<\/p>\n\n\n\n<p><\/p>\n\n\n\n<p><strong>&gt; Estabilidade Mensal:<\/strong><br>&#8211; Coimbra, \u00c9vora, Faro, Leiria, Viseu, S\u00e3o Miguel, Faial<\/p>\n\n\n\n<p><\/p>\n\n\n\n<p><strong>> Estabilidade Anual:<\/strong><br>&#8211; Porto e Ilha do Faial<\/p>\n\n\n\n<p><\/p>\n\n\n\n<ul class=\"wp-block-list\">\n<li><strong>Pre\u00e7os M\u00e9dios:<\/strong><\/li>\n<\/ul>\n\n\n\n<p><strong>&gt; Mais caros:<\/strong><br>&#8211; Lisboa: 1 900\u20ac<br>&#8211; Porto e Set\u00fabal: 1 200\u20ac<br>&#8211; Ilha da Madeira: 1 650\u20ac<\/p>\n\n\n\n<p><strong>&gt; Mais baratos:<\/strong><br>&#8211; Guarda: 425\u20ac<br>&#8211; Vila Real: 465\u20ac<\/p>\n\n\n\n<h2 class=\"wp-block-heading\"><br><strong>Pre\u00e7o de Venda de Casas<\/strong><\/h2>\n\n\n\n<ul class=\"wp-block-list\">\n<li><strong>Aumento Geral<\/strong><\/li>\n<\/ul>\n\n\n\n<p><strong>&gt; Compara\u00e7\u00e3o Anual<\/strong> (maio 2023 a maio 2024):<br>&#8211; Aumento de +20,40%, equivalente a um incremento de 61 000\u20ac<br>&#8211; Pre\u00e7o m\u00e9dio passou de 299 000\u20ac para 360 000\u20ac<\/p>\n\n\n\n<p><\/p>\n\n\n\n<p><strong>&gt; Compara\u00e7\u00e3o Mensal<\/strong> (abril 2024 a maio 2024):<br>&#8211; Aumento de +2%, de 350 000\u20ac para 360 000\u20ac<\/p>\n\n\n\n<p><\/p>\n\n\n\n<ul class=\"wp-block-list\">\n<li><strong>Destaques por Distritos e Ilhas:<\/strong><\/li>\n<\/ul>\n\n\n\n<p><strong>> Maiores aumentos mensais:<\/strong><br>&#8211; Porto: +4,17% (de 360 000\u20ac para 375 000\u20ac)<br>&#8211; Lisboa: +4,00% (de 500 000\u20ac para 520 000\u20ac)<\/p>\n\n\n\n<p><\/p>\n\n\n\n<figure class=\"wp-block-image size-full is-resized\"><img loading=\"lazy\" decoding=\"async\" src=\"https:\/\/www.imovirtual.com\/noticias\/wp-content\/uploads\/2024\/07\/mapas2-2.png\" alt=\"\" class=\"wp-image-5086\" style=\"width:522px;height:522px\" width=\"522\" height=\"522\" srcset=\"https:\/\/www.imovirtual.com\/noticias\/wp-content\/uploads\/2024\/07\/mapas2-2.png 1000w, https:\/\/www.imovirtual.com\/noticias\/wp-content\/uploads\/2024\/07\/mapas2-2-300x300.png 300w, https:\/\/www.imovirtual.com\/noticias\/wp-content\/uploads\/2024\/07\/mapas2-2-150x150.png 150w, https:\/\/www.imovirtual.com\/noticias\/wp-content\/uploads\/2024\/07\/mapas2-2-768x768.png 768w\" sizes=\"auto, (max-width: 522px) 100vw, 522px\" \/><\/figure>\n\n\n\n<p><\/p>\n\n\n\n<p><strong>> Maiores aumentos anuais:<\/strong><br>&#8211; Lisboa: +22,35% (de 425 000\u20ac para 520 000\u20ac)<br>&#8211; Porto: +20,97% (de 310 000\u20ac para 375 000\u20ac)<br>&#8211; Ilhas (Flores, Graciosa, S\u00e3o Jorge, S\u00e3o Miguel, Corvo)<\/p>\n\n\n\n<p><\/p>\n\n\n\n<p><strong>> Diminui\u00e7\u00e3o mensal:<\/strong><br>&#8211; Castelo Branco: -7,19% (de 83 500\u20ac para 77 500\u20ac)<br>&#8211; Guarda: -2,47% (de 85 000\u20ac para 82 900\u20ac)<br>&#8211; Portalegre: -2,11% (de 95 000\u20ac para 93 000\u20ac)<br>&#8211; Ilha do Corvo: -14,89% (de 117 500\u20ac para 100 000\u20ac)<\/p>\n\n\n\n<p><\/p>\n\n\n\n<p><strong>> Diminui\u00e7\u00e3o anual:<\/strong><br>&#8211; Castelo Branco: -18,42% (de 95 000\u20ac para 77 500\u20ac)<br>&#8211; Bragan\u00e7a: -10,45% (de 134 000\u20ac para 120 000\u20ac)<\/p>\n\n\n\n<p><\/p>\n\n\n\n<p><strong>> Estabilidade Mensal:<\/strong><br>&#8211; Vila Real, Viseu, Bragan\u00e7a, Beja, Graciosa, Porto Santo, Santa Maria, S\u00e3o Jorge, Pico<\/p>\n\n\n\n<p><\/p>\n\n\n\n<ul class=\"wp-block-list\">\n<li><strong>Pre\u00e7os M\u00e9dios:<\/strong><\/li>\n<\/ul>\n\n\n\n<p><strong>> Mais caros:<\/strong><br>&#8211; Lisboa: 520 000\u20ac<br>&#8211; Faro: 460 000\u20ac<br>&#8211; Ilha da Madeira: 475 000\u20ac<\/p>\n\n\n\n<p><\/p>\n\n\n\n<p><strong>> Mais barato:<\/strong><br>&#8211; Castelo Branco: 77 500\u20ac<\/p>\n\n\n\n<p><\/p>\n\n\n\n<h2 class=\"wp-block-heading\"><strong>Aumento de Pre\u00e7os por Tipo de Im\u00f3vel<\/strong><\/h2>\n\n\n\n<ul class=\"wp-block-list\">\n<li><strong>Apartamentos:<\/strong><br>&nbsp;+18% em rela\u00e7\u00e3o a maio 2023<\/li>\n<\/ul>\n\n\n\n<ul class=\"wp-block-list\">\n<li><strong>Moradias:<\/strong><br>+19% em rela\u00e7\u00e3o a maio 2023<br><br><\/li>\n\n\n\n<li><strong>Tipologias espec\u00edficas:<\/strong><br>T0: +21%<br>T2: +4%<br>T5: +7%<\/li>\n<\/ul>\n\n\n\n<figure class=\"wp-block-image size-full is-resized\"><img loading=\"lazy\" decoding=\"async\" src=\"https:\/\/www.imovirtual.com\/noticias\/wp-content\/uploads\/2024\/07\/mapas3-1.png\" alt=\"\" class=\"wp-image-5087\" style=\"width:520px;height:520px\" width=\"520\" height=\"520\" srcset=\"https:\/\/www.imovirtual.com\/noticias\/wp-content\/uploads\/2024\/07\/mapas3-1.png 1000w, https:\/\/www.imovirtual.com\/noticias\/wp-content\/uploads\/2024\/07\/mapas3-1-300x300.png 300w, https:\/\/www.imovirtual.com\/noticias\/wp-content\/uploads\/2024\/07\/mapas3-1-150x150.png 150w, https:\/\/www.imovirtual.com\/noticias\/wp-content\/uploads\/2024\/07\/mapas3-1-768x768.png 768w\" sizes=\"auto, (max-width: 520px) 100vw, 520px\" \/><\/figure>\n\n\n\n<p><\/p>\n\n\n\n<p><strong>O mercado imobili\u00e1rio em Portugal mant\u00e9m-se din\u00e2mico<\/strong>, com um aumento geral nos pre\u00e7os tanto do arrendamento como da venda, embora algumas regi\u00f5es tenham apresentado estabiliza\u00e7\u00f5es ou ligeiras descidas. <strong>Lisboa continua a ser a cidade mais cara para se viver<\/strong>, tanto para alugar como para comprar, enquanto distritos como <strong>Guarda e Castelo Branco se destacam pelos pre\u00e7os mais acess\u00edveis<\/strong>. Estas varia\u00e7\u00f5es refletem a constante evolu\u00e7\u00e3o do mercado e a necessidade de um acompanhamento cont\u00ednuo por parte de quem procura comprar ou arrendar im\u00f3veis no pa\u00eds.<br><\/p>\n","protected":false},"excerpt":{"rendered":"<p>Em maio de 2024, o mercado imobili\u00e1rio em Portugal continuou a apresentar din\u00e2micas significativas tanto no arrendamento como na venda de im\u00f3veis. <\/p>\n","protected":false},"author":3,"featured_media":5070,"comment_status":"open","ping_status":"open","sticky":false,"template":"","format":"standard","meta":{"footnotes":""},"categories":[2],"tags":[],"class_list":["post-5069","post","type-post","status-publish","format-standard","has-post-thumbnail","hentry","category-relatorio-de-precos"],"_links":{"self":[{"href":"https:\/\/www.imovirtual.com\/noticias\/wp-json\/wp\/v2\/posts\/5069","targetHints":{"allow":["GET"]}}],"collection":[{"href":"https:\/\/www.imovirtual.com\/noticias\/wp-json\/wp\/v2\/posts"}],"about":[{"href":"https:\/\/www.imovirtual.com\/noticias\/wp-json\/wp\/v2\/types\/post"}],"author":[{"embeddable":true,"href":"https:\/\/www.imovirtual.com\/noticias\/wp-json\/wp\/v2\/users\/3"}],"replies":[{"embeddable":true,"href":"https:\/\/www.imovirtual.com\/noticias\/wp-json\/wp\/v2\/comments?post=5069"}],"version-history":[{"count":0,"href":"https:\/\/www.imovirtual.com\/noticias\/wp-json\/wp\/v2\/posts\/5069\/revisions"}],"wp:featuredmedia":[{"embeddable":true,"href":"https:\/\/www.imovirtual.com\/noticias\/wp-json\/wp\/v2\/media\/5070"}],"wp:attachment":[{"href":"https:\/\/www.imovirtual.com\/noticias\/wp-json\/wp\/v2\/media?parent=5069"}],"wp:term":[{"taxonomy":"category","embeddable":true,"href":"https:\/\/www.imovirtual.com\/noticias\/wp-json\/wp\/v2\/categories?post=5069"},{"taxonomy":"post_tag","embeddable":true,"href":"https:\/\/www.imovirtual.com\/noticias\/wp-json\/wp\/v2\/tags?post=5069"}],"curies":[{"name":"wp","href":"https:\/\/api.w.org\/{rel}","templated":true}]}}