{"id":499,"date":"2022-05-19T00:00:00","date_gmt":"2022-05-19T00:00:00","guid":{"rendered":"https:\/\/www.imovirtual.com\/noticias2\/2022\/05\/19\/imosintese-noticias-180522\/"},"modified":"2022-05-19T00:00:00","modified_gmt":"2022-05-19T00:00:00","slug":"imosintese-noticias-180522","status":"publish","type":"post","link":"https:\/\/www.imovirtual.com\/noticias\/novidades\/imosintese-noticias-180522\/","title":{"rendered":"IMOS\u00cdNTESE &#8211; NOT\u00cdCIAS 18\/05"},"content":{"rendered":"<p class=\"css-8qfla4\">\n<p class=\"css-m5h6m0 edperro0\">\n<h2><strong>Em parceria com o Di\u00e1rio Imobili\u00e1rio, o Imovirtual apresenta diariamente um resumo notici\u00e1rio dos acontecimentos mais relevantes do dia. Fique a par das \u00faltimas novidades do Mercado Imobili\u00e1rio:<\/strong><\/h2>\n<\/p>\n<h1><strong>Herdade Monteverde vai nascer numa reserva natural de 102 hectares a caminho de Sesimbra<\/strong><\/h1>\n<p>Numa reserva natural de 102 hectares, perto de Fern\u00e3o Ferro, a caminho de Sesimbra, a&nbsp;Herdade Monteverde vai receber 355 unidades residenciais, constitu\u00eddas por moradias isoladas, em banda e apartamentos. O resort&nbsp;\u00e9 promovido&nbsp;pelo Grupo SIL e comercializado pela&nbsp;Homelovers.<\/p>\n<h3><strong>Saiba mais <a href=\"https:\/\/www.diarioimobiliario.pt\/Actualidade\/Herdade-Monteverde-vai-nascer-numa-reserva-natural-de-102-hectares-a-caminho-de-Sesimbra\" target=\"_blank\" rel=\"noopener\">aqui<\/a><\/strong><\/h3>\n<\/p>\n<h1><strong>Vantagens de se viver longe, mas perto da capital<\/strong><\/h1>\n<p><strong>[Artigo de Opini\u00e3o &#8211; Jo\u00e3o Sousa] &#8211; <\/strong>Nos \u00faltimos dois anos, fruto da pandemia, assistiu-se a uma mudan\u00e7a de h\u00e1bitos e de forma de estar da maioria das pessoas pelo mundo fora, e os portugueses n\u00e3o foram exce\u00e7\u00e3o.<\/p>\n<h3><strong>Saiba mais <a href=\"https:\/\/www.diarioimobiliario.pt\/Opiniao\/Vantagens-de-se-viver-longe-mas-perto-da-capital\" target=\"_blank\" rel=\"noopener\">aqui<\/a><\/strong><\/h3>\n<\/p>\n<h1><strong>Habitat Invest fecha neg\u00f3cios na ordem dos 22,51 milh\u00f5es de euros no SIL 2022<\/strong><\/h1>\n<p>A promotora imobili\u00e1ria&nbsp;lan\u00e7ou no SIL 2022&nbsp;quatro novos projectos, com 322 unidades residenciais, tendo comercializado, em pr\u00e9-vendas e durante o certame, 50 unidades, no valor de 22,51 milh\u00f5es de euros.<\/p>\n<h3><strong>Saiba mais <a href=\"https:\/\/www.diarioimobiliario.pt\/Actualidade\/Habitat-Invest-fecha-negocios-na-ordem-dos-22-51-milhoes-de-euros-no-SIL-2022\" target=\"_blank\" rel=\"noopener\">aqui<\/a><\/strong><\/h3>\n<\/p>\n<h1><strong>Requisitos para ter uma casa mais saud\u00e1vel<\/strong><\/h1>\n<p>A multinacional alem\u00e3 de materiais de constru\u00e7\u00e3o sustent\u00e1veis Sto, defende que &#8220;Construir com Consci\u00eancia&#8221; vai \u201cmuito al\u00e9m do impacto da constru\u00e7\u00e3o no ambiente\u201d. Tem a ver igualmente com \u201co bem-estar das pessoas, o conforto dos ambientes e, em \u00faltima an\u00e1lise, a felicidade e tranquilidade de quem os frequenta, sejam espa\u00e7os habitacionais, sejam espa\u00e7os comerciais\/escrit\u00f3rios\u201d.<\/p>\n<h3><strong>Saiba mais <a href=\"https:\/\/www.diarioimobiliario.pt\/Actualidade\/Sustentabilidade\/Requisitos-para-ter-uma-casa-mais-saudavel\" target=\"_blank\" rel=\"noopener\">aqui<\/a><\/strong><\/h3>\n<\/p>\n<h1><strong>Procura de casa aumenta nos primeiros meses do ano sobretudo por T2<\/strong><\/h1>\n<p>Os tr\u00eas primeiros meses do ano foram marcados por um aumento geral de procura de casa, face ao \u00faltimo trimestre do ano passado. Todas as tipologias registam um&nbsp;aumento de procura, sobretudo os T2 (+18%), que passam a ser os mais procurados.<\/p>\n<h3><strong>Saiba mais <a href=\"https:\/\/www.diarioimobiliario.pt\/Habitacao\/Procura-de-casa-aumenta-nos-primeiros-meses-do-ano-sobretudo-por-T2\" target=\"_blank\" rel=\"noopener\">aqui<\/a><\/strong><\/h3>\n<\/p>\n<p><strong>Leia as anteriores Imos\u00edntese:<\/strong><\/p>\n<p><strong>\ud83d\udc49<a href=\"https:\/\/www.imovirtual.com\/noticias\/noticias\/imosintese-noticias-170522\" target=\"_blank\" rel=\"noopener\">IMOS\u00cdNTESE &#8211; NOT\u00cdCIAS 17\/05<\/a><\/strong><\/p>\n<p><strong>\ud83d\udc49<a href=\"https:\/\/www.imovirtual.com\/noticias\/noticias\/imosintese-noticias-160522\" target=\"_blank\" rel=\"noopener\">IMOS\u00cdNTESE &#8211; NOT\u00cdCIAS 16\/05<\/a><\/strong><\/p>\n<p><strong>\ud83d\udc49<a href=\"https:\/\/www.imovirtual.com\/noticias\/noticias\/imosintese-noticias-130522\" target=\"_blank\" rel=\"noopener\">IMOS\u00cdNTESE &#8211; NOT\u00cdCIAS 13\/05<\/a><\/strong><\/p>\n<\/p>\n<div class=\"css-h5fkc8\"><strong>Ultima actualiza\u00e7\u00e3o:<\/strong> 19 maio 2022<\/div>\n","protected":false},"excerpt":{"rendered":"<p>Em parceria com o Di\u00e1rio Imobili\u00e1rio, o Imovirtual apresenta diariamente um resumo notici\u00e1rio dos acontecimentos mais relevantes do dia. Fique a par das \u00faltimas novidades do Mercado Imobili\u00e1rio: Herdade Monteverde vai nascer numa reserva natural de 102 hectares a caminho de Sesimbra Numa reserva natural de 102 hectares, perto de Fern\u00e3o Ferro, a caminho de &hellip;<\/p>\n","protected":false},"author":3,"featured_media":100,"comment_status":"closed","ping_status":"open","sticky":false,"template":"","format":"standard","meta":{"footnotes":""},"categories":[4],"tags":[],"class_list":["post-499","post","type-post","status-publish","format-standard","has-post-thumbnail","hentry","category-novidades"],"_links":{"self":[{"href":"https:\/\/www.imovirtual.com\/noticias\/wp-json\/wp\/v2\/posts\/499","targetHints":{"allow":["GET"]}}],"collection":[{"href":"https:\/\/www.imovirtual.com\/noticias\/wp-json\/wp\/v2\/posts"}],"about":[{"href":"https:\/\/www.imovirtual.com\/noticias\/wp-json\/wp\/v2\/types\/post"}],"author":[{"embeddable":true,"href":"https:\/\/www.imovirtual.com\/noticias\/wp-json\/wp\/v2\/users\/3"}],"replies":[{"embeddable":true,"href":"https:\/\/www.imovirtual.com\/noticias\/wp-json\/wp\/v2\/comments?post=499"}],"version-history":[{"count":0,"href":"https:\/\/www.imovirtual.com\/noticias\/wp-json\/wp\/v2\/posts\/499\/revisions"}],"wp:featuredmedia":[{"embeddable":true,"href":"https:\/\/www.imovirtual.com\/noticias\/wp-json\/wp\/v2\/media\/100"}],"wp:attachment":[{"href":"https:\/\/www.imovirtual.com\/noticias\/wp-json\/wp\/v2\/media?parent=499"}],"wp:term":[{"taxonomy":"category","embeddable":true,"href":"https:\/\/www.imovirtual.com\/noticias\/wp-json\/wp\/v2\/categories?post=499"},{"taxonomy":"post_tag","embeddable":true,"href":"https:\/\/www.imovirtual.com\/noticias\/wp-json\/wp\/v2\/tags?post=499"}],"curies":[{"name":"wp","href":"https:\/\/api.w.org\/{rel}","templated":true}]}}