{"id":493,"date":"2022-05-24T00:00:00","date_gmt":"2022-05-24T00:00:00","guid":{"rendered":"https:\/\/www.imovirtual.com\/noticias2\/2022\/05\/24\/imosintese-noticias-230522\/"},"modified":"2022-05-24T00:00:00","modified_gmt":"2022-05-24T00:00:00","slug":"imosintese-noticias-230522","status":"publish","type":"post","link":"https:\/\/www.imovirtual.com\/noticias\/novidades\/imosintese-noticias-230522\/","title":{"rendered":"IMOS\u00cdNTESE &#8211; NOT\u00cdCIAS 23\/05"},"content":{"rendered":"<p class=\"css-8qfla4\">\n<p class=\"css-m5h6m0 edperro0\">\n<h2><strong>Em parceria com o Di\u00e1rio Imobili\u00e1rio, o Imovirtual apresenta diariamente um resumo notici\u00e1rio dos acontecimentos mais relevantes do dia. Fique a par das \u00faltimas novidades do Mercado Imobili\u00e1rio:<\/strong><\/h2>\n<\/p>\n<h1><strong>British School of Lisbon com projecto de 30 milh\u00f5es para campus ap\u00f3s acordo com o Belenenses<\/strong><\/h1>\n<p>A British School of Lisbon (BSL) planeia abrir o seu segundo campus&nbsp;de \u00faltima gera\u00e7\u00e3o em Lisboa na sequ\u00eancia de um acordo com o Clube de Futebol &#8220;Os Belenenses&#8221;.<\/p>\n<h3><strong>Saiba mais <a href=\"https:\/\/www.diarioimobiliario.pt\/Actualidade\/British-School-of-Lisbon-com-projecto-de-30-milhoes-para-campus-apos-acordo-com-o-Belenenses\" target=\"_blank\" rel=\"noopener\">aqui<\/a><\/strong><\/h3>\n<\/p>\n<h1><strong>Administra\u00e7\u00e3o Biden anuncia plano de apoio \u00e0 habita\u00e7\u00e3o para fam\u00edlias norte-americanas de baixo e m\u00e9dio rendimento<\/strong><\/h1>\n<p>A administra\u00e7\u00e3o Biden anunciou um plano para aliviar o custo crescente da habita\u00e7\u00e3o nos EUA e colmatar o d\u00e9fice existente de casas no prazo de cinco anos atrav\u00e9s de ac\u00e7\u00f5es administrativas e legislativas.<\/p>\n<h3><strong>Saiba mais <a href=\"https:\/\/www.diarioimobiliario.pt\/Actualidade\/Internacional\/Administracao-Biden-anuncia-plano-de-apoio-a-habitacao-para-familias-norte-americanas-de-baixo-e-medio-rendimento\" target=\"_blank\" rel=\"noopener\">aqui<\/a><\/strong><\/h3>\n<\/p>\n<h1><strong>Reabilita\u00e7\u00e3o Urbana recupera para terreno positivo em Abril<\/strong><\/h1>\n<p>Em Abril,&nbsp;assiste-se a uma recupera\u00e7\u00e3o do \u00edndice N\u00edvel de Actividade na Reabilita\u00e7\u00e3o Urbana&nbsp;para terreno positivo, que sobe 0,7%, em termos hom\u00f3logos, ap\u00f3s dois meses com varia\u00e7\u00f5es negativas.<\/p>\n<h3><strong>Saiba mais <a href=\"https:\/\/www.diarioimobiliario.pt\/Actualidade\/Reabilitacao-Urbana-recupera-para-terreno-positivo-em-Abril\" target=\"_blank\" rel=\"noopener\">aqui<\/a><\/strong><\/h3>\n<\/p>\n<h1><strong>De pessoas para pessoas<\/strong><\/h1>\n<p><strong>[Artigo de Opini\u00e3o &#8211; Francisco Mota Ferreira] &#8211;<em> <\/em><\/strong>\u00c9 assumido por todos os que lidam com o Imobili\u00e1rio que este \u00e9 um neg\u00f3cio de pessoas para pessoas e, como tal, tudo o que possa ser feito que n\u00e3o respeite essa premissa est\u00e1 condenado ao fracasso.<\/p>\n<h3><strong>Saiba mais <a href=\"https:\/\/www.diarioimobiliario.pt\/Opiniao\/De-pessoas-para-pessoas\" target=\"_blank\" rel=\"noopener\">aqui<\/a><\/strong><\/h3>\n<\/p>\n<h1><strong>Apartamentos T3 foram os mais comprados pelos portugueses no primeiro trimestre<\/strong><\/h1>\n<p>No 1\u00ba trimestre deste ano, a tipologia de im\u00f3vel mais comprada pelos portugueses foi o T3, seguido do T2 e do T4, revela a Decis\u00f5es e Solu\u00e7\u00f5es.<\/p>\n<h3><strong>Saiba mais <a href=\"https:\/\/www.diarioimobiliario.pt\/Habitacao\/Apartamentos-T3-foram-os-mais-comprados-pelos-portugueses-no-primeiro-trimestre\" target=\"_blank\" rel=\"noopener\">aqui<\/a><\/strong><\/h3>\n<\/p>\n<p><strong>Leia as anteriores Imos\u00edntese:<\/strong><\/p>\n<p><strong>\ud83d\udc49<a href=\"https:\/\/www.imovirtual.com\/noticias\/noticias\/imosintese-noticias-200522\" target=\"_blank\" rel=\"noopener\">IMOS\u00cdNTESE &#8211; NOT\u00cdCIAS 20\/05<\/a><\/strong><\/p>\n<p><strong>\ud83d\udc49<a href=\"https:\/\/www.imovirtual.com\/noticias\/noticias\/imosintese-noticias-190522\" target=\"_blank\" rel=\"noopener\">IMOS\u00cdNTESE &#8211; NOT\u00cdCIAS 19\/05<\/a><\/strong><\/p>\n<p><strong>\ud83d\udc49<a href=\"https:\/\/www.imovirtual.com\/noticias\/noticias\/imosintese-noticias-180522\" target=\"_blank\" rel=\"noopener\">IMOS\u00cdNTESE &#8211; NOT\u00cdCIAS 18\/05<\/a><\/strong><\/p>\n<\/p>\n<div class=\"css-h5fkc8\"><strong>Ultima actualiza\u00e7\u00e3o:<\/strong> 24 maio 2022<\/div>\n","protected":false},"excerpt":{"rendered":"<p>Em parceria com o Di\u00e1rio Imobili\u00e1rio, o Imovirtual apresenta diariamente um resumo notici\u00e1rio dos acontecimentos mais relevantes do dia. Fique a par das \u00faltimas novidades do Mercado Imobili\u00e1rio: British School of Lisbon com projecto de 30 milh\u00f5es para campus ap\u00f3s acordo com o Belenenses A British School of Lisbon (BSL) planeia abrir o seu segundo &hellip;<\/p>\n","protected":false},"author":3,"featured_media":100,"comment_status":"closed","ping_status":"open","sticky":false,"template":"","format":"standard","meta":{"footnotes":""},"categories":[4],"tags":[],"class_list":["post-493","post","type-post","status-publish","format-standard","has-post-thumbnail","hentry","category-novidades"],"_links":{"self":[{"href":"https:\/\/www.imovirtual.com\/noticias\/wp-json\/wp\/v2\/posts\/493","targetHints":{"allow":["GET"]}}],"collection":[{"href":"https:\/\/www.imovirtual.com\/noticias\/wp-json\/wp\/v2\/posts"}],"about":[{"href":"https:\/\/www.imovirtual.com\/noticias\/wp-json\/wp\/v2\/types\/post"}],"author":[{"embeddable":true,"href":"https:\/\/www.imovirtual.com\/noticias\/wp-json\/wp\/v2\/users\/3"}],"replies":[{"embeddable":true,"href":"https:\/\/www.imovirtual.com\/noticias\/wp-json\/wp\/v2\/comments?post=493"}],"version-history":[{"count":0,"href":"https:\/\/www.imovirtual.com\/noticias\/wp-json\/wp\/v2\/posts\/493\/revisions"}],"wp:featuredmedia":[{"embeddable":true,"href":"https:\/\/www.imovirtual.com\/noticias\/wp-json\/wp\/v2\/media\/100"}],"wp:attachment":[{"href":"https:\/\/www.imovirtual.com\/noticias\/wp-json\/wp\/v2\/media?parent=493"}],"wp:term":[{"taxonomy":"category","embeddable":true,"href":"https:\/\/www.imovirtual.com\/noticias\/wp-json\/wp\/v2\/categories?post=493"},{"taxonomy":"post_tag","embeddable":true,"href":"https:\/\/www.imovirtual.com\/noticias\/wp-json\/wp\/v2\/tags?post=493"}],"curies":[{"name":"wp","href":"https:\/\/api.w.org\/{rel}","templated":true}]}}