{"id":4895,"date":"2024-03-22T10:09:14","date_gmt":"2024-03-22T10:09:14","guid":{"rendered":"https:\/\/www.imovirtual.com\/noticias\/?p=4895"},"modified":"2024-08-28T10:28:48","modified_gmt":"2024-08-28T10:28:48","slug":"converter-loja-em-apartamento","status":"publish","type":"post","link":"https:\/\/www.imovirtual.com\/noticias\/imobiliario\/converter-loja-em-apartamento\/","title":{"rendered":"Como converter uma loja em apartamento?"},"content":{"rendered":"\n<p>Como \u00e9 que se pode <strong>converter uma loja em apartamento<\/strong>? Se este \u00e9 o seu objetivo, quer seja para criar um novo espa\u00e7o residencial ou para investir em propriedades vers\u00e1teis, \u00e9 crucial compreender os passos fundamentais envolvidos.&nbsp;<\/p>\n\n\n\n<p>A <strong>transi\u00e7\u00e3o de um estabelecimento comercial para um apartamento<\/strong> n\u00e3o exige apenas vis\u00e3o, mas tamb\u00e9m conformidade com regulamenta\u00e7\u00f5es espec\u00edficas e a obten\u00e7\u00e3o de aprova\u00e7\u00f5es legais. Neste artigo apresentamos alguns dos principais passos a serem considerados neste processo de transforma\u00e7\u00e3o.&nbsp;<\/p>\n\n\n\n<div style=\"height:45px\" aria-hidden=\"true\" class=\"wp-block-spacer\"><\/div>\n\n\n\n<h2 class=\"wp-block-heading\"><strong>Primeiro Passo: Modifica\u00e7\u00e3o do T\u00edtulo Constitutivo da Propriedade<\/strong><\/h2>\n\n\n\n<p>Se a loja a ser transformada estiver inserida num edif\u00edcio, o primeiro passo vital \u00e9 a <strong>altera\u00e7\u00e3o do t\u00edtulo constitutivo<\/strong> do mesmo. Aten\u00e7\u00e3o: esse procedimento requer o consentimento de todos os cond\u00f3minos do pr\u00e9dio!&nbsp;<\/p>\n\n\n\n<p>A formaliza\u00e7\u00e3o dessa altera\u00e7\u00e3o ocorre por meio de <strong>escritura p\u00fablica<\/strong> ou documento autenticado, assegurando assim a <strong>legalidade da mudan\u00e7a da finalidade do im\u00f3vel<\/strong>.&nbsp;<\/p>\n\n\n\n<div style=\"height:45px\" aria-hidden=\"true\" class=\"wp-block-spacer\"><\/div>\n\n\n\n<h2 class=\"wp-block-heading\"><strong>Segundo Passo:<\/strong> <strong>Ajuste da Licen\u00e7a de Utiliza\u00e7\u00e3o<\/strong><\/h2>\n\n\n\n<p>Outro requisito crucial do <strong>processo de convers\u00e3o da loja em apartamento<\/strong> \u00e9 a solicita\u00e7\u00e3o de ajuste da licen\u00e7a de utiliza\u00e7\u00e3o junto \u00e0 <strong>c\u00e2mara municipal<\/strong>.&nbsp;<\/p>\n\n\n\n<p>A <strong>licen\u00e7a de utiliza\u00e7\u00e3o<\/strong> determina se a fra\u00e7\u00e3o ser\u00e1 destinada \u00e0 habita\u00e7\u00e3o ou a fins n\u00e3o habitacionais (como com\u00e9rcio, servi\u00e7os ou ind\u00fastria). A c\u00e2mara municipal avaliar\u00e1 a solicita\u00e7\u00e3o, decidindo deferir ou n\u00e3o a modifica\u00e7\u00e3o, garantindo assim a conformidade legal da nova utiliza\u00e7\u00e3o do espa\u00e7o.&nbsp;<\/p>\n\n\n\n<div style=\"height:35px\" aria-hidden=\"true\" class=\"wp-block-spacer\"><\/div>\n\n\n\n<figure class=\"wp-block-image size-full is-resized\"><img loading=\"lazy\" decoding=\"async\" src=\"https:\/\/www.imovirtual.com\/noticias\/wp-content\/uploads\/2024\/03\/Imagem-blog-2.jpg\" alt=\"como posso converter uma loja em apartamento\" class=\"wp-image-4902\" style=\"width:838px;height:551px\" width=\"838\" height=\"551\" srcset=\"https:\/\/www.imovirtual.com\/noticias\/wp-content\/uploads\/2024\/03\/Imagem-blog-2.jpg 760w, https:\/\/www.imovirtual.com\/noticias\/wp-content\/uploads\/2024\/03\/Imagem-blog-2-300x197.jpg 300w\" sizes=\"auto, (max-width: 838px) 100vw, 838px\" \/><\/figure>\n\n\n\n<div style=\"height:45px\" aria-hidden=\"true\" class=\"wp-block-spacer\"><\/div>\n\n\n\n<h2 class=\"wp-block-heading\"><strong>Terceiro Passo: Atendimento aos Requisitos T\u00e9cnicos e de Seguran\u00e7a<\/strong><\/h2>\n\n\n\n<p>Al\u00e9m dos passos mencionados, a <strong>transforma\u00e7\u00e3o de uma loja em habita\u00e7\u00e3o<\/strong> est\u00e1 sujeita a uma s\u00e9rie de requisitos t\u00e9cnicos e de seguran\u00e7a.&nbsp;<\/p>\n\n\n\n<p>\u00c9 essencial que seja feita a apresenta\u00e7\u00e3o de um <strong>projeto detalhado<\/strong>, mostrando como a modifica\u00e7\u00e3o ser\u00e1 realizada e respeitar\u00e1 as normas estabelecidas. O cumprimento dessas regras \u00e9 vital para obter a autoriza\u00e7\u00e3o final para a transforma\u00e7\u00e3o do im\u00f3vel.&nbsp;<\/p>\n\n\n\n<div style=\"height:45px\" aria-hidden=\"true\" class=\"wp-block-spacer\"><\/div>\n\n\n\n<h2 class=\"wp-block-heading\"><strong>Planeamento e Legalidade na Transforma\u00e7\u00e3o de uma Loja em Apartamento<\/strong><\/h2>\n\n\n\n<p><strong>Converter uma loja em apartamento<\/strong> requer n\u00e3o apenas criatividade e vis\u00e3o, mas tamb\u00e9m ader\u00eancia estrita aos procedimentos legais. Desde a <strong>altera\u00e7\u00e3o do t\u00edtulo constitutivo<\/strong> at\u00e9 a <strong>modifica\u00e7\u00e3o da licen\u00e7a de utiliza\u00e7\u00e3o<\/strong> e o cumprimento rigoroso dos requisitos t\u00e9cnicos, cada passo \u00e9 essencial para assegurar uma transi\u00e7\u00e3o bem-sucedida. Ao embarcar neste processo, \u00e9 aconselh\u00e1vel procurar orienta\u00e7\u00e3o profissional e estar ciente das regulamenta\u00e7\u00f5es locais para garantir que a transforma\u00e7\u00e3o n\u00e3o s\u00f3 cumpre os seus objetivos est\u00e9ticos como tamb\u00e9m cumpre os <strong>requisitos legais<\/strong>.&nbsp;<\/p>\n\n\n\n<p>Para garantir a <strong>regulariza\u00e7\u00e3o<\/strong> adequada de <strong>lojas convertidas em apartamentos<\/strong>, \u00e9 imprescind\u00edvel atender a algumas exig\u00eancias, como a apresenta\u00e7\u00e3o do termo de responsabilidade assinado pelo respons\u00e1vel pelo projeto. Para obter mais detalhes, recomenda-se a consulta aos <a href=\"https:\/\/www.pgdlisboa.pt\/leis\/lei_mostra_articulado.php?artigo_id=2313X0001&amp;nid=2313&amp;tabela=leis&amp;pagina=1&amp;ficha=1&amp;so_miolo=&amp;nversao=#artigo\" target=\"_blank\" rel=\"noreferrer noopener\"><mark style=\"background-color:rgba(0, 0, 0, 0)\" class=\"has-inline-color has-vivid-cyan-blue-color\">itens 25 e 26 do Anexo I da Portaria n.\u00ba 113\/2015, de 22 de abril<\/mark><\/a>.&nbsp;<\/p>\n\n\n\n<p>Ap\u00f3s receber a autoriza\u00e7\u00e3o para a <strong>convers\u00e3o da loja em apartamento<\/strong>, o propriet\u00e1rio \u00e9 respons\u00e1vel por <strong>atualizar a descri\u00e7\u00e3o da casa no registo oficial<\/strong> e <strong>apresentar um documento \u00e0s autoridades fiscais<\/strong> que comprove que as altera\u00e7\u00f5es est\u00e3o de acordo com as leis e regulamentos em vigor.&nbsp;<\/p>\n\n\n\n<p>Tem d\u00favidas que gostaria de ver esclarecidas dentro do mundo imobili\u00e1rio? Acompanhe os artigos do nosso <a href=\"https:\/\/www.imovirtual.com\/noticias\/imoblog\/\" target=\"_blank\" rel=\"noreferrer noopener\"><mark style=\"background-color:rgba(0, 0, 0, 0)\" class=\"has-inline-color has-vivid-cyan-blue-color\">Blog<\/mark><\/a> e mantenha-se atento a novas publica\u00e7\u00f5es!<\/p>\n","protected":false},"excerpt":{"rendered":"<p>Tem uma loja que gostaria de converter em apartamento mas n\u00e3o sabe como? Leia o nosso artigo e esclare\u00e7a as suas d\u00favidas!<\/p>\n","protected":false},"author":3,"featured_media":4901,"comment_status":"open","ping_status":"open","sticky":true,"template":"","format":"standard","meta":{"footnotes":""},"categories":[37,5],"tags":[],"class_list":["post-4895","post","type-post","status-publish","format-standard","has-post-thumbnail","hentry","category-financas-e-imobiliario","category-imobiliario"],"_links":{"self":[{"href":"https:\/\/www.imovirtual.com\/noticias\/wp-json\/wp\/v2\/posts\/4895","targetHints":{"allow":["GET"]}}],"collection":[{"href":"https:\/\/www.imovirtual.com\/noticias\/wp-json\/wp\/v2\/posts"}],"about":[{"href":"https:\/\/www.imovirtual.com\/noticias\/wp-json\/wp\/v2\/types\/post"}],"author":[{"embeddable":true,"href":"https:\/\/www.imovirtual.com\/noticias\/wp-json\/wp\/v2\/users\/3"}],"replies":[{"embeddable":true,"href":"https:\/\/www.imovirtual.com\/noticias\/wp-json\/wp\/v2\/comments?post=4895"}],"version-history":[{"count":0,"href":"https:\/\/www.imovirtual.com\/noticias\/wp-json\/wp\/v2\/posts\/4895\/revisions"}],"wp:featuredmedia":[{"embeddable":true,"href":"https:\/\/www.imovirtual.com\/noticias\/wp-json\/wp\/v2\/media\/4901"}],"wp:attachment":[{"href":"https:\/\/www.imovirtual.com\/noticias\/wp-json\/wp\/v2\/media?parent=4895"}],"wp:term":[{"taxonomy":"category","embeddable":true,"href":"https:\/\/www.imovirtual.com\/noticias\/wp-json\/wp\/v2\/categories?post=4895"},{"taxonomy":"post_tag","embeddable":true,"href":"https:\/\/www.imovirtual.com\/noticias\/wp-json\/wp\/v2\/tags?post=4895"}],"curies":[{"name":"wp","href":"https:\/\/api.w.org\/{rel}","templated":true}]}}