{"id":4771,"date":"2023-10-06T13:29:34","date_gmt":"2023-10-06T13:29:34","guid":{"rendered":"https:\/\/www.imovirtual.com\/noticias\/?p=4771"},"modified":"2024-08-28T10:28:53","modified_gmt":"2024-08-28T10:28:53","slug":"direito-de-preferencia-predios-urbanos","status":"publish","type":"post","link":"https:\/\/www.imovirtual.com\/noticias\/imobiliario\/direito-de-preferencia-predios-urbanos\/","title":{"rendered":"O que \u00e9 o direito de prefer\u00eancia para pr\u00e9dios urbanos?"},"content":{"rendered":"\n<p>Reconhece a express\u00e3o <strong>direito de prefer\u00eancia<\/strong>? Se est\u00e1 envolvido no mercado imobili\u00e1rio, \u00e9 capaz de estar familiarizado com o tema. No entanto, caso esteja fora do assunto, pode ter d\u00favidas. Neste artigo vamos esclarecer tudo o que precisa de saber sobre <strong>direito de prefer\u00eancia <\/strong>em <strong>pr\u00e9dios urbanos<\/strong>.<\/p>\n\n\n\n<div style=\"height:30px\" aria-hidden=\"true\" class=\"wp-block-spacer\"><\/div>\n\n\n\n<h2 class=\"wp-block-heading\"><strong>O que \u00e9 um pr\u00e9dio urbano?<\/strong><\/h2>\n\n\n\n<p>Comecemos pelo b\u00e1sico. O que \u00e9 um <strong>pr\u00e9dio urbano<\/strong>?<\/p>\n\n\n\n<p>Um pr\u00e9dio urbano \u00e9 um edif\u00edcio destinado a diversas funcionalidades, desde habita\u00e7\u00e3o, a com\u00e9rcio ou mesmo exerc\u00edcio de outras profiss\u00f5es (escrit\u00f3rios de advocacia, ag\u00eancias publicidade e marketing, institui\u00e7\u00f5es financeiras) dentro das v\u00e1rias ind\u00fastrias.<\/p>\n\n\n\n<div style=\"height:45px\" aria-hidden=\"true\" class=\"wp-block-spacer\"><\/div>\n\n\n\n<h2 class=\"wp-block-heading\"><strong>O que \u00e9 direito de prefer\u00eancia?<\/strong><\/h2>\n\n\n\n<p>O <a href=\"https:\/\/www.imovirtual.com\/noticias\/imobiliario\/direito-de-preferencia\/\"><strong><mark style=\"background-color:rgba(0, 0, 0, 0)\" class=\"has-inline-color has-vivid-cyan-blue-color\">direito de prefer\u00eancia<\/mark><\/strong><\/a> est\u00e1 inclu\u00eddo no <strong>C\u00f3digo Civil<\/strong>, e refere-se \u00e0 obriga\u00e7\u00e3o de dar prefer\u00eancia a uma determinada pessoa na venda de um bem. No que diz respeito a <strong>direito de prefer\u00eancia<\/strong> em <strong>pr\u00e9dios urbanos<\/strong>, o bem em quest\u00e3o \u00e9 o im\u00f3vel para compra ou venda, que pode ser discutido entre duas partes. Isto significa que pode ser necess\u00e1rio dar prefer\u00eancia \u00e0 pessoa ou entidade governamental que tem prioridade nesta transa\u00e7\u00e3o se o propriet\u00e1rio quiser vender a sua propriedade. O titular do<strong> direito de prefer\u00eancia <\/strong>pode ent\u00e3o optar por exercer ou n\u00e3o o seu direito.<\/p>\n\n\n\n<div style=\"height:45px\" aria-hidden=\"true\" class=\"wp-block-spacer\"><\/div>\n\n\n\n<h2 class=\"wp-block-heading\"><strong>Como funciona o direito de prefer\u00eancia?<\/strong><\/h2>\n\n\n\n<p>O <strong>direito de prefer\u00eancia<\/strong> concentra-se em entidades p\u00fablicas, nas zonas determinadas por \u201czonas de press\u00e3o urban\u00edstica\u201d. Essas s\u00e3o as zonas de dificuldade de acesso \u00e0 habita\u00e7\u00e3o, em que existe pouca oferta e muita necessidade.<\/p>\n\n\n\n<p><strong>Quem tem direito de prefer\u00eancia na compra do im\u00f3vel? <\/strong>As entidades que podem exercer o <strong>direito de prefer\u00eancia<\/strong> s\u00e3o o Estado, C\u00e2maras Municipais, Regi\u00f5es Aut\u00f3nomas e a Dire\u00e7\u00e3o-Geral do Patrim\u00f3nio Cultural. O <strong>direito de prefer\u00eancia<\/strong> \u00e9 um instrumento de interven\u00e7\u00e3o governamental e de aplica\u00e7\u00e3o de pol\u00edticas. Por exemplo, o Estado e os Munic\u00edpios utilizam-no para a reabilita\u00e7\u00e3o urbana, a preserva\u00e7\u00e3o do patrim\u00f3nio e a reforma da utiliza\u00e7\u00e3o dos solos.<\/p>\n\n\n\n<p>Qual \u00e9 o <strong>prazo para exercer direito de prefer\u00eancia <\/strong>nos <strong>pr\u00e9dios urbanos<\/strong>? Caso seja o propriet\u00e1rio e precise de alertar o seu inquilino sobre o <strong>direito de prefer\u00eancia<\/strong> de <strong>pr\u00e9dios urbanos<\/strong>, deve enviar uma carta registada com aviso de rece\u00e7\u00e3o. Posteriormente, o arrendat\u00e1rio tem um <strong>prazo<\/strong> de 30 dias para atuar.<\/p>\n\n\n\n<p>Agora que sabe <strong>como pedir direito de prefer\u00eancia<\/strong>, e qual o prazo para que os direitos sejam exercidos, vamos esclarecer o pr\u00f3ximo ponto.<\/p>\n\n\n\n<div style=\"height:30px\" aria-hidden=\"true\" class=\"wp-block-spacer\"><\/div>\n\n\n\n<figure class=\"wp-block-image size-large\"><img loading=\"lazy\" decoding=\"async\" width=\"1024\" height=\"683\" src=\"https:\/\/www.imovirtual.com\/noticias\/wp-content\/uploads\/2023\/10\/pexels-photomix-company-101808-1024x683.jpg\" alt=\"direito de prefer\u00eancia terreno para constru\u00e7\u00e3o\" class=\"wp-image-4772\" srcset=\"https:\/\/www.imovirtual.com\/noticias\/wp-content\/uploads\/2023\/10\/pexels-photomix-company-101808-1024x683.jpg 1024w, https:\/\/www.imovirtual.com\/noticias\/wp-content\/uploads\/2023\/10\/pexels-photomix-company-101808-300x200.jpg 300w, https:\/\/www.imovirtual.com\/noticias\/wp-content\/uploads\/2023\/10\/pexels-photomix-company-101808-768x512.jpg 768w, https:\/\/www.imovirtual.com\/noticias\/wp-content\/uploads\/2023\/10\/pexels-photomix-company-101808-1536x1024.jpg 1536w, https:\/\/www.imovirtual.com\/noticias\/wp-content\/uploads\/2023\/10\/pexels-photomix-company-101808-2048x1365.jpg 2048w\" sizes=\"auto, (max-width: 1024px) 100vw, 1024px\" \/><\/figure>\n\n\n\n<div style=\"height:45px\" aria-hidden=\"true\" class=\"wp-block-spacer\"><\/div>\n\n\n\n<h2 class=\"wp-block-heading\"><strong>Como pedir direito de prefer\u00eancia<\/strong><\/h2>\n\n\n\n<p>Para pedir <strong>direito de prefer\u00eancia<\/strong>, deve colocar um an\u00fancio para o exerc\u00edcio deste direito presente na legisla\u00e7\u00e3o, e incluir os seguintes dados:<\/p>\n\n\n\n<ul class=\"wp-block-list\">\n<li>Informa\u00e7\u00e3o sobre quem faz o pedido;<\/li>\n\n\n\n<li>Vendedor e comprador;<\/li>\n\n\n\n<li>Identifica\u00e7\u00e3o e localiza\u00e7\u00e3o do im\u00f3vel;<\/li>\n\n\n\n<li>Valor de compra e venda;<\/li>\n\n\n\n<li>Data prevista do neg\u00f3cio.<\/li>\n<\/ul>\n\n\n\n<p>Para publicar o an\u00fancio, basta pagar um valor \u00e0 imobili\u00e1ria e caso nenhuma entidade se manifeste no prazo de 10 dias, pode avan\u00e7ar com a venda do im\u00f3vel.<\/p>\n\n\n\n<div style=\"height:45px\" aria-hidden=\"true\" class=\"wp-block-spacer\"><\/div>\n\n\n\n<h2 class=\"wp-block-heading\"><strong>Como evitar direito de prefer\u00eancia<\/strong><\/h2>\n\n\n\n<p>A n\u00e3o ser que um inquilino tenha residido num im\u00f3vel por menos de dois anos, ou que o im\u00f3vel esteja localizado numa \u00e1rea que n\u00e3o esteja sujeita a press\u00f5es urban\u00edsticas ou que n\u00e3o seja identificada no Programa Nacional de Habita\u00e7\u00e3o, \u00e9 proibido<strong> evitar o direito de prefer\u00eancia<\/strong> na venda de <strong>pr\u00e9dios urbanos<\/strong>. \u00c9 mandat\u00f3rio cumprir a legisla\u00e7\u00e3o vigente.<\/p>\n\n\n\n<p>Os propriet\u00e1rios de <strong>terrenos confinantes <\/strong>n\u00e3o usufruem do <strong>direito de prefer\u00eancia<\/strong> nos seguintes casos:<\/p>\n\n\n\n<ul class=\"wp-block-list\">\n<li>Quando algum terreno faz parte de um <strong>pr\u00e9dio urbano<\/strong> e se destine a fins que n\u00e3o sejam culturais;<\/li>\n\n\n\n<li>Quando a constru\u00e7\u00e3o que faz parte do terreno constr\u00f3i uma explora\u00e7\u00e3o agr\u00edcola de tipo familiar.<\/li>\n<\/ul>\n\n\n\n<p>Quer seja inquilino ou propriet\u00e1rio, \u00e9 importante manter-se informado sobre os seus direitos. Saiba tudo sobre os seus direitos e deveres como inquilino<mark style=\"background-color:rgba(0, 0, 0, 0)\" class=\"has-inline-color has-vivid-cyan-blue-color\"> <a href=\"https:\/\/www.imovirtual.com\/noticias\/imobiliario\/saiba-direitos-e-deveres-inquilino\/\">aqui<\/a><\/mark>. Pode ler tamb\u00e9m sobre os direitos e deveres dos senhorios <a href=\"https:\/\/www.imovirtual.com\/noticias\/imobiliario\/direitos-deveres-senhorios\/\"><mark style=\"background-color:rgba(0, 0, 0, 0)\" class=\"has-inline-color has-vivid-cyan-blue-color\">aqui<\/mark><\/a>.<\/p>\n","protected":false},"excerpt":{"rendered":"<p>Como funciona o direito de prefer\u00eancia em pr\u00e9dios urbanos? Explicamos tudo no nosso artigo, desde como pedir a como evitar!<\/p>\n","protected":false},"author":3,"featured_media":4773,"comment_status":"open","ping_status":"open","sticky":true,"template":"","format":"standard","meta":{"footnotes":""},"categories":[37,5],"tags":[],"class_list":["post-4771","post","type-post","status-publish","format-standard","has-post-thumbnail","hentry","category-financas-e-imobiliario","category-imobiliario"],"_links":{"self":[{"href":"https:\/\/www.imovirtual.com\/noticias\/wp-json\/wp\/v2\/posts\/4771","targetHints":{"allow":["GET"]}}],"collection":[{"href":"https:\/\/www.imovirtual.com\/noticias\/wp-json\/wp\/v2\/posts"}],"about":[{"href":"https:\/\/www.imovirtual.com\/noticias\/wp-json\/wp\/v2\/types\/post"}],"author":[{"embeddable":true,"href":"https:\/\/www.imovirtual.com\/noticias\/wp-json\/wp\/v2\/users\/3"}],"replies":[{"embeddable":true,"href":"https:\/\/www.imovirtual.com\/noticias\/wp-json\/wp\/v2\/comments?post=4771"}],"version-history":[{"count":0,"href":"https:\/\/www.imovirtual.com\/noticias\/wp-json\/wp\/v2\/posts\/4771\/revisions"}],"wp:featuredmedia":[{"embeddable":true,"href":"https:\/\/www.imovirtual.com\/noticias\/wp-json\/wp\/v2\/media\/4773"}],"wp:attachment":[{"href":"https:\/\/www.imovirtual.com\/noticias\/wp-json\/wp\/v2\/media?parent=4771"}],"wp:term":[{"taxonomy":"category","embeddable":true,"href":"https:\/\/www.imovirtual.com\/noticias\/wp-json\/wp\/v2\/categories?post=4771"},{"taxonomy":"post_tag","embeddable":true,"href":"https:\/\/www.imovirtual.com\/noticias\/wp-json\/wp\/v2\/tags?post=4771"}],"curies":[{"name":"wp","href":"https:\/\/api.w.org\/{rel}","templated":true}]}}