{"id":4751,"date":"2023-09-27T12:00:00","date_gmt":"2023-09-27T12:00:00","guid":{"rendered":"https:\/\/www.imovirtual.com\/noticias\/?p=4751"},"modified":"2024-09-02T14:43:34","modified_gmt":"2024-09-02T14:43:34","slug":"crise-habitacao-o-que-fazem-os-outros-paises","status":"publish","type":"post","link":"https:\/\/www.imovirtual.com\/noticias\/novidades\/crise-habitacao-o-que-fazem-os-outros-paises\/","title":{"rendered":"Crise Habita\u00e7\u00e3o: O que fazem os outros pa\u00edses?"},"content":{"rendered":"\n<div style=\"height:30px\" aria-hidden=\"true\" class=\"wp-block-spacer\"><\/div>\n\n\n\n<p>A car\u00eancia de <strong>habita\u00e7\u00e3o<\/strong> adequada \u00e9 um problema crescente que tem vindo a afetar milhares de pessoas nos dias de hoje e que tem uma influ\u00eancia imediata na sua qualidade de vida e nas suas necessidades b\u00e1sicas. Por conseguinte, o crescimento social e econ\u00f3mico dos pa\u00edses tamb\u00e9m \u00e9 afetado.<\/p>\n\n\n\n<p>Enfrentar a crise habitacional tem levado \u00e0 necessidade de a\u00e7\u00f5es por parte do governo, para combater este problema. \u00c9 nesse \u00e2mbito que os habitantes esperam que sejam desenvolvidas solu\u00e7\u00f5es efetivas e sustent\u00e1veis, incluindo a implementa\u00e7\u00e3o de pol\u00edticas de habita\u00e7\u00e3o inclusivas, para garantir o direito \u00e0 <strong>habita\u00e7\u00e3o<\/strong> com condi\u00e7\u00f5es favor\u00e1veis.<\/p>\n\n\n\n<div style=\"height:30px\" aria-hidden=\"true\" class=\"wp-block-spacer\"><\/div>\n\n\n\n<h2 class=\"wp-block-heading\"><strong>Crise habitacional em Portugal<\/strong><\/h2>\n\n\n\n<p>A crise habitacional que se tem vivido em Portugal faz-se notar sobretudo na disparidade entre os pre\u00e7os dos im\u00f3veis e os sal\u00e1rios dos trabalhadores, que s\u00e3o incompat\u00edveis e tornam invi\u00e1vel adquirir uma casa, seja por compra ou arrendamento. Nos <a href=\"https:\/\/www.imovirtual.com\/noticias\/imoblog\/barometro-preco-casas-abril-2023-vender-e-arrendar\/\"><mark style=\"background-color:rgba(0, 0, 0, 0)\" class=\"has-inline-color has-vivid-cyan-blue-color\">bar\u00f3metros<\/mark><\/a> mensais do Imovirtual, pode conferir a evolu\u00e7\u00e3o dos pre\u00e7os das casas nos distritos de Portugal. Uma das iniciativas do governo foi a cria\u00e7\u00e3o do pacote Mais Habita\u00e7\u00e3o, desenvolvido com o intuito de ajudar a combater a crise habitacional, criando medidas espec\u00edficas para tal. Pode informar-se melhor sobre as necessidades e medidas do pacote <a href=\"https:\/\/www.imovirtual.com\/noticias\/noticias\/reforma-da-habitacao-e-propostas-do-governo\/\"><mark style=\"background-color:rgba(0, 0, 0, 0)\" class=\"has-inline-color has-vivid-cyan-blue-color\">aqui<\/mark><\/a> no nosso artigo sobre o tema.<\/p>\n\n\n\n<p>Embora j\u00e1 tenham sido tomadas algumas medidas, continua a haver necessidade de mudan\u00e7as para melhorar a situa\u00e7\u00e3o habitacional em Portugal. Qual \u00e9 a situa\u00e7\u00e3o nos outros pa\u00edses europeus?<\/p>\n\n\n\n<div style=\"height:30px\" aria-hidden=\"true\" class=\"wp-block-spacer\"><\/div>\n\n\n\n<figure class=\"wp-block-image size-full\"><img loading=\"lazy\" decoding=\"async\" width=\"760\" height=\"500\" src=\"https:\/\/www.imovirtual.com\/noticias\/wp-content\/uploads\/2023\/09\/img_02-4.jpg\" alt=\"habita\u00e7\u00e3o jovem\" class=\"wp-image-4752\" srcset=\"https:\/\/www.imovirtual.com\/noticias\/wp-content\/uploads\/2023\/09\/img_02-4.jpg 760w, https:\/\/www.imovirtual.com\/noticias\/wp-content\/uploads\/2023\/09\/img_02-4-300x197.jpg 300w\" sizes=\"auto, (max-width: 760px) 100vw, 760px\" \/><\/figure>\n\n\n\n<div style=\"height:35px\" aria-hidden=\"true\" class=\"wp-block-spacer\"><\/div>\n\n\n\n<h2 class=\"wp-block-heading\"><strong>Situa\u00e7\u00e3o de habita\u00e7\u00e3o na Europa &#8211; o que fazem os pa\u00edses?<\/strong><\/h2>\n\n\n\n<p>O problema da <strong>habita\u00e7\u00e3o prec\u00e1ria<\/strong> n\u00e3o \u00e9 exclusivo a Portugal. Nos <strong>pa\u00edses desenvolvidos<\/strong> da Europa, a situa\u00e7\u00e3o tem-se vindo a agravar ao longo do tempo. Segundo o <a href=\"https:\/\/ec.europa.eu\/eurostat\"><mark style=\"background-color:rgba(0, 0, 0, 0)\" class=\"has-inline-color has-vivid-cyan-blue-color\">Gabinete de Estat\u00edsticas da Uni\u00e3o Europeia<\/mark><\/a>, os pre\u00e7os das casas t\u00eam vindo a aumentar nos \u00faltimos anos.<\/p>\n\n\n\n<p>Segundo as <a href=\"https:\/\/ec.europa.eu\/eurostat\/statistics-explained\/index.php?title=Housing_price_statistics_-_house_price_index\"><mark style=\"background-color:rgba(0, 0, 0, 0)\" class=\"has-inline-color has-vivid-cyan-blue-color\">Estat\u00edsticas de Pre\u00e7os de Habita\u00e7\u00e3o<\/mark><\/a>, sete Estados-Membros da UE registaram um aumento anual dos pre\u00e7os das casas superior a 10% no quarto trimestre de 2022. Destacam-se a Cro\u00e1cia (+17,3%), a Est\u00f3nia (+16,9%), a Hungria (+16,5%) e a Litu\u00e2nia (+16,0%) que tiveram os aumentos de pre\u00e7os mais elevados, enquanto a Dinamarca (-6,5%), a Su\u00e9cia (-3,7%), a Alemanha (-3,6%) e a Finl\u00e2ndia (-2,3%) registaram as maiores descidas de pre\u00e7os.<\/p>\n\n\n\n<p>Segundo dados do <a href=\"https:\/\/www.europarl.europa.eu\/workingpapers\/soci\/w14\/summary_pt.htm\"><mark style=\"background-color:rgba(0, 0, 0, 0)\" class=\"has-inline-color has-vivid-cyan-blue-color\">Parlamento Europeu<\/mark><\/a>, no que toca a <strong>medidas <\/strong>de <strong>habita\u00e7\u00e3o <\/strong>na <strong>Europa<\/strong>, as tend\u00eancias em v\u00e1rias pol\u00edticas de habita\u00e7\u00e3o t\u00eam sido:<\/p>\n\n\n\n<ul class=\"wp-block-list\">\n<li>a cria\u00e7\u00e3o de leis que obriguem a que existam regras m\u00ednimas no que diz respeito \u00e0 <strong>habita\u00e7\u00e3o<\/strong>;<\/li>\n\n\n\n<li>imposi\u00e7\u00e3o de limites de aluguer no setor privado;<\/li>\n\n\n\n<li>disponibiliza\u00e7\u00e3o de <strong>habita\u00e7\u00e3o <\/strong>de car\u00e1ter social e consequentes mudan\u00e7as na qualidade de vida dos habitantes.<\/li>\n<\/ul>\n\n\n\n<p>As pol\u00edticas de habita\u00e7\u00e3o dos Estados-Membros da UE dividem-se em quatro grupos, sendo que a situa\u00e7\u00e3o \u00e9 a seguinte:<\/p>\n\n\n\n<ol class=\"wp-block-list\">\n<li>Pa\u00edses Baixos, Su\u00e9cia e Reino Unido &#8211; A interven\u00e7\u00e3o significativa do Estado \u00e9 uma caracter\u00edstica forte destes pa\u00edses, cujos governos gastam mais de 3% do seu PIB em programas de <strong>habita\u00e7\u00e3o<\/strong> e t\u00eam os maiores setores de habita\u00e7\u00e3o social da Uni\u00e3o Europeia.<\/li>\n\n\n\n<li>\u00c1ustria, Dinamarca, Fran\u00e7a e Alemanha &#8211; Com menos altera\u00e7\u00f5es no mercado, estes pa\u00edses t\u00eam extensos setores de alojamento privado para aluguer, sendo que a despesa p\u00fablica para a pol\u00edtica relativa \u00e0 <strong>habita\u00e7\u00e3o<\/strong> est\u00e1 habitualmente compreendida entre 1 e 2% do PIB;<\/li>\n\n\n\n<li>Irlanda, It\u00e1lia, B\u00e9lgica, Finl\u00e2ndia e Luxemburgo &#8211; Cada um destes pa\u00edses tem um setor consider\u00e1vel de <strong>habita\u00e7\u00e3o<\/strong> ocupado pelo propriet\u00e1rio e um setor de arrendamento social m\u00ednimo. O limite t\u00edpico da despesa p\u00fablica com a habita\u00e7\u00e3o \u00e9 de 1% do PIB;<\/li>\n\n\n\n<li>Portugal, Espanha e Gr\u00e9cia &#8211; Nestes pa\u00edses, o setor da <strong>habita\u00e7\u00e3o<\/strong> ocupado pelos propriet\u00e1rios \u00e9 significativamente vasto, enquanto a oferta de habita\u00e7\u00e3o social para arrendamento \u00e9 escassa e (at\u00e9 recentemente) a oferta de habita\u00e7\u00e3o privada para arrendamento de qualidade modesta est\u00e1 a diminuir. Menos de 1% do PIB \u00e9 gasto pelo governo na pol\u00edtica de habita\u00e7\u00e3o.<\/li>\n<\/ol>\n\n\n\n<p>A <strong>crise da habita\u00e7\u00e3o<\/strong> tem sido problem\u00e1tica nos v\u00e1rios pa\u00edses, em particular para os jovens, que cada vez mais t\u00eam dificuldade em adquirir uma casa.<strong> <\/strong>Com os pre\u00e7os das casas cada vez mais elevados, os jovens t\u00eam dificuldade em sair de casa dos pais para come\u00e7arem uma nova etapa nas suas vidas.<\/p>\n\n\n\n<p>Segundo dados da <a href=\"https:\/\/ec.europa.eu\/eurostat\/statistics-explained\/index.php?title=Age_of_young_people_leaving_their_parental_household&amp;action=statexp-seat&amp;lang=pt\"><mark style=\"background-color:rgba(0, 0, 0, 0)\" class=\"has-inline-color has-vivid-cyan-blue-color\">Uni\u00e3o Europeia<\/mark><\/a>, em Portugal, na Cro\u00e1cia, na Eslov\u00e1quia, na Gr\u00e9cia e na Bulg\u00e1ria, os jovens saem de casa dos pais depois dos 30 anos de idade. J\u00e1 em pa\u00edses como a Est\u00f3nia, a Dinamarca, a Finl\u00e2ndia e a Su\u00e9cia, os jovens saem de casa com 23 anos ou menos.<\/p>\n\n\n\n<p>Constatou-se que a idade m\u00e9dia mais elevada para os jovens deixarem o agregado familiar foi de 33,6 anos e verificou-se em Portugal. Em Espanha, a realidade tamb\u00e9m n\u00e3o \u00e9 favor\u00e1vel para os jovens, sendo que 80% entre os 18 e 34 anos n\u00e3o conseguem sair de casa dos pais. Dadas as circunst\u00e2ncias, o governo espanhol desenvolveu medidas para ajudar os jovens a comprar casa a cr\u00e9dito, assegurando uma percentagem de 20% do valor dos empr\u00e9stimos.<\/p>\n\n\n\n<p>\u00c9 crucial reconhecer a import\u00e2ncia de prestar aux\u00edlio aos jovens em Portugal para que possam obter melhores condi\u00e7\u00f5es financeiras e adquirir uma habita\u00e7\u00e3o.<\/p>\n\n\n\n<p>A crise habitacional em Portugal e as dificuldades financeiras que os jovens enfrentam t\u00eam n\u00e3o s\u00f3 um impacto significativo no seu pr\u00f3prio bem-estar, mas tamb\u00e9m no crescimento econ\u00f3mico e social do pa\u00eds.<\/p>\n","protected":false},"excerpt":{"rendered":"<p>Qual \u00e9 a situa\u00e7\u00e3o de habita\u00e7\u00e3o que se vive em Portugal e nos outros pa\u00edses da Europa? Informe-se sobre este assunto no nosso artigo!<\/p>\n","protected":false},"author":3,"featured_media":4753,"comment_status":"open","ping_status":"open","sticky":true,"template":"","format":"standard","meta":{"footnotes":""},"categories":[4,36],"tags":[],"class_list":["post-4751","post","type-post","status-publish","format-standard","has-post-thumbnail","hentry","category-novidades","category-profissionais"],"_links":{"self":[{"href":"https:\/\/www.imovirtual.com\/noticias\/wp-json\/wp\/v2\/posts\/4751","targetHints":{"allow":["GET"]}}],"collection":[{"href":"https:\/\/www.imovirtual.com\/noticias\/wp-json\/wp\/v2\/posts"}],"about":[{"href":"https:\/\/www.imovirtual.com\/noticias\/wp-json\/wp\/v2\/types\/post"}],"author":[{"embeddable":true,"href":"https:\/\/www.imovirtual.com\/noticias\/wp-json\/wp\/v2\/users\/3"}],"replies":[{"embeddable":true,"href":"https:\/\/www.imovirtual.com\/noticias\/wp-json\/wp\/v2\/comments?post=4751"}],"version-history":[{"count":0,"href":"https:\/\/www.imovirtual.com\/noticias\/wp-json\/wp\/v2\/posts\/4751\/revisions"}],"wp:featuredmedia":[{"embeddable":true,"href":"https:\/\/www.imovirtual.com\/noticias\/wp-json\/wp\/v2\/media\/4753"}],"wp:attachment":[{"href":"https:\/\/www.imovirtual.com\/noticias\/wp-json\/wp\/v2\/media?parent=4751"}],"wp:term":[{"taxonomy":"category","embeddable":true,"href":"https:\/\/www.imovirtual.com\/noticias\/wp-json\/wp\/v2\/categories?post=4751"},{"taxonomy":"post_tag","embeddable":true,"href":"https:\/\/www.imovirtual.com\/noticias\/wp-json\/wp\/v2\/tags?post=4751"}],"curies":[{"name":"wp","href":"https:\/\/api.w.org\/{rel}","templated":true}]}}