{"id":4699,"date":"2023-07-11T14:00:44","date_gmt":"2023-07-11T14:00:44","guid":{"rendered":"https:\/\/www.imovirtual.com\/noticias\/?p=4699"},"modified":"2023-07-11T14:06:33","modified_gmt":"2023-07-11T14:06:33","slug":"barometro-preco-casas-junho-2023-vender-e-arrendar","status":"publish","type":"post","link":"https:\/\/www.imovirtual.com\/noticias\/relatorio-de-precos\/barometro-preco-casas-junho-2023-vender-e-arrendar\/","title":{"rendered":"Bar\u00f3metro. Pre\u00e7o das casas em junho de 2023: venda e arrendamento"},"content":{"rendered":"\n<h2 class=\"wp-block-heading\"><strong>Quanto custa comprar uma casa em Portugal?<\/strong><\/h2>\n\n\n\n<p>Como est\u00e3o os pre\u00e7os das casas em Portugal este m\u00eas para vender ou arrendar? Neste bar\u00f3metro vamos analisar a evolu\u00e7\u00e3o do m\u00eas de <strong>junho<\/strong> face ao m\u00eas anterior, e comparar ao per\u00edodo hom\u00f3logo.<\/p>\n\n\n\n<p>Como primeira nota, verifica-se que o <strong>pre\u00e7o m\u00e9dio de venda<\/strong> estabilizou em <strong>junho<\/strong>, comparativamente a maio, fixando-se atualmente em 413.641\u20ac.<\/p>\n\n\n\n<p>Os distritos em destaque no Continente, no que diz respeito ao <strong>maior aumento do pre\u00e7o m\u00e9dio de venda<\/strong> em <strong>junho<\/strong>, foram <strong>Portalegre<\/strong>, com uma subida de 3,4%, assentando em 126.646\u20ac, seguindo-se <strong>Beja<\/strong> (+2,5%) e <strong>Vila Real<\/strong> (+2,5%) com os valores fixos em 181.126\u20ac e 190.151\u20ac respetivamente.<\/p>\n\n\n\n<p><strong>\u00c9vora<\/strong> e <strong>Guarda<\/strong> assinalaram um <strong>decr\u00e9scimo forte<\/strong> comparativamente aos outros distritos, com descidas de -4,8%, -3,1% e -2,8% respetivamente.<\/p>\n\n\n\n<p>Nas tabelas abaixo pode conferir os valores m\u00e9dios e percentuais \u2013 e os comparativos entre <strong>maio <\/strong>e <strong>junho<\/strong> e varia\u00e7\u00e3o com o per\u00edodo hom\u00f3logo de 2022 \u2013 nos distritos de Portugal.<\/p>\n\n\n\n<div style=\"height:45px\" aria-hidden=\"true\" class=\"wp-block-spacer\"><\/div>\n\n\n\n<figure class=\"wp-block-image size-large\"><img loading=\"lazy\" decoding=\"async\" width=\"636\" height=\"1024\" src=\"https:\/\/www.imovirtual.com\/noticias\/wp-content\/uploads\/2023\/07\/Sale-mensal-636x1024.jpg\" alt=\"pre\u00e7os das casas\" class=\"wp-image-4700\" srcset=\"https:\/\/www.imovirtual.com\/noticias\/wp-content\/uploads\/2023\/07\/Sale-mensal-636x1024.jpg 636w, https:\/\/www.imovirtual.com\/noticias\/wp-content\/uploads\/2023\/07\/Sale-mensal-186x300.jpg 186w, https:\/\/www.imovirtual.com\/noticias\/wp-content\/uploads\/2023\/07\/Sale-mensal-768x1237.jpg 768w, https:\/\/www.imovirtual.com\/noticias\/wp-content\/uploads\/2023\/07\/Sale-mensal.jpg 816w\" sizes=\"auto, (max-width: 636px) 100vw, 636px\" \/><\/figure>\n\n\n\n<div style=\"height:30px\" aria-hidden=\"true\" class=\"wp-block-spacer\"><\/div>\n\n\n\n<figure class=\"wp-block-image size-large\"><img loading=\"lazy\" decoding=\"async\" width=\"636\" height=\"1024\" src=\"https:\/\/www.imovirtual.com\/noticias\/wp-content\/uploads\/2023\/07\/Sale-anual-636x1024.jpg\" alt=\"pre\u00e7os das casas\" class=\"wp-image-4701\" srcset=\"https:\/\/www.imovirtual.com\/noticias\/wp-content\/uploads\/2023\/07\/Sale-anual-636x1024.jpg 636w, https:\/\/www.imovirtual.com\/noticias\/wp-content\/uploads\/2023\/07\/Sale-anual-186x300.jpg 186w, https:\/\/www.imovirtual.com\/noticias\/wp-content\/uploads\/2023\/07\/Sale-anual-768x1237.jpg 768w, https:\/\/www.imovirtual.com\/noticias\/wp-content\/uploads\/2023\/07\/Sale-anual.jpg 816w\" sizes=\"auto, (max-width: 636px) 100vw, 636px\" \/><\/figure>\n\n\n\n<div style=\"height:45px\" aria-hidden=\"true\" class=\"wp-block-spacer\"><\/div>\n\n\n\n<h2 class=\"wp-block-heading\"><strong>Quanto custa arrendar uma casa em Portugal?<\/strong><\/h2>\n\n\n\n<p>Relativamente ao <strong>valor m\u00e9dio dos im\u00f3veis para arrendar<\/strong>, de <strong>maio<\/strong> para <strong>junho<\/strong>, constata-se que os <strong>distritos<\/strong> com <strong>maior aumento de renda m\u00e9dia<\/strong> foram <strong>Portalegre<\/strong> (+25,4%) e <strong>Vila Real<\/strong> (+17%), com valores a subirem para 652\u20ac e 582\u20ac, respetivamente.<\/p>\n\n\n\n<p>J\u00e1 a <strong>maior descida da renda mensal<\/strong> verifica-se na <strong>Guarda<\/strong> (-10%), com o valor fixo em 429\u20ac atualmente. Segue-se o distrito de <strong>Castelo Branco<\/strong> com uma descida de 8,3%, sendo que a renda se encontra agora em 545\u20ac.<\/p>\n\n\n\n<p>Os <strong>distritos mais baratos para arrendar casa<\/strong> em <strong>junho<\/strong> s\u00e3o a <strong>Guarda<\/strong> (429\u20ac), <strong>Bragan\u00e7a <\/strong>(504\u20ac) e <strong>Castelo Branco <\/strong>(545\u20ac). <strong>Lisboa<\/strong> permanece o mais caro, com a renda m\u00e9dia acima de dois mil euros, fixando-se em 2.305\u20ac. <strong>Faro<\/strong>, <strong>Porto<\/strong> e <strong>Set\u00fabal<\/strong> tamb\u00e9m apresentam valores elevados de 1.434\u20ac, 1.424\u20ac e 1.305\u20ac, respetivamente. Pode verificar os dados nas tabelas abaixo.<\/p>\n\n\n\n<div style=\"height:35px\" aria-hidden=\"true\" class=\"wp-block-spacer\"><\/div>\n\n\n\n<figure class=\"wp-block-image size-large\"><img loading=\"lazy\" decoding=\"async\" width=\"636\" height=\"1024\" src=\"https:\/\/www.imovirtual.com\/noticias\/wp-content\/uploads\/2023\/07\/rent-mensal-4-636x1024.jpg\" alt=\"pre\u00e7os de casas para arrendar\" class=\"wp-image-4705\" srcset=\"https:\/\/www.imovirtual.com\/noticias\/wp-content\/uploads\/2023\/07\/rent-mensal-4-636x1024.jpg 636w, https:\/\/www.imovirtual.com\/noticias\/wp-content\/uploads\/2023\/07\/rent-mensal-4-186x300.jpg 186w, https:\/\/www.imovirtual.com\/noticias\/wp-content\/uploads\/2023\/07\/rent-mensal-4-768x1237.jpg 768w, https:\/\/www.imovirtual.com\/noticias\/wp-content\/uploads\/2023\/07\/rent-mensal-4.jpg 816w\" sizes=\"auto, (max-width: 636px) 100vw, 636px\" \/><\/figure>\n\n\n\n<div style=\"height:30px\" aria-hidden=\"true\" class=\"wp-block-spacer\"><\/div>\n\n\n\n<figure class=\"wp-block-image size-large\"><img loading=\"lazy\" decoding=\"async\" width=\"636\" height=\"1024\" src=\"https:\/\/www.imovirtual.com\/noticias\/wp-content\/uploads\/2023\/07\/rent-anual-2-636x1024.jpg\" alt=\"pre\u00e7os das casas para arrendar\" class=\"wp-image-4702\" srcset=\"https:\/\/www.imovirtual.com\/noticias\/wp-content\/uploads\/2023\/07\/rent-anual-2-636x1024.jpg 636w, https:\/\/www.imovirtual.com\/noticias\/wp-content\/uploads\/2023\/07\/rent-anual-2-186x300.jpg 186w, https:\/\/www.imovirtual.com\/noticias\/wp-content\/uploads\/2023\/07\/rent-anual-2-768x1237.jpg 768w, https:\/\/www.imovirtual.com\/noticias\/wp-content\/uploads\/2023\/07\/rent-anual-2.jpg 816w\" sizes=\"auto, (max-width: 636px) 100vw, 636px\" \/><\/figure>\n\n\n\n<div style=\"height:45px\" aria-hidden=\"true\" class=\"wp-block-spacer\"><\/div>\n\n\n\n<h2 class=\"wp-block-heading\"><strong>Varia\u00e7\u00e3o Anual: Junho 2022 vs Junho 2023<\/strong><\/h2>\n\n\n\n<p>Nos \u00faltimos doze meses,<strong> os pre\u00e7os das casas aumentaram 26 mil euros<\/strong>.<\/p>\n\n\n\n<p>Comparativamente ao per\u00edodo hom\u00f3logo de 2022, o <strong>distrito que registou um maior aumento no pre\u00e7o das casas<\/strong> foi <strong>Beja<\/strong> (+26,7%) com uma subida nos valores de 142.925\u20ac para 181.126\u20ac.<\/p>\n\n\n\n<p>Segue-se <strong>Castelo Branco <\/strong>&nbsp;com uma subida de 19,2%, passando de 118.239\u20ac para 140.977\u20ac, <strong>Santar\u00e9m<\/strong> (+17.5%), com uma diferen\u00e7a de 184.129\u20ac para 216.441\u20ac, <strong>Leiria<\/strong> (+17.3%), com um aumento de 246.376\u20ac para 289 024\u20ac, <strong>Guarda<\/strong> (+16,9%), com uma subida de 103.410\u20ac para 120.857\u20ac, e por fim <strong>Coimbra<\/strong> (+14.8%, passando de 194.920\u20ac para 223.845\u20ac).&nbsp;<\/p>\n\n\n\n<p>Face a <strong>junho<\/strong> de 2022, os \u00fanicos distritos que registaram uma <strong>quebra<\/strong> do <strong>pre\u00e7o m\u00e9dio de venda<\/strong> foram <strong>Lisboa<\/strong> (-0,5%) e <strong>\u00c9vora<\/strong> (-1%).<\/p>\n\n\n\n<p>Comparativamente com <strong>junho<\/strong> do ano passado, existiu uma <strong>subida dos valores de arrendamento<\/strong> de forma geral em praticamente todos os distritos, nomeadamente: <strong>Portalegre<\/strong> (+61.6%) que regista o <strong>maior aumento da renda m\u00e9dia<\/strong>, que passa de 403\u20ac para 652\u20ac; <strong>Lisboa<\/strong> (+53,5%), passando de 1501,61\u20ac para 2.305\u20ac,<strong> Leiria<\/strong> (+53%), passando de 674,89\u20ac para 1032\u20ac, e <strong>Viseu<\/strong> e <strong>Aveiro<\/strong> com uma subida de +30%.<\/p>\n\n\n\n<p>Continue a acompanhar a evolu\u00e7\u00e3o dos pre\u00e7os das casas para venda e arrendamento em Portugal nos nossos bar\u00f3metros mensais.<\/p>\n","protected":false},"excerpt":{"rendered":"<p>Quanto custa vender ou arrendar casa em Portugal? Confira o nosso bar\u00f3metro de junho de 2023 e acompanhe a evolu\u00e7\u00e3o dos pre\u00e7o das casas.<\/p>\n","protected":false},"author":3,"featured_media":4704,"comment_status":"open","ping_status":"open","sticky":true,"template":"","format":"standard","meta":{"footnotes":""},"categories":[2],"tags":[],"class_list":["post-4699","post","type-post","status-publish","format-standard","has-post-thumbnail","hentry","category-relatorio-de-precos"],"_links":{"self":[{"href":"https:\/\/www.imovirtual.com\/noticias\/wp-json\/wp\/v2\/posts\/4699","targetHints":{"allow":["GET"]}}],"collection":[{"href":"https:\/\/www.imovirtual.com\/noticias\/wp-json\/wp\/v2\/posts"}],"about":[{"href":"https:\/\/www.imovirtual.com\/noticias\/wp-json\/wp\/v2\/types\/post"}],"author":[{"embeddable":true,"href":"https:\/\/www.imovirtual.com\/noticias\/wp-json\/wp\/v2\/users\/3"}],"replies":[{"embeddable":true,"href":"https:\/\/www.imovirtual.com\/noticias\/wp-json\/wp\/v2\/comments?post=4699"}],"version-history":[{"count":0,"href":"https:\/\/www.imovirtual.com\/noticias\/wp-json\/wp\/v2\/posts\/4699\/revisions"}],"wp:featuredmedia":[{"embeddable":true,"href":"https:\/\/www.imovirtual.com\/noticias\/wp-json\/wp\/v2\/media\/4704"}],"wp:attachment":[{"href":"https:\/\/www.imovirtual.com\/noticias\/wp-json\/wp\/v2\/media?parent=4699"}],"wp:term":[{"taxonomy":"category","embeddable":true,"href":"https:\/\/www.imovirtual.com\/noticias\/wp-json\/wp\/v2\/categories?post=4699"},{"taxonomy":"post_tag","embeddable":true,"href":"https:\/\/www.imovirtual.com\/noticias\/wp-json\/wp\/v2\/tags?post=4699"}],"curies":[{"name":"wp","href":"https:\/\/api.w.org\/{rel}","templated":true}]}}