{"id":466,"date":"2022-04-01T00:00:00","date_gmt":"2022-04-01T00:00:00","guid":{"rendered":"https:\/\/www.imovirtual.com\/noticias2\/2022\/04\/01\/entrega-irs-comeca-hoje\/"},"modified":"2022-04-01T00:00:00","modified_gmt":"2022-04-01T00:00:00","slug":"entrega-irs-comeca-hoje","status":"publish","type":"post","link":"https:\/\/www.imovirtual.com\/noticias\/novidades\/entrega-irs-comeca-hoje\/","title":{"rendered":"Entrega do IRS come\u00e7a hoje"},"content":{"rendered":"<p class=\"css-8qfla4\">\n<p class=\"css-m5h6m0 edperro0\">\n<h1><strong>Entrega do IRS come\u00e7a hoje<\/strong><\/h1>\n<p>A partir desta quinta-feira e at\u00e9 30 de junho, come\u00e7a a entrega da declara\u00e7\u00e3o anual do IRS relativa aos rendimentos auferidos em 2021. Esta pode ser feita exclusivamente via eletr\u00f3nica, atrav\u00e9s do Portal das Finan\u00e7as. Note ainda que, aqueles que n\u00e3o tiverem acesso \u00e0 internet, podem deslocar-se a um dos locais com atendimento assistido.<\/p>\n<p>Note que a <strong>liquida\u00e7\u00e3o da declara\u00e7\u00e3o<\/strong> e a <strong>emiss\u00e3o do respetivo reembolso<\/strong> ou do pagamento do imposto<strong> vai depender de quando fizer a entrega a longo deste per\u00edodo<\/strong>.<\/p>\n<\/p>\n<h3>Veja: <a href=\"https:\/\/www.imovirtual.com\/noticias\/noticias\/as-datas-que-vao-marcar-o-processo-de-entrega-do-irs\" target=\"_blank\" rel=\"noopener\"><em><strong>IRS 2021: as datas que deve marcar no seu calend\u00e1rio<\/strong><\/em><\/a><\/h3>\n<\/p>\n<p>Se tem entre 18 e 26 anos, saiba que pode beneficiar do regime de <strong>IRS jovem<\/strong>, um regime especial de tributa\u00e7\u00e3o em IRS lan\u00e7ado em 2020 que consiste na isen\u00e7\u00e3o parcial dos rendimentos do trabalho dependente nos primeiros tr\u00eas anos em que estes s\u00e3o obtidos. Para isso, deve cumprir culminativamente os seguintes requisitos<\/p>\n<ul>\n<li>Ter entre os<strong> 18 e 26 anos<\/strong> de idade;<\/li>\n<li>Ter o<strong> ciclo de estudos n\u00edvel 4 <\/strong>ou superior conclu\u00eddo (ensino secund\u00e1rio por dupla certifica\u00e7\u00e3o ou vocacionado para prosseguimento de estudos superiores e com est\u00e1gio profissional, licenciatura, mestrado ou doutoramento);<\/li>\n<li>Ter um<strong> rendimento anual bruto de trabalho dependente<\/strong> (categoria A) igual ou inferior a 25.075 euros;<\/li>\n<li>J\u00e1 <strong>n\u00e3o estarem contemplados no agregado familiar dos pais<\/strong>, o que diz respeito ao preenchimento da declara\u00e7\u00e3o de IRS.<\/li>\n<\/ul>\n<p>Este benef\u00edcio fiscal dura tr\u00eas anos, ap\u00f3s a conclus\u00e3o do ciclo de estudos, desde que que as condi\u00e7\u00f5es acima mencionadas se mantenham. De acordo com o&nbsp;<a href=\"https:\/\/info.portaldasfinancas.gov.pt\/pt\/apoio_contribuinte\/Folhetos_informativos\/Documents\/IRS_Jovem.pdf\" target=\"_blank\" rel=\"noopener\">Portal das Finan\u00e7as<\/a> distribui-se da seguinte forma:<\/p>\n<ul>\n<li><strong>1.\u00ba ano<\/strong>: 30% com o limite de 3.291,08 euros (7,5xIAS);<\/li>\n<li><strong>2.\u00ba ano<\/strong>: 20% com o limite de 2.194,05 euros (5xIAS);<\/li>\n<li><strong>3.\u00ba ano<\/strong>: 10% com o limite de 1.097,03 euros (2,5xIAS).<\/li>\n<\/ul>\n<p>O IRS, abreviatura de <strong>Imposto sobre o Rendimento das Pessoas Singulares<\/strong>, \u00e9 o imposto que se encarrega de <strong>tributar o rendimento dos cidad\u00e3os<\/strong>. De acordo com as estat\u00edsticas do IRS de 2020, <strong>apenas 55,6% das fam\u00edlias que entregaram a declara\u00e7\u00e3o tiveram IRS liquidado<\/strong>.<\/p>\n<p class=\" block-img\"><img decoding=\"async\" src=\"https:\/\/www.imovirtual.com\/noticias\/wp-content\/uploads\/2022\/11\/35ce8fdc-7f6c-4930-b514-06c8b6107a8e_Joao-Miguel-Banner-2.png\" alt=\"Jo\u00e3o Miguel Autor Imovirtual Blog\"><\/p>\n<h5><em>Jo\u00e3o Miguel \u00e9 o homem dos n\u00fameros. O jeito para os n\u00fameros sempre foi inato, assim como o talento para a escrita. J\u00e1 tentou fazer um sem o outro, mas n\u00e3o foi bem sucedido na tarefa. Por isso, hoje escreve para a sec\u00e7\u00e3o &#8216;Finan\u00e7as&#8217; do Blog do Imovirtual.<\/em><\/h5>\n<\/p>\n<h4><strong>Saiba mais<\/strong><\/h4>\n<ul>\n<li><a href=\"https:\/\/www.imovirtual.com\/noticias\/noticias\/porto-quarteirao-carlos-alberto\" target=\"_blank\" rel=\"noopener\"><strong>C\u00e2mara do Porto<\/strong><\/a>&nbsp;abre concurso para reabilita\u00e7\u00e3o de edif\u00edcio no Quarteir\u00e3o de Carlos Alberto<\/li>\n<li><a href=\"https:\/\/www.imovirtual.com\/noticias\/noticias\/preco-das-casas-2021\" target=\"_blank\" rel=\"noopener\"><strong>Pre\u00e7o das casas<\/strong><\/a>&nbsp;sobe 11,7% em Lisboa e 10,3% no Porto<\/li>\n<li><a href=\"https:\/\/www.imovirtual.com\/noticias\/noticias\/numero-edificios-portugal-marktest-ine\" target=\"_blank\" rel=\"noopener\"><strong>N\u00famero de edif\u00edcios<\/strong><\/a>&nbsp;em Portugal aumentou na \u00faltima d\u00e9cada<\/li>\n<\/ul>\n<\/p>\n<div class=\"css-h5fkc8\"><strong>Ultima actualiza\u00e7\u00e3o:<\/strong> 01 abril 2022<\/div>\n","protected":false},"excerpt":{"rendered":"<p>Entrega do IRS come\u00e7a hoje A partir desta quinta-feira e at\u00e9 30 de junho, come\u00e7a a entrega da declara\u00e7\u00e3o anual do IRS relativa aos rendimentos auferidos em 2021. Esta pode ser feita exclusivamente via eletr\u00f3nica, atrav\u00e9s do Portal das Finan\u00e7as. Note ainda que, aqueles que n\u00e3o tiverem acesso \u00e0 internet, podem deslocar-se a um dos &hellip;<\/p>\n","protected":false},"author":3,"featured_media":467,"comment_status":"closed","ping_status":"open","sticky":false,"template":"","format":"standard","meta":{"footnotes":""},"categories":[4],"tags":[],"class_list":["post-466","post","type-post","status-publish","format-standard","has-post-thumbnail","hentry","category-novidades"],"_links":{"self":[{"href":"https:\/\/www.imovirtual.com\/noticias\/wp-json\/wp\/v2\/posts\/466","targetHints":{"allow":["GET"]}}],"collection":[{"href":"https:\/\/www.imovirtual.com\/noticias\/wp-json\/wp\/v2\/posts"}],"about":[{"href":"https:\/\/www.imovirtual.com\/noticias\/wp-json\/wp\/v2\/types\/post"}],"author":[{"embeddable":true,"href":"https:\/\/www.imovirtual.com\/noticias\/wp-json\/wp\/v2\/users\/3"}],"replies":[{"embeddable":true,"href":"https:\/\/www.imovirtual.com\/noticias\/wp-json\/wp\/v2\/comments?post=466"}],"version-history":[{"count":0,"href":"https:\/\/www.imovirtual.com\/noticias\/wp-json\/wp\/v2\/posts\/466\/revisions"}],"wp:featuredmedia":[{"embeddable":true,"href":"https:\/\/www.imovirtual.com\/noticias\/wp-json\/wp\/v2\/media\/467"}],"wp:attachment":[{"href":"https:\/\/www.imovirtual.com\/noticias\/wp-json\/wp\/v2\/media?parent=466"}],"wp:term":[{"taxonomy":"category","embeddable":true,"href":"https:\/\/www.imovirtual.com\/noticias\/wp-json\/wp\/v2\/categories?post=466"},{"taxonomy":"post_tag","embeddable":true,"href":"https:\/\/www.imovirtual.com\/noticias\/wp-json\/wp\/v2\/tags?post=466"}],"curies":[{"name":"wp","href":"https:\/\/api.w.org\/{rel}","templated":true}]}}