{"id":4635,"date":"2023-04-27T10:00:00","date_gmt":"2023-04-27T10:00:00","guid":{"rendered":"https:\/\/www.imovirtual.com\/noticias\/?p=4635"},"modified":"2023-04-26T18:04:19","modified_gmt":"2023-04-26T18:04:19","slug":"life-in-porto-o-novo-empreendimento-no-coracao-do-porto","status":"publish","type":"post","link":"https:\/\/www.imovirtual.com\/noticias\/novidades\/life-in-porto-o-novo-empreendimento-no-coracao-do-porto\/","title":{"rendered":"Life in Porto &#8211; o novo empreendimento no cora\u00e7\u00e3o do Porto"},"content":{"rendered":"\n<p>Quando falamos em <strong>empreendimentos novos <\/strong>no <strong>Porto<\/strong>, falamos de projetos inovadores, rent\u00e1veis e lucrativos que visam marcar a diferen\u00e7a em quem investe neles. \u00c9 nesta abordagem que surge uma proposta verdadeiramente \u00fanica.<\/p>\n\n\n\n<p>Chama-se <a href=\"https:\/\/sites.google.com\/portobaixa.pt\/lifeinporto\/in%C3%ADcio\"><mark style=\"background-color:rgba(0, 0, 0, 0)\" class=\"has-inline-color has-vivid-cyan-blue-color\">Life in Porto<\/mark><\/a> e promete ser um dos mais surpreendentes empreendimentos imobili\u00e1rios da cidade do Porto. Centralidade, qualidade arquitet\u00f3nica, tipologias diversas, sustentabilidade na constru\u00e7\u00e3o e no estilo de vida que proporciona s\u00e3o algumas das virtudes que o distinguem. Quer saber mais? Venha da\u00ed.<\/p>\n\n\n\n<div style=\"height:45px\" aria-hidden=\"true\" class=\"wp-block-spacer\"><\/div>\n\n\n\n<h2 class=\"wp-block-heading\"><strong>Sobre o Life in Porto<\/strong><\/h2>\n\n\n\n<p>\u00d3tima localiza\u00e7\u00e3o, arquitetura contempor\u00e2nea, excel\u00eancia nos acabamentos, tipologias para diferentes op\u00e7\u00f5es de habita\u00e7\u00e3o, sustentabilidade na constru\u00e7\u00e3o e no estilo de vida que<\/p>\n\n\n\n<p>proporciona\u2026 Sim, \u00e9 verdade que o Life in Porto re\u00fane todas estas caracter\u00edsticas, mas este empreendimento \u00e9 muito mais do que isso. \u00c9, sem d\u00favida e antes de mais, uma das \u00faltimas oportunidades para habitar ou investir no centro de uma cidade que continua em destaque por todo o mundo. Para quem procura <strong>viver e trabalhar no Porto<\/strong>, esta pode ser a ocasi\u00e3o ideal para avan\u00e7ar. Veja <a href=\"https:\/\/www.imovirtual.com\/noticias\/imobiliario\/as-cinco-melhores-zonas-para-viver-no-porto\/\">aqui<\/a> as melhores zonas para viver na cidade.<\/p>\n\n\n\n<p>Vale a pena recordar que o Porto foi eleito a melhor cidade europeia para viver em fam\u00edlia, num ranking criado pelo prestigiado portal noruegu\u00eas Sumo Finans. Este avaliou e pontuou as condi\u00e7\u00f5es de seguran\u00e7a, educa\u00e7\u00e3o, custo de vida e ofertas de atividades de lazer em 50 cidades europeias e n\u00e3o teve d\u00favidas em colocar a cidade do Porto em primeiro lugar. E se nos \u00faltimos anos a cidade j\u00e1 estava em evid\u00eancia, este reconhecimento mais do que redobrou a aten\u00e7\u00e3o sobre a oferta imobili\u00e1ria desta cidade. O que n\u00e3o falta s\u00e3o <strong>empreendimentos em constru\u00e7\u00e3o <\/strong>no <strong>Porto<\/strong>, mas afinal o que diferencia verdadeiramente o Life in Porto de outros projetos?<\/p>\n\n\n\n<div style=\"height:45px\" aria-hidden=\"true\" class=\"wp-block-spacer\"><\/div>\n\n\n\n<h2 class=\"wp-block-heading\"><strong>Ambiente tranquilo num contexto cosmopolita<\/strong><\/h2>\n\n\n\n<p>Sem mais, acreditamos que esta frase descreve bem e em poucas palavras, a proposta do Life in Porto. O melhor dos dois mundos. Estes <strong>apartamentos <\/strong>no <strong>Porto<\/strong>, localizados no cora\u00e7\u00e3o da cidade, fazem a correta combina\u00e7\u00e3o entre um ambiente tranquilo e o dinamismo de uma metr\u00f3pole moderna. Isso mesmo, trata-se de um <strong>projeto do Arquiteto Jos\u00e9 Gigante<\/strong>, que aposta em linhas contempor\u00e2neas, capazes de acolher com m\u00e1ximo conforto diferentes estilos de vida. Enquanto pe\u00e7a de arquitetura, o projeto est\u00e1 a gerar grande expectativa, j\u00e1 que <strong>Jos\u00e9 Gigante \u00e9 um profundo conhecedor <\/strong>da cidade. Importa relembrar que frequentou o curso de Arquitetura na Escola Superior de Belas Artes do Porto, que concluiu em 1981. Do seu vasto curr\u00edculo, constam ainda participa\u00e7\u00f5es como Professor Convidado no Departamento de Arquitetura da Faculdade de Ci\u00eancias e Tecnologia da Universidade de Coimbra (1998-2010) e Professor Convidado da Escola Superior de Artes e Design (2012-2015), em Matosinhos.<\/p>\n\n\n\n<div style=\"height:45px\" aria-hidden=\"true\" class=\"wp-block-spacer\"><\/div>\n\n\n\n<h2 class=\"wp-block-heading\"><strong>Zona central com f\u00e1cil acesso<\/strong><\/h2>\n\n\n\n<p>Gostamos de utilizar a express\u00e3o \u201cEverything So Close\u201d para descrever um dos principais argumentos deste projeto: a proximidade e a efici\u00eancia na mobilidade. \u00c9 verdade, a partir do Life in Porto, os principais pontos de refer\u00eancia da cidade ficam \u00e0 dist\u00e2ncia m\u00e1xima de 15 minutos a p\u00e9. Para quem procura <strong>comprar <\/strong>um <strong>apartamento no Porto<\/strong>, este \u00e9 um fator que pode ser decisivo!<\/p>\n\n\n\n<p>N\u00f3s quisemos passar pela experi\u00eancia de caminhar um pouco e percorrer alguns desses percursos para nos certificarmos das dist\u00e2ncias. De cron\u00f3metro em punho tamb\u00e9m aproveit\u00e1mos para fazer as contas. Ent\u00e3o, vamos \u00e0s conclus\u00f5es a que cheg\u00e1mos:<\/p>\n\n\n\n<ul class=\"wp-block-list\"><li><strong>A Esta\u00e7\u00e3o de Metro da Trindade est\u00e1 ali mesmo, a 11 minutos de dist\u00e2ncia a p\u00e9;<\/strong><\/li><li><strong>O renovado Mercado do Bolh\u00e3o fica a pouco mais de 10 minutos;<\/strong><\/li><li><strong>A Rua de Santa Catarina encontra-se a outros escassos 7 minutos;<\/strong><\/li><li><strong>A Avenida dos Aliados, em plena Baixa, fica a pouco mais de 15 minutos.<\/strong><\/li><\/ul>\n\n\n\n<p>Estes percursos &#8211; feitos a p\u00e9 \u2013 tamb\u00e9m proporcionam sempre agrad\u00e1veis vistas sobre a cidade, assim como a conviv\u00eancia com muitos dos recantos que ao longo dos anos foram tornando a cidade absolutamente \u00fanica!<\/p>\n\n\n\n<div style=\"height:45px\" aria-hidden=\"true\" class=\"wp-block-spacer\"><\/div>\n\n\n\n<h2 class=\"wp-block-heading\"><strong>Life in Porto: ofertas, dimens\u00e3o e espa\u00e7o<\/strong><\/h2>\n\n\n\n<p>A forma harmoniosa como o Life in Porto convive com uma<strong> \u00e1rea de constru\u00e7\u00e3o e 8300 m2<\/strong> \u00e9 surpreendente. <strong>\u00c9 neste espa\u00e7o que podemos encontrar um total de 108 habita\u00e7\u00f5es, distribu\u00eddas por 7 pisos<\/strong>. Todas t\u00eam acesso a <strong>espa\u00e7os comuns<\/strong>, que incluem<strong> jardins, lounge e at\u00e9 churrasqueira<\/strong>. Disp\u00f5em ainda de amplas varandas e, nalguns casos, de <strong>estacionamento<\/strong>, terra\u00e7o e jardim privativo.<\/p>\n\n\n\n<p>As tipologias s\u00e3o diversas e bem dimensionadas, outro t\u00f3pico a sublinhar neste empreendimento.<\/p>\n\n\n\n<div style=\"height:49px\" aria-hidden=\"true\" class=\"wp-block-spacer\"><\/div>\n\n\n\n<figure class=\"wp-block-image size-large\"><img loading=\"lazy\" decoding=\"async\" width=\"1024\" height=\"1024\" src=\"https:\/\/www.imovirtual.com\/noticias\/wp-content\/uploads\/2023\/04\/100Domus-LifeInPorto-Carrossel_01-1024x1024.png\" alt=\"apartamentos para venda porto\" class=\"wp-image-4636\" srcset=\"https:\/\/www.imovirtual.com\/noticias\/wp-content\/uploads\/2023\/04\/100Domus-LifeInPorto-Carrossel_01-1024x1024.png 1024w, https:\/\/www.imovirtual.com\/noticias\/wp-content\/uploads\/2023\/04\/100Domus-LifeInPorto-Carrossel_01-300x300.png 300w, https:\/\/www.imovirtual.com\/noticias\/wp-content\/uploads\/2023\/04\/100Domus-LifeInPorto-Carrossel_01-150x150.png 150w, https:\/\/www.imovirtual.com\/noticias\/wp-content\/uploads\/2023\/04\/100Domus-LifeInPorto-Carrossel_01-768x768.png 768w, https:\/\/www.imovirtual.com\/noticias\/wp-content\/uploads\/2023\/04\/100Domus-LifeInPorto-Carrossel_01.png 1080w\" sizes=\"auto, (max-width: 1024px) 100vw, 1024px\" \/><\/figure>\n\n\n\n<div style=\"height:40px\" aria-hidden=\"true\" class=\"wp-block-spacer\"><\/div>\n\n\n\n<p><strong>O Life in Porto inclui T0, T1 e T2<\/strong>. Pode investir em qualquer uma destas tipologias consoante os seus interesses e objetivos.<\/p>\n\n\n\n<div style=\"height:40px\" aria-hidden=\"true\" class=\"wp-block-spacer\"><\/div>\n\n\n\n<figure class=\"wp-block-image size-large\"><img loading=\"lazy\" decoding=\"async\" width=\"1024\" height=\"1024\" src=\"https:\/\/www.imovirtual.com\/noticias\/wp-content\/uploads\/2023\/04\/100Domus-LifeInPorto-Carrossel_02-1024x1024.png\" alt=\"compro t1 no porto\" class=\"wp-image-4637\" srcset=\"https:\/\/www.imovirtual.com\/noticias\/wp-content\/uploads\/2023\/04\/100Domus-LifeInPorto-Carrossel_02-1024x1024.png 1024w, https:\/\/www.imovirtual.com\/noticias\/wp-content\/uploads\/2023\/04\/100Domus-LifeInPorto-Carrossel_02-300x300.png 300w, https:\/\/www.imovirtual.com\/noticias\/wp-content\/uploads\/2023\/04\/100Domus-LifeInPorto-Carrossel_02-150x150.png 150w, https:\/\/www.imovirtual.com\/noticias\/wp-content\/uploads\/2023\/04\/100Domus-LifeInPorto-Carrossel_02-768x768.png 768w, https:\/\/www.imovirtual.com\/noticias\/wp-content\/uploads\/2023\/04\/100Domus-LifeInPorto-Carrossel_02.png 1080w\" sizes=\"auto, (max-width: 1024px) 100vw, 1024px\" \/><\/figure>\n\n\n\n<div style=\"height:40px\" aria-hidden=\"true\" class=\"wp-block-spacer\"><\/div>\n\n\n\n<p><strong>Ao todo temos 75 unidades T0, com \u00e1reas que v\u00e3o dos 39m2 at\u00e9 55m2 \u2013 com jardim ou varanda.<\/strong><\/p>\n\n\n\n<div style=\"height:40px\" aria-hidden=\"true\" class=\"wp-block-spacer\"><\/div>\n\n\n\n<figure class=\"wp-block-image size-large\"><img loading=\"lazy\" decoding=\"async\" width=\"1024\" height=\"1024\" src=\"https:\/\/www.imovirtual.com\/noticias\/wp-content\/uploads\/2023\/04\/100Domus-LifeInPorto-Carrossel_03-1024x1024.png\" alt=\"apartamento t2 porto\" class=\"wp-image-4638\" srcset=\"https:\/\/www.imovirtual.com\/noticias\/wp-content\/uploads\/2023\/04\/100Domus-LifeInPorto-Carrossel_03-1024x1024.png 1024w, https:\/\/www.imovirtual.com\/noticias\/wp-content\/uploads\/2023\/04\/100Domus-LifeInPorto-Carrossel_03-300x300.png 300w, https:\/\/www.imovirtual.com\/noticias\/wp-content\/uploads\/2023\/04\/100Domus-LifeInPorto-Carrossel_03-150x150.png 150w, https:\/\/www.imovirtual.com\/noticias\/wp-content\/uploads\/2023\/04\/100Domus-LifeInPorto-Carrossel_03-768x768.png 768w, https:\/\/www.imovirtual.com\/noticias\/wp-content\/uploads\/2023\/04\/100Domus-LifeInPorto-Carrossel_03.png 1080w\" sizes=\"auto, (max-width: 1024px) 100vw, 1024px\" \/><\/figure>\n\n\n\n<div style=\"height:40px\" aria-hidden=\"true\" class=\"wp-block-spacer\"><\/div>\n\n\n\n<p><strong>Temos 31 unidades T1, com 60m2 at\u00e9 96m2 \u2013 com jardim ou varanda.<\/strong><\/p>\n\n\n\n<div style=\"height:40px\" aria-hidden=\"true\" class=\"wp-block-spacer\"><\/div>\n\n\n\n<figure class=\"wp-block-image size-large\"><img loading=\"lazy\" decoding=\"async\" width=\"1024\" height=\"1024\" src=\"https:\/\/www.imovirtual.com\/noticias\/wp-content\/uploads\/2023\/04\/100Domus-LifeInPorto-Carrossel_04-1024x1024.png\" alt=\"apartamento t3 porto\" class=\"wp-image-4639\" srcset=\"https:\/\/www.imovirtual.com\/noticias\/wp-content\/uploads\/2023\/04\/100Domus-LifeInPorto-Carrossel_04-1024x1024.png 1024w, https:\/\/www.imovirtual.com\/noticias\/wp-content\/uploads\/2023\/04\/100Domus-LifeInPorto-Carrossel_04-300x300.png 300w, https:\/\/www.imovirtual.com\/noticias\/wp-content\/uploads\/2023\/04\/100Domus-LifeInPorto-Carrossel_04-150x150.png 150w, https:\/\/www.imovirtual.com\/noticias\/wp-content\/uploads\/2023\/04\/100Domus-LifeInPorto-Carrossel_04-768x768.png 768w, https:\/\/www.imovirtual.com\/noticias\/wp-content\/uploads\/2023\/04\/100Domus-LifeInPorto-Carrossel_04.png 1080w\" sizes=\"auto, (max-width: 1024px) 100vw, 1024px\" \/><\/figure>\n\n\n\n<div style=\"height:40px\" aria-hidden=\"true\" class=\"wp-block-spacer\"><\/div>\n\n\n\n<p><strong>Temos dispon\u00edveis 2 unidades T2, com cerca de 136 m2 e magn\u00edficos terra\u00e7os.<\/strong><\/p>\n\n\n\n<div style=\"height:45px\" aria-hidden=\"true\" class=\"wp-block-spacer\"><\/div>\n\n\n\n<h2 class=\"wp-block-heading\"><strong>Qualidade de vida e sustentabilidade<\/strong><\/h2>\n\n\n\n<p>A rela\u00e7\u00e3o do empreendimento com a cidade, a sua localiza\u00e7\u00e3o e acessibilidades, as \u00e1reas<\/p>\n\n\n\n<p>generosas que oferece em todas as tipologias, os espa\u00e7os verdes e as zonas comuns mostram a grande sensibilidade do Life in Porto para um aspeto crucial nos dias de hoje: a<\/p>\n\n\n\n<p>qualidade de vida nos centros urbanos. Aqui vai ser poss\u00edvel desconectar do ritmo do dia a dia, fazer uma pausa, viver a natureza e a companhia daqueles que mais gostamos, sem precisar de sair do centro da cidade. H\u00e1 um equil\u00edbrio evidente entre uma mobilidade eficiente, espa\u00e7os habitacionais confort\u00e1veis e um permanente contacto com a natureza, fatores capazes de inspirar um quotidiano mais saud\u00e1vel e sustent\u00e1vel.<\/p>\n\n\n\n<p>Como referimos no in\u00edcio, com base no reconhecimento da Sumo Finans e de outros pr\u00e9mios e distin\u00e7\u00f5es, nacionais e internacionais, a cidade do Porto goza hoje de uma popularidade sem precedentes. A equipa do Life in Porto, <strong>com destaque para o Arquiteto Jos\u00e9 Gigante<\/strong>, encarou esta realidade como uma enorme responsabilidade. Em consequ\u00eancia, o Life in Porto \u00e9 um exemplo de qualidade e excel\u00eancia, em linha com a promessa global em que se transformou a pr\u00f3pria cidade do Porto.<\/p>\n\n\n\n<p>Saiba mais <a href=\"https:\/\/sites.google.com\/portobaixa.pt\/lifeinporto\/in%C3%ADcio\"><mark style=\"background-color:rgba(0, 0, 0, 0)\" class=\"has-inline-color has-vivid-cyan-blue-color\">aqui<\/mark><\/a>.<\/p>\n","protected":false},"excerpt":{"rendered":"<p>Procura apartamentos com conforto e qualidade? Saiba tudo sobre o Life in Porto e descubra os empreendimentos novos!<\/p>\n","protected":false},"author":3,"featured_media":4640,"comment_status":"open","ping_status":"open","sticky":true,"template":"","format":"standard","meta":{"footnotes":""},"categories":[20,4],"tags":[],"class_list":["post-4635","post","type-post","status-publish","format-standard","has-post-thumbnail","hentry","category-comprar-casa","category-novidades"],"_links":{"self":[{"href":"https:\/\/www.imovirtual.com\/noticias\/wp-json\/wp\/v2\/posts\/4635","targetHints":{"allow":["GET"]}}],"collection":[{"href":"https:\/\/www.imovirtual.com\/noticias\/wp-json\/wp\/v2\/posts"}],"about":[{"href":"https:\/\/www.imovirtual.com\/noticias\/wp-json\/wp\/v2\/types\/post"}],"author":[{"embeddable":true,"href":"https:\/\/www.imovirtual.com\/noticias\/wp-json\/wp\/v2\/users\/3"}],"replies":[{"embeddable":true,"href":"https:\/\/www.imovirtual.com\/noticias\/wp-json\/wp\/v2\/comments?post=4635"}],"version-history":[{"count":0,"href":"https:\/\/www.imovirtual.com\/noticias\/wp-json\/wp\/v2\/posts\/4635\/revisions"}],"wp:featuredmedia":[{"embeddable":true,"href":"https:\/\/www.imovirtual.com\/noticias\/wp-json\/wp\/v2\/media\/4640"}],"wp:attachment":[{"href":"https:\/\/www.imovirtual.com\/noticias\/wp-json\/wp\/v2\/media?parent=4635"}],"wp:term":[{"taxonomy":"category","embeddable":true,"href":"https:\/\/www.imovirtual.com\/noticias\/wp-json\/wp\/v2\/categories?post=4635"},{"taxonomy":"post_tag","embeddable":true,"href":"https:\/\/www.imovirtual.com\/noticias\/wp-json\/wp\/v2\/tags?post=4635"}],"curies":[{"name":"wp","href":"https:\/\/api.w.org\/{rel}","templated":true}]}}