{"id":4609,"date":"2023-04-13T18:03:50","date_gmt":"2023-04-13T18:03:50","guid":{"rendered":"https:\/\/www.imovirtual.com\/noticias\/?p=4609"},"modified":"2024-09-02T14:47:29","modified_gmt":"2024-09-02T14:47:29","slug":"https-www-imovirtual-com-noticias-noticias-o-imovirtual-vai-estar-presente-no-sil-de-4-a-7-de-maio","status":"publish","type":"post","link":"https:\/\/www.imovirtual.com\/noticias\/novidades\/https-www-imovirtual-com-noticias-noticias-o-imovirtual-vai-estar-presente-no-sil-de-4-a-7-de-maio\/","title":{"rendered":"O Imovirtual vai estar presente no SIL, de 4 a 7 de maio"},"content":{"rendered":"\n<p>O <strong>SIL <\/strong>est\u00e1 quase a chegar a Lisboa e o <strong>Imovirtual <\/strong>como <strong>Portal Oficial <\/strong>vai estar presente! <\/p>\n\n\n\n<p>Aproveitamos sempre oportunidades de crescimento e inova\u00e7\u00e3o para criar contactos com partes interessadas, expor informa\u00e7\u00f5es \u00fateis sobre a nossa organiza\u00e7\u00e3o e evoluir com seguran\u00e7a e credibilidade.<\/p>\n\n\n\n<div style=\"height:69px\" aria-hidden=\"true\" class=\"wp-block-spacer\"><\/div>\n\n\n\n<h2 class=\"wp-block-heading\"><strong>SIL &#8211; o que \u00e9, d\u00favidas e esclarecimentos<\/strong><\/h2>\n\n\n\n<p>O SIL &#8211; Sal\u00e3o Imobili\u00e1rio de Portugal \u00e9 um evento de grande escala com foco no <strong>setor imobili\u00e1rio<\/strong>, que tem a dura\u00e7\u00e3o de quatro dias e decorre anualmente na FIL, no Parque das Na\u00e7\u00f5es.<\/p>\n\n\n\n<p>De 4 a 7 de maio deste ano os pavilh\u00f5es da FIL ser\u00e3o ocupados por profissionais do setor com interesse em participar em confer\u00eancias, explorar projetos de desenvolvimento comercial, conhecer as tend\u00eancias do mercado imobili\u00e1rio e explorar potenciais oportunidades para parcerias e neg\u00f3cios.<\/p>\n\n\n\n<p>A Funda\u00e7\u00e3o AIP, em parceria com a C\u00e2mara Municipal de Lisboa, co-organizou o SIL, que \u00e9 considerado o principal Marketplace do setor imobili\u00e1rio em Portugal, com foco na promo\u00e7\u00e3o e media\u00e7\u00e3o de projetos imobili\u00e1rios inovadores. Com uma estrat\u00e9gia de encontros B2B e B2C, o evento contar\u00e1 com a inclus\u00e3o de entidades relevantes como a APPII, a APEMIP, a APR, a ASMIP e a ALP.<\/p>\n\n\n\n<p>Neste evento juntam-se Empres\u00e1rios, Investidores, Organismos P\u00fablicos e Pessoas interessadas em comprar im\u00f3veis num espa\u00e7o onde a partilha e o conhecimento est\u00e3o sempre presentes. Nesta feira ficar\u00e1 a conhecer os Grandes L\u00edderes do mercado imobili\u00e1rio em Portugal e esclarecer quaisquer d\u00favidas sobre este setor.<\/p>\n\n\n\n<p>A edi\u00e7\u00e3o de 2023 do SIL acontece numa fase de desafios no setor, pelo que \u00e9 expect\u00e1vel que haja uma grande ades\u00e3o dos principais players, assim como do p\u00fablico em geral. O evento decorrer\u00e1 em simult\u00e2neo com a feira l\u00edder da constru\u00e7\u00e3o em Portugal: TEKT\u00d3NICA.<\/p>\n\n\n\n<p>Nota-se que em 2022 a SIL contou com 166 expositores, 15 mil visitantes, e 4 mil participantes nas confer\u00eancias. 93% dos expositores manifestaram interesse em participar na edi\u00e7\u00e3o deste ano, por isso n\u00e3o perca a oportunidade de estar presente!<\/p>\n\n\n\n<div style=\"height:43px\" aria-hidden=\"true\" class=\"wp-block-spacer\"><\/div>\n\n\n\n<figure class=\"wp-block-image size-large\"><img loading=\"lazy\" decoding=\"async\" width=\"1024\" height=\"636\" src=\"https:\/\/www.imovirtual.com\/noticias\/wp-content\/uploads\/2023\/04\/Imovirtual-1024x636.png\" alt=\"SIL feira de imobili\u00e1rio parque das na\u00e7\u00f5es\" class=\"wp-image-4612\" srcset=\"https:\/\/www.imovirtual.com\/noticias\/wp-content\/uploads\/2023\/04\/Imovirtual-1024x636.png 1024w, https:\/\/www.imovirtual.com\/noticias\/wp-content\/uploads\/2023\/04\/Imovirtual-300x186.png 300w, https:\/\/www.imovirtual.com\/noticias\/wp-content\/uploads\/2023\/04\/Imovirtual-768x477.png 768w, https:\/\/www.imovirtual.com\/noticias\/wp-content\/uploads\/2023\/04\/Imovirtual-1536x955.png 1536w, https:\/\/www.imovirtual.com\/noticias\/wp-content\/uploads\/2023\/04\/Imovirtual-2048x1273.png 2048w\" sizes=\"auto, (max-width: 1024px) 100vw, 1024px\" \/><\/figure>\n\n\n\n<div style=\"height:69px\" aria-hidden=\"true\" class=\"wp-block-spacer\"><\/div>\n\n\n\n<h2 class=\"wp-block-heading\"><strong>A quem interessa este evento?<\/strong><\/h2>\n\n\n\n<p>Qualquer pessoa interessada pode comparecer no evento, desde que tenha um bilhete de entrada. No entanto, destacamos alguns perfis a quem pode interessar particularmente marcar presen\u00e7a nestes dias:<\/p>\n\n\n\n<ul class=\"wp-block-list\"><li>Compradores Particulares;<\/li><li>Promotores e Construtores;<\/li><li>Arquitetos, Urbanistas e Engenheiros;<\/li><li>Investidores;<\/li><li>T\u00e9cnicos das \u00e1reas financeira e seguradora;<\/li><li>Mediadores Imobili\u00e1rios;<\/li><li>Profissionais de Compra e Venda;<\/li><li>P\u00fablico em geral.<\/li><\/ul>\n\n\n\n<p>O Imovirtual estar\u00e1 presente para expor e partilhar as suas solu\u00e7\u00f5es naquela que \u00e9 uma feira de refer\u00eancia para o mercado imobili\u00e1rio, com o intuito de aumentar reconhecimento a n\u00edvel internacional, dinamizar a nossa rede de parceiros e contactar diretamente com potenciais clientes que tenham interesse nos servi\u00e7os que oferecemos.<\/p>\n\n\n\n<div style=\"height:70px\" aria-hidden=\"true\" class=\"wp-block-spacer\"><\/div>\n\n\n\n<h2 class=\"wp-block-heading\"><strong>Destaques do SIL 2023<\/strong><\/h2>\n\n\n\n<p>Ao longo do evento existem alguns momentos esperados com antecipa\u00e7\u00e3o pelo p\u00fablico geral, destacando-se:<\/p>\n\n\n\n<ul class=\"wp-block-list\"><li>SIL Cidades<\/li><\/ul>\n\n\n\n<p>Pela import\u00e2ncia inquestion\u00e1vel das cidades e desafios&nbsp; no setor imobili\u00e1rio, o espa\u00e7o SIL Cidades ir\u00e1 estar presente uma vez mais no SIL, e planeia destacar assuntos relacionados com o ESG (Environment, Social, Governance), que abrange quest\u00f5es ambientais, sociais e de governa\u00e7\u00e3o, por meio da incorpora\u00e7\u00e3o de informa\u00e7\u00f5es ESG em decis\u00f5es de investimento para reduzir riscos, entre outras medidas.<\/p>\n\n\n\n<ul class=\"wp-block-list\"><li>Pr\u00e9mios SIL do Imobili\u00e1rio<\/li><\/ul>\n\n\n\n<p>O momento de atribui\u00e7\u00e3o dos pr\u00e9mios do imobili\u00e1rio \u00e9 um destaque de elevada import\u00e2ncia no evento. Com os pr\u00e9mios atribu\u00eddos salientam-se empresas, solu\u00e7\u00f5es, projetos e entidades que tenham revelado qualidade distinta e efici\u00eancia no setor no \u00faltimo ano. Dentro das categorias de Pr\u00e9mios, destacam-se as seguintes:<\/p>\n\n\n\n<ul class=\"wp-block-list\"><li>Melhor Campanha de Lan\u00e7amento<\/li><li>Responsabilidade Social<\/li><li>Inova\u00e7\u00e3o<ul><li>Projeto<\/li><li>Promo\u00e7\u00e3o Imobili\u00e1ria<\/li><li>Media\u00e7\u00e3o Imobili\u00e1ria<\/li><\/ul><\/li><li>Constru\u00e7\u00e3o Sustent\u00e1vel e Efici\u00eancia Energ\u00e9tica<\/li><li>Melhor Empreendimento Imobili\u00e1rio<ul><li>Com\u00e9rcio, Servi\u00e7os e Log\u00edstica<\/li><li>Habita\u00e7\u00e3o<\/li><li>Turismo<\/li><\/ul><\/li><li>Reabilita\u00e7\u00e3o Urbana<ul><li>Habita\u00e7\u00e3o<\/li><li>Turismo<\/li><li>Espa\u00e7os P\u00fablicos<\/li><li>Escrit\u00f3rios<\/li><li>Com\u00e9rcio e Servi\u00e7os<\/li><\/ul><\/li><\/ul>\n\n\n\n<p>As categorias \u00a0\u201cMelhor Campanha de Lan\u00e7amento\u201d, \u201cInova\u00e7\u00e3o\u201d e \u201cResponsabilidade Social\u201d s\u00e3o novidades introduzidas este ano.<\/p>\n\n\n\n<div style=\"height:70px\" aria-hidden=\"true\" class=\"wp-block-spacer\"><\/div>\n\n\n\n<h2 class=\"wp-block-heading\"><strong>Como posso comprar bilhete para o SIL?<\/strong><\/h2>\n\n\n\n<p>Existem v\u00e1rias op\u00e7\u00f5es de compra de bilhete, consoante os seus objetivos e identifica\u00e7\u00e3o. Pode adquirir um bilhete p\u00fablico, profissional ou mesmo agendar visitas de estudo.<\/p>\n\n\n\n<p>Para garantir a sua entrada basta aceder ao site da <a href=\"https:\/\/imobiliario.fil.pt\/\"><mark style=\"background-color:rgba(0, 0, 0, 0)\" class=\"has-inline-color has-vivid-cyan-blue-color\">FIL<\/mark><\/a> e optar pelo bilhete que melhor se adequa a si.<\/p>\n\n\n\n<p>O hor\u00e1rio de funcionamento do evento ser\u00e1 o seguinte:<\/p>\n\n\n\n<ul class=\"wp-block-list\"><li>4 e 5 de maio: 10h-19h<\/li><li>6 e 7 de maio: 14h-20h<\/li><\/ul>\n\n\n\n<p>N\u00f3s vamos marcar presen\u00e7a no SIL 2023, vemo-nos por l\u00e1?<\/p>\n","protected":false},"excerpt":{"rendered":"<p>O SIL est\u00e1 quase a chegar a Lisboa e o Imovirtual vai estar presente! Saiba mais sobre este evento marcante para o mercado imobili\u00e1rio.<\/p>\n","protected":false},"author":3,"featured_media":4614,"comment_status":"open","ping_status":"open","sticky":true,"template":"","format":"standard","meta":{"footnotes":""},"categories":[4,36],"tags":[],"class_list":["post-4609","post","type-post","status-publish","format-standard","has-post-thumbnail","hentry","category-novidades","category-profissionais"],"_links":{"self":[{"href":"https:\/\/www.imovirtual.com\/noticias\/wp-json\/wp\/v2\/posts\/4609","targetHints":{"allow":["GET"]}}],"collection":[{"href":"https:\/\/www.imovirtual.com\/noticias\/wp-json\/wp\/v2\/posts"}],"about":[{"href":"https:\/\/www.imovirtual.com\/noticias\/wp-json\/wp\/v2\/types\/post"}],"author":[{"embeddable":true,"href":"https:\/\/www.imovirtual.com\/noticias\/wp-json\/wp\/v2\/users\/3"}],"replies":[{"embeddable":true,"href":"https:\/\/www.imovirtual.com\/noticias\/wp-json\/wp\/v2\/comments?post=4609"}],"version-history":[{"count":0,"href":"https:\/\/www.imovirtual.com\/noticias\/wp-json\/wp\/v2\/posts\/4609\/revisions"}],"wp:featuredmedia":[{"embeddable":true,"href":"https:\/\/www.imovirtual.com\/noticias\/wp-json\/wp\/v2\/media\/4614"}],"wp:attachment":[{"href":"https:\/\/www.imovirtual.com\/noticias\/wp-json\/wp\/v2\/media?parent=4609"}],"wp:term":[{"taxonomy":"category","embeddable":true,"href":"https:\/\/www.imovirtual.com\/noticias\/wp-json\/wp\/v2\/categories?post=4609"},{"taxonomy":"post_tag","embeddable":true,"href":"https:\/\/www.imovirtual.com\/noticias\/wp-json\/wp\/v2\/tags?post=4609"}],"curies":[{"name":"wp","href":"https:\/\/api.w.org\/{rel}","templated":true}]}}