{"id":460,"date":"2022-04-15T00:00:00","date_gmt":"2022-04-15T00:00:00","guid":{"rendered":"https:\/\/www.imovirtual.com\/noticias2\/2022\/04\/15\/closet-organizacao-roupas-inverno\/"},"modified":"2022-04-15T00:00:00","modified_gmt":"2022-04-15T00:00:00","slug":"closet-organizacao-roupas-inverno","status":"publish","type":"post","link":"https:\/\/www.imovirtual.com\/noticias\/lifestyle\/closet-organizacao-roupas-inverno\/","title":{"rendered":"Closet: dicas para armazenar as suas roupas de Inverno"},"content":{"rendered":"<p class=\"css-8qfla4\">\n<p class=\"css-m5h6m0 edperro0\">\n<h1><strong>Closet: dicas para armazenar as suas roupas de Inverno<\/strong><\/h1>\n<p>Estamos em plena <a href=\"https:\/\/www.imovirtual.com\/noticias\/decoracao\/como-preparar-a-casa-para-a-primavera\" target=\"_blank\" rel=\"noopener\">Primavera<\/a> e se por esta altura do campeonato ainda n\u00e3o pensou em<strong> tirar as suas roupas de <a href=\"https:\/\/www.imovirtual.com\/noticias\/lifestyle\/jardim-de-inverno\" target=\"_blank\" rel=\"noopener\">inverno<\/a> do arm\u00e1rio <\/strong>e em guard\u00e1-las para a pr\u00f3xima esta\u00e7\u00e3o, este \u00e9 o lembrete que precisa para colocar m\u00e3os \u00e0 <a href=\"https:\/\/www.imovirtual.com\/noticias\/imobiliario\/lei-obras-casa\" target=\"_blank\" rel=\"noopener\">obra<\/a>. Nem toda a gente tem o luxo de poder guardar as suas roupas num segundo arm\u00e1rio, num <a href=\"https:\/\/www.imovirtual.com\/noticias\/decoracao\/ideias-para-reformular-sotao-cave\" target=\"_blank\" rel=\"noopener\">s\u00f3t\u00e3o<\/a> ou numa arrecada\u00e7\u00e3o. Mas <strong>se tiver um canto extra na sua <a href=\"https:\/\/www.imovirtual.com\/comprar\/moradia\/\" target=\"_blank\" rel=\"noopener\">moradia<\/a> ou <a href=\"https:\/\/www.imovirtual.com\/comprar\/apartamento\/\" target=\"_blank\" rel=\"noopener\">apartamento<\/a>, saiba que o deve fazer todos os anos<\/strong>. Este h\u00e1bito ir\u00e1 ajudar a <strong>preservar a qualidade das suas roupas<\/strong> e <strong>facilitar\u00e1 a escolha da indument\u00e1ria di\u00e1ria<\/strong>, mas tamb\u00e9m o <strong>ajuda a evitar encher o seu <a href=\"https:\/\/www.imovirtual.com\/noticias\/lifestyle\/organizacao-closet\" target=\"_blank\" rel=\"noopener\">closet<\/a> com roupas da esta\u00e7\u00e3o errada<\/strong>. E se for um f\u00e3 do <a href=\"https:\/\/www.imovirtual.com\/noticias\/decoracao\/decoracao-minimalista\" target=\"_blank\" rel=\"noopener\">minimalismo<\/a>, certamente que vai apreciar ver um espa\u00e7o mais clean e vazio, porque sejamos francos: <strong>\u00e9 um al\u00edvio quando vemos as malhas e os casacos pesados fora de vista<\/strong>. <\/p>\n<p>A forma como ir\u00e1 guardar as suas roupas de inverno est\u00e1 \u00e0 sua escolha: desde as famosas <strong>caixas transparentes, <\/strong>que lhe permitem visualizar o conte\u00fado, at\u00e9 aos <strong>cestos, sacos<\/strong>, ou at\u00e9 mesmo <strong><a href=\"https:\/\/www.imovirtual.com\/noticias\/decoracao\/upcycling-moveis-paletes\" target=\"_blank\" rel=\"noopener\">m\u00f3veis<\/a> pr\u00f3prios<\/strong>. As possibilidades s\u00e3o infinitas e cabe-lhe a si determinar a solu\u00e7\u00e3o que melhor se adequa \u00e0s suas necessidades. No entanto, tenha sempre em mente: \u00e9 importante que estas roupas fiquem bem acomodadas de forma a <strong>n\u00e3o ganharem vincos e <a href=\"https:\/\/www.imovirtual.com\/noticias\/lifestyle\/saiba-quais-os-melhores-perfumes-e-cheiros-para-sua\" target=\"_blank\" rel=\"noopener\">cheiros<\/a> desagrad\u00e1veis<\/strong> durante o tempo de armazenamento. Estas s\u00e3o apenas algumas dicas para o ajudar a armazenar a sua roupa quente da forma mais correta. Neste artigo mostramos-lhes <strong>mais truques para o guiar nesta tarefa<\/strong>.<\/p>\n<\/p>\n<h3>Pode interessar-lhe: <a href=\"https:\/\/www.imovirtual.com\/noticias\/lifestyle\/dicas-limpeza-primavera\" target=\"_blank\" rel=\"noopener\"><em><strong>Limpeza de primavera: como fazer<\/strong><\/em><\/a><\/h3>\n<\/p>\n<h2><strong>Pratique o desapego material<\/strong><\/h2>\n<p>Esta \u00e9 uma \u00f3tima oportunidade para <strong>fazer uma sele\u00e7\u00e3o das roupas <\/strong>que ainda usa e das que pretende vender ou doar. N\u00e3o s\u00f3 lhe ir\u00e1 facilitar a vida na hora de arrumar as suas roupas no local designado, como tamb\u00e9m torna <strong>mais f\u00e1cil praticar o desapego material<\/strong>, uma vez que j\u00e1 teria de andar a vasculhar o seu arm\u00e1rio de qualquer maneira.<\/p>\n<\/p>\n<h2><strong>Lave as roupas antes de guardar<\/strong><\/h2>\n<p>Uma dica que parece \u00f3bvia, mas que muitas vezes passa ao lado: <strong>para garantir a qualidade das suas roupas, \u00e9 muito importante que as guarde ap\u00f3s terem feito uma visita \u00e0 <a href=\"https:\/\/www.imovirtual.com\/noticias\/lifestyle\/limpeza-maquinas-roupa-louca\" target=\"_blank\" rel=\"noopener\">m\u00e1quina de lavar a roupa<\/a><\/strong>. Que \u00e9 como quem diz, terem ido \u00e0 <a href=\"https:\/\/www.imovirtual.com\/noticias\/decoracao\/lavandaria-domestica\" target=\"_blank\" rel=\"noopener\">lavandaria<\/a> para ficarem como novas. Se guardar uma pe\u00e7a de vestu\u00e1rio com manchas e n\u00f3doas, o mais prov\u00e1vel \u00e9 que daqui a 6 meses estejam t\u00e3o entranhadas que nada mais h\u00e1 a fazer para as salvar.<\/p>\n<h3>Conhe\u00e7a: <a href=\"https:\/\/www.imovirtual.com\/noticias\/lifestyle\/lavandaria-truques-lavar-roupa\" target=\"_blank\" rel=\"noopener\"><em><strong>Lavandaria: truques para uma lavagem da roupa eficiente<\/strong><\/em><\/a><\/h3>\n<\/p>\n<h2><strong>Certifique-se que as roupas est\u00e3o bem secas<\/strong><\/h2>\n<p>Se lavar a roupa antes de a armazenar \u00e9 obrigat\u00f3rio,<strong> seca-la \u00e9 imperativo<\/strong>. Daqui a uns meses, quando votar a abrir as gavetas ou caixas com as suas camisolas, n\u00e3o vai querer que tenham um cheiro a <a href=\"https:\/\/www.imovirtual.com\/noticias\/lifestyle\/proteja-a-sua-casa-da-humidade-com-estas-dicas\" target=\"_blank\" rel=\"noopener\">humidade<\/a>, certo? Ent\u00e3o certifique-se que todas as pe\u00e7as est\u00e3o bem enxutas antes de as dobrar e arrumar.<\/p>\n<h2><strong>Adicione um ambientador de tecidos <\/strong><\/h2>\n<p>Daqui ao <a href=\"https:\/\/www.imovirtual.com\/noticias\/decoracao\/decoracao-outono\" target=\"_blank\" rel=\"noopener\">outono<\/a>, a esta\u00e7\u00e3o onde o frio come\u00e7a a apertar, ainda v\u00e3o uns bons 5 meses. E apesar de todos os cuidados que possa ter na lavagem e secagem das suas roupas de inverno, n<strong>\u00e3o h\u00e1 nada como contar com um <a href=\"https:\/\/www.imovirtual.com\/noticias\/lifestyle\/ambientadores-velas-cheiros-casa\" target=\"_blank\" rel=\"noopener\">ambientador<\/a> de tecidos para garantir que tudo fica a cheirar a rosas<\/strong>. Pode comprar saquinhos j\u00e1 preparados para esta finalidade ou fazer os seus pr\u00f3prios cheiros recorrendo a algod\u00e3o, \u00f3leos essenciais e um sacos de pano.<\/p>\n<\/p>\n<h2><strong>Cuidado com as roupas brancas<\/strong><\/h2>\n<p>Mais do que as roupas de cor e as roupas escuras, as pe\u00e7as brancas t\u00eam tend\u00eancia a estragarem-se com mais facilidades. Isto acontece porque<strong> h\u00e1 uma predisposi\u00e7\u00e3o para ficarem amareladas<\/strong>, principalmente se decidir pass\u00e1-las a ferro antes de as armazenar por longos per\u00edodos de tempo &#8211; n\u00e3o o deve fazer! Al\u00e9m disso, deve ter especial cuidado com o local onde guarda as suas roupas brancas, j\u00e1 que estas n\u00e3o devem estar em contacto com a <a href=\"https:\/\/www.imovirtual.com\/noticias\/imobiliario\/como-poupar-na-fatura-da-luz\" target=\"_blank\" rel=\"noopener\">luz<\/a> direta sob pena de ficarem amarelas.<\/p>\n<p class=\" block-img\"><img decoding=\"async\" src=\"https:\/\/www.imovirtual.com\/noticias\/wp-content\/uploads\/2022\/11\/bd5974cf-f0b2-4813-a690-c8359669947e_Copia-de-Banners-Autores.png\" alt=\"Ana Catarina Autor Imovirtual\"><\/p>\n<h5><em>Ana Catarina \u00e9 a mi\u00fada das tend\u00eancias. Gosta de ficar em casa a perder-se pelas p\u00e1ginas de um livro, mas tamb\u00e9m n\u00e3o dispensa um caf\u00e9 tardio com os amigos. Est\u00e1 sempre \u00e0 procura do \u00faltimo grito em Lifestyle para revelar no Blog do Imovirtual.<\/em><\/h5>\n<\/p>\n<h4><strong>Mais sobre &#8216;Lifestyle&#8217;<\/strong><\/h4>\n<ul>\n<li><a href=\"https:\/\/www.imovirtual.com\/noticias\/lifestyle\/dicas-limpeza-primavera\" target=\"_blank\" rel=\"noopener\"><strong>Limpeza de primavera<\/strong><\/a>: como fazer<\/li>\n<li><a href=\"https:\/\/www.imovirtual.com\/noticias\/lifestyle\/lides-domesticas-truques\" target=\"_blank\" rel=\"noopener\"><strong>Truques de limpeza<\/strong><\/a> para facilitar as lides dom\u00e9sticas<\/li>\n<li>Visual Clutter: saiba como livrar-se da&nbsp;<a href=\"https:\/\/www.imovirtual.com\/en\/noticias\/decoracao\/visual-clutter-como-resolver\" target=\"_blank\" rel=\"noopener\"><strong>desorganiza\u00e7\u00e3o visual<\/strong><\/a><\/li>\n<\/ul>\n<\/p>\n<div class=\"css-h5fkc8\"><strong>Ultima actualiza\u00e7\u00e3o:<\/strong> 15 abril 2022<\/div>\n","protected":false},"excerpt":{"rendered":"<p>Closet: dicas para armazenar as suas roupas de Inverno Estamos em plena Primavera e se por esta altura do campeonato ainda n\u00e3o pensou em tirar as suas roupas de inverno do arm\u00e1rio e em guard\u00e1-las para a pr\u00f3xima esta\u00e7\u00e3o, este \u00e9 o lembrete que precisa para colocar m\u00e3os \u00e0 obra. Nem toda a gente tem &hellip;<\/p>\n","protected":false},"author":3,"featured_media":461,"comment_status":"closed","ping_status":"open","sticky":false,"template":"","format":"standard","meta":{"footnotes":""},"categories":[3],"tags":[],"class_list":["post-460","post","type-post","status-publish","format-standard","has-post-thumbnail","hentry","category-lifestyle"],"_links":{"self":[{"href":"https:\/\/www.imovirtual.com\/noticias\/wp-json\/wp\/v2\/posts\/460","targetHints":{"allow":["GET"]}}],"collection":[{"href":"https:\/\/www.imovirtual.com\/noticias\/wp-json\/wp\/v2\/posts"}],"about":[{"href":"https:\/\/www.imovirtual.com\/noticias\/wp-json\/wp\/v2\/types\/post"}],"author":[{"embeddable":true,"href":"https:\/\/www.imovirtual.com\/noticias\/wp-json\/wp\/v2\/users\/3"}],"replies":[{"embeddable":true,"href":"https:\/\/www.imovirtual.com\/noticias\/wp-json\/wp\/v2\/comments?post=460"}],"version-history":[{"count":0,"href":"https:\/\/www.imovirtual.com\/noticias\/wp-json\/wp\/v2\/posts\/460\/revisions"}],"wp:featuredmedia":[{"embeddable":true,"href":"https:\/\/www.imovirtual.com\/noticias\/wp-json\/wp\/v2\/media\/461"}],"wp:attachment":[{"href":"https:\/\/www.imovirtual.com\/noticias\/wp-json\/wp\/v2\/media?parent=460"}],"wp:term":[{"taxonomy":"category","embeddable":true,"href":"https:\/\/www.imovirtual.com\/noticias\/wp-json\/wp\/v2\/categories?post=460"},{"taxonomy":"post_tag","embeddable":true,"href":"https:\/\/www.imovirtual.com\/noticias\/wp-json\/wp\/v2\/tags?post=460"}],"curies":[{"name":"wp","href":"https:\/\/api.w.org\/{rel}","templated":true}]}}