{"id":454,"date":"2022-04-05T00:00:00","date_gmt":"2022-04-05T00:00:00","guid":{"rendered":"https:\/\/www.imovirtual.com\/noticias2\/2022\/04\/05\/imosintese-noticias-0404\/"},"modified":"2022-04-05T00:00:00","modified_gmt":"2022-04-05T00:00:00","slug":"imosintese-noticias-0404","status":"publish","type":"post","link":"https:\/\/www.imovirtual.com\/noticias\/novidades\/imosintese-noticias-0404\/","title":{"rendered":"IMOS\u00cdNTESE &#8211; NOT\u00cdCIAS 04\/04"},"content":{"rendered":"<p class=\"css-8qfla4\">\n<p class=\"css-m5h6m0 edperro0\">\n<h2><strong>Em parceria com o Di\u00e1rio Imobili\u00e1rio, o Imovirtual apresenta diariamente um resumo notici\u00e1rio dos acontecimentos mais relevantes do dia. Fique a par das \u00faltimas novidades do Mercado Imobili\u00e1rio:<\/strong><\/h2>\n<\/p>\n<h1><strong>HELM Portugal junta-se \u00e0 Worten e \u00e0 Bayer no World Trade Center Lisboa<\/strong><\/h1>\n<p>A HELM Portugal junta-se \u00e0 Worten e \u00e0 Bayer, e confirma a sua mudan\u00e7a para o World Trade Center (WTC) Lisboa, que est\u00e1 a nascer no Oeiras Valley e&nbsp;prestes a entrar na reta final de constru\u00e7\u00e3o.<\/p>\n<h3><strong>Saiba mais <a href=\"https:\/\/www.diarioimobiliario.pt\/Actualidade\/Escritorios\/HELM-Portugal-junta-se-a-Worten-e-a-Bayer-no-World-Trade-Center-Lisboa\" target=\"_blank\" rel=\"noopener\">aqui<\/a><\/strong><\/h3>\n<\/p>\n<h1><strong>Porto recebe mais um edif\u00edcio reabilitado para escrit\u00f3rios<\/strong><\/h1>\n<p>O Edif\u00edcio Latino Coelho 142 foi totalmente reabilitado e transformado num dos mais modernos edif\u00edcios de escrit\u00f3rios do Porto pela m\u00e3o da&nbsp;MAP Engenharia, empresa especializada em constru\u00e7\u00e3o e reabilita\u00e7\u00e3o.<\/p>\n<h3><strong>Saiba mais <a href=\"https:\/\/www.diarioimobiliario.pt\/Actualidade\/Escritorios\/Porto-recebe-mais-um-edificio-reabilitado-para-escritorios\" target=\"_blank\" rel=\"noopener\">aqui<\/a><\/strong><\/h3>\n<\/p>\n<h1><strong>As visitas<\/strong><\/h1>\n<p><strong>[Artigo de Opini\u00e3o &#8211; Francisco Mota Ferreira] &#8211; <\/strong>As visitas s\u00e3o uma das etapas mais importantes para a venda de um activo e, como tal, n\u00e3o h\u00e1 ningu\u00e9m que recuse o pedido de uma visita de um potencial cliente, mesmo correndo o risco que esta possa ser um fiasco ou uma perda de tempo.<\/p>\n<h3><strong>Saiba mais <a href=\"https:\/\/www.diarioimobiliario.pt\/Opiniao\/As-visitas\" target=\"_blank\" rel=\"noopener\">aqui<\/a><\/strong><\/h3>\n<\/p>\n<h1><strong>A evolu\u00e7\u00e3o legislativa como fator de moderniza\u00e7\u00e3o<\/strong><\/h1>\n<p><strong>[Artigo de Opini\u00e3o &#8211; Filipa Peixoto] &#8211; <\/strong>No pr\u00f3ximo dia 4 de abril entrar\u00e1 em vigor o regime tempor\u00e1rio e facultativo aplic\u00e1vel \u00e0 realiza\u00e7\u00e3o de atos aut\u00eanticos \u00e0 dist\u00e2ncia, por videoconfer\u00eancia, aprovado pelo Decreto-Lei n.\u00ba 126\/2021.<\/p>\n<h3><strong>Saiba mais <a href=\"https:\/\/www.diarioimobiliario.pt\/Opiniao\/A-evolucao-legislativa-como-fator-de-modernizacao\" target=\"_blank\" rel=\"noopener\">aqui<\/a><\/strong><\/h3>\n<\/p>\n<h1><strong>Revelada a primeira das oito Signature Villas do resort Palmares Ocean Living &amp; Golf<\/strong><\/h1>\n<p>A primeira das oito moradias de luxo do resort&nbsp;Palmares Ocean Living &amp; Golf&nbsp;\u2013 a&nbsp;Villa 19, uma das Signature Villas desenhadas pelo ateli\u00ea catal\u00e3o vencedor do Pr\u00e9mio Pritzker RCR Arquitectes j\u00e1 est\u00e1 conclu\u00edda.&nbsp;<\/p>\n<h3><strong>Saiba mais <a href=\"https:\/\/www.diarioimobiliario.pt\/Turismo\/Revelada-a-primeira-das-oito-Signature-Villas-do-resort-Palmares-Ocean-Living-Golf\" target=\"_blank\" rel=\"noopener\">aqui<\/a><\/strong><\/h3>\n<\/p>\n<h4><strong>Leia as anteriores Imos\u00edntese:<\/strong><\/h4>\n<p><strong>\ud83d\udc49<a href=\"https:\/\/www.imovirtual.com\/noticias\/noticias\/imosintese-noticias-010422\" target=\"_blank\" rel=\"noopener\">IMOS\u00cdNTESE &#8211; NOT\u00cdCIAS 01\/04<\/a><\/strong><\/p>\n<p><strong>\ud83d\udc49<a href=\"https:\/\/www.imovirtual.com\/noticias\/noticias\/imosintese-noticias-310322\" target=\"_blank\" rel=\"noopener\">IMOS\u00cdNTESE &#8211; NOT\u00cdCIAS 31\/03<\/a><\/strong><\/p>\n<p><strong>\ud83d\udc49<a href=\"https:\/\/www.imovirtual.com\/noticias\/noticias\/imosintese-noticias-300322\" target=\"_blank\" rel=\"noopener\">IMOS\u00cdNTESE &#8211; NOT\u00cdCIAS 30\/03<\/a><\/strong><\/p>\n<\/p>\n<div class=\"css-h5fkc8\"><strong>Ultima actualiza\u00e7\u00e3o:<\/strong> 05 abril 2022<\/div>\n","protected":false},"excerpt":{"rendered":"<p>Em parceria com o Di\u00e1rio Imobili\u00e1rio, o Imovirtual apresenta diariamente um resumo notici\u00e1rio dos acontecimentos mais relevantes do dia. Fique a par das \u00faltimas novidades do Mercado Imobili\u00e1rio: HELM Portugal junta-se \u00e0 Worten e \u00e0 Bayer no World Trade Center Lisboa A HELM Portugal junta-se \u00e0 Worten e \u00e0 Bayer, e confirma a sua mudan\u00e7a &hellip;<\/p>\n","protected":false},"author":3,"featured_media":100,"comment_status":"closed","ping_status":"open","sticky":false,"template":"","format":"standard","meta":{"footnotes":""},"categories":[4],"tags":[],"class_list":["post-454","post","type-post","status-publish","format-standard","has-post-thumbnail","hentry","category-novidades"],"_links":{"self":[{"href":"https:\/\/www.imovirtual.com\/noticias\/wp-json\/wp\/v2\/posts\/454","targetHints":{"allow":["GET"]}}],"collection":[{"href":"https:\/\/www.imovirtual.com\/noticias\/wp-json\/wp\/v2\/posts"}],"about":[{"href":"https:\/\/www.imovirtual.com\/noticias\/wp-json\/wp\/v2\/types\/post"}],"author":[{"embeddable":true,"href":"https:\/\/www.imovirtual.com\/noticias\/wp-json\/wp\/v2\/users\/3"}],"replies":[{"embeddable":true,"href":"https:\/\/www.imovirtual.com\/noticias\/wp-json\/wp\/v2\/comments?post=454"}],"version-history":[{"count":0,"href":"https:\/\/www.imovirtual.com\/noticias\/wp-json\/wp\/v2\/posts\/454\/revisions"}],"wp:featuredmedia":[{"embeddable":true,"href":"https:\/\/www.imovirtual.com\/noticias\/wp-json\/wp\/v2\/media\/100"}],"wp:attachment":[{"href":"https:\/\/www.imovirtual.com\/noticias\/wp-json\/wp\/v2\/media?parent=454"}],"wp:term":[{"taxonomy":"category","embeddable":true,"href":"https:\/\/www.imovirtual.com\/noticias\/wp-json\/wp\/v2\/categories?post=454"},{"taxonomy":"post_tag","embeddable":true,"href":"https:\/\/www.imovirtual.com\/noticias\/wp-json\/wp\/v2\/tags?post=454"}],"curies":[{"name":"wp","href":"https:\/\/api.w.org\/{rel}","templated":true}]}}