{"id":4515,"date":"2022-12-19T11:08:15","date_gmt":"2022-12-19T11:08:15","guid":{"rendered":"https:\/\/www.imovirtual.com\/noticias\/?p=4515"},"modified":"2024-08-28T10:25:27","modified_gmt":"2024-08-28T10:25:27","slug":"escaloes-do-irs-para-2023","status":"publish","type":"post","link":"https:\/\/www.imovirtual.com\/noticias\/financas\/escaloes-do-irs-para-2023\/","title":{"rendered":"Escal\u00f5es do IRS para 2023"},"content":{"rendered":"\n<p>O Minist\u00e9rio das Finan\u00e7as j\u00e1 divulgou os <strong>novos escal\u00f5es do IRS para 2023<\/strong>, ap\u00f3s a aprova\u00e7\u00e3o do Or\u00e7amento do Estado para 2023, que teve lugar no passado dia 25 de novembro.<\/p>\n\n\n\n<p>Para clarificar esta quest\u00e3o, e sabendo que nem todos conhecem a realidade da tributa\u00e7\u00e3o de impostos em Portugal, come\u00e7amos por explicar <strong>o que \u00e9 o IRS<\/strong>. IRS \u00e9 a sigla para <strong>\u201cImposto sobre o Rendimento das Pessoas Singulares\u201d<\/strong>. Por outras palavras, \u00e9 o imposto que tributa o rendimento dos cidad\u00e3os. \u00c9 declarado anualmente \u00e0 Autoridade Tribut\u00e1ria de forma a que possam ser acertadas as contas entre o Estado e o cidad\u00e3o. Pode consultar o <a href=\"https:\/\/www.portaldasfinancas.gov.pt\/at\/html\/index.html\" target=\"_blank\" rel=\"noreferrer noopener\">Portal das Finan\u00e7as<\/a> para obter mais informa\u00e7\u00f5es sobre <strong>como declarar o IRS<\/strong>.\u00a0<\/p>\n\n\n\n<p>Relativamente a altera\u00e7\u00f5es a este imposto em 2023, s\u00e3o v\u00e1rias as mudan\u00e7as a assinalar face aos valores em vigor em 2022. Assim, haver\u00e1 uma <strong>subida de 5,1% dos escal\u00f5es do IRS<\/strong>, o que significa que ser\u00e1 preciso obter um rendimento mais alto para subir no escal\u00e3o percentual de IRS.\u00a0<\/p>\n\n\n\n<p>Os rendimentos passar\u00e3o a ser sujeitos a pagamento de IRS a partir dos 7.479\u20ac, com uma taxa de 14,5%. Em 2022 este primeiro escal\u00e3o tem a mesma percentagem de imposto mas \u00e9 aplic\u00e1vel logo a partir dos 7.116\u20ac. Com esta altera\u00e7\u00e3o, o primeiro patamar vai impactar os cidad\u00e3os com <strong>rendimentos 363 euros acima<\/strong> do que \u00e9 hoje aplicado.<\/p>\n\n\n\n<p>Outra das novidades \u00e9 a diminui\u00e7\u00e3o de dois pontos percentuais na taxa aplicada aos rendimentos do 2\u00ba escal\u00e3o, que <strong>passar\u00e1 de 23% para 21%.<\/strong> Este 2\u00ba escal\u00e3o passar\u00e1 a compreender os rendimentos entre os 7.479\u20ac e os 11.284\u20ac (em 2022 este escal\u00e3o engloba os rendimentos entre os 7.116\u20ac e os 10.736\u20ac). Esta redu\u00e7\u00e3o vai abranger mais de <strong>dois milh\u00f5es de agregados familiares.&nbsp;<\/strong><\/p>\n\n\n\n<p>No quadro abaixo pode fazer as compara\u00e7\u00f5es entre a tabela de IRS em vigor e a <strong>tabela de IRS de 2023.&nbsp;<\/strong><\/p>\n\n\n\n<p><strong>Conhe\u00e7a os escal\u00f5es de IRS de 2023:<\/strong><\/p>\n\n\n\n<figure class=\"wp-block-image size-full\"><img loading=\"lazy\" decoding=\"async\" width=\"732\" height=\"381\" src=\"https:\/\/www.imovirtual.com\/noticias\/wp-content\/uploads\/2022\/12\/Imovirtual_Tabelas.jpg\" alt=\"\" class=\"wp-image-4518\" srcset=\"https:\/\/www.imovirtual.com\/noticias\/wp-content\/uploads\/2022\/12\/Imovirtual_Tabelas.jpg 732w, https:\/\/www.imovirtual.com\/noticias\/wp-content\/uploads\/2022\/12\/Imovirtual_Tabelas-300x156.jpg 300w\" sizes=\"auto, (max-width: 732px) 100vw, 732px\" \/><\/figure>\n\n\n\n<p>\u00c9 de notar que as\u00a0<strong>novas tabelas de IRS<\/strong>\u00a0s\u00f3 ser\u00e3o aplicadas quando se proceder \u00e0 entrega do IRS de 2023, que acontecer\u00e1 apenas em 2024. Este novo modelo de\u00a0<strong>reten\u00e7\u00e3o na fonte do IRS<\/strong>\u00a0s\u00f3 passar\u00e1 a substituir o atual modelo a partir de julho, e n\u00e3o ser\u00e3o aplicados efeitos retroativos. Ou seja, para as contas do<strong>\u00a0IRS 2023<\/strong>\u00a0&#8211; relativos aos rendimentos auferidos no ano de 2022 &#8211; a tributa\u00e7\u00e3o continuar\u00e1 a ser feita com base na tabela atual, em vigor este ano.<\/p>\n\n\n\n<p>Outra das altera\u00e7\u00f5es diz respeito ao <strong>m\u00ednimo de subsist\u00eancia<\/strong>, que <strong>passa de \u20ac9.870<\/strong> em 2022 <strong>para \u20ac10.640<\/strong> em 2023, o que significa um aumento de 7,8%. Deste modo, ap\u00f3s o c\u00e1lculo da coleta de IRS o resultado for um rendimento inferior a \u20ac10.640, o contribuinte estar\u00e1 <strong>isento do pagamento do IRS.<\/strong><\/p>\n\n\n\n<h2 class=\"wp-block-heading\"><strong>Calend\u00e1rio para entrega do IRS em 2023<\/strong><\/h2>\n\n\n\n<figure class=\"wp-block-image size-full\"><img loading=\"lazy\" decoding=\"async\" width=\"760\" height=\"500\" src=\"https:\/\/www.imovirtual.com\/noticias\/wp-content\/uploads\/2022\/12\/img_B.jpg\" alt=\"Escal\u00f5es do irs para 2023\" class=\"wp-image-4517\" srcset=\"https:\/\/www.imovirtual.com\/noticias\/wp-content\/uploads\/2022\/12\/img_B.jpg 760w, https:\/\/www.imovirtual.com\/noticias\/wp-content\/uploads\/2022\/12\/img_B-300x197.jpg 300w\" sizes=\"auto, (max-width: 760px) 100vw, 760px\" \/><\/figure>\n\n\n\n<p>\u00c0 semelhan\u00e7a do que tem acontecido nos anos anteriores, tamb\u00e9m este ano teremos que aguardar pelo m\u00eas de janeiro para conhecer o <strong>calend\u00e1rio fiscal de 2023<\/strong>. S\u00f3 nessa altura saberemos o <strong>prazo de entrega do IRS 2023<\/strong>, ou seja, quando e <strong>como preencher o IRS <\/strong>. Tamb\u00e9m ser\u00e1 nessa altura que ser\u00e3o conhecidas as datas de entrega e pagamento de outras obriga\u00e7\u00f5es fiscais como o IRC, a Seguran\u00e7a Social, o IVA e o IMI.<\/p>\n","protected":false},"excerpt":{"rendered":"<p>O Minist\u00e9rio das Finan\u00e7as j\u00e1 divulgou os novos escal\u00f5es do IRS para 2023, ap\u00f3s a aprova\u00e7\u00e3o do Or\u00e7amento do Estado para 2023, que teve lugar no passado dia 25 de novembro. Para clarificar esta quest\u00e3o, e sabendo que nem todos conhecem a realidade da tributa\u00e7\u00e3o de impostos em Portugal, come\u00e7amos por explicar o que \u00e9 &hellip;<\/p>\n","protected":false},"author":3,"featured_media":4516,"comment_status":"open","ping_status":"open","sticky":true,"template":"","format":"standard","meta":{"footnotes":""},"categories":[6,37,13],"tags":[],"class_list":["post-4515","post","type-post","status-publish","format-standard","has-post-thumbnail","hentry","category-financas","category-financas-e-imobiliario","category-fiscalidade"],"_links":{"self":[{"href":"https:\/\/www.imovirtual.com\/noticias\/wp-json\/wp\/v2\/posts\/4515","targetHints":{"allow":["GET"]}}],"collection":[{"href":"https:\/\/www.imovirtual.com\/noticias\/wp-json\/wp\/v2\/posts"}],"about":[{"href":"https:\/\/www.imovirtual.com\/noticias\/wp-json\/wp\/v2\/types\/post"}],"author":[{"embeddable":true,"href":"https:\/\/www.imovirtual.com\/noticias\/wp-json\/wp\/v2\/users\/3"}],"replies":[{"embeddable":true,"href":"https:\/\/www.imovirtual.com\/noticias\/wp-json\/wp\/v2\/comments?post=4515"}],"version-history":[{"count":0,"href":"https:\/\/www.imovirtual.com\/noticias\/wp-json\/wp\/v2\/posts\/4515\/revisions"}],"wp:featuredmedia":[{"embeddable":true,"href":"https:\/\/www.imovirtual.com\/noticias\/wp-json\/wp\/v2\/media\/4516"}],"wp:attachment":[{"href":"https:\/\/www.imovirtual.com\/noticias\/wp-json\/wp\/v2\/media?parent=4515"}],"wp:term":[{"taxonomy":"category","embeddable":true,"href":"https:\/\/www.imovirtual.com\/noticias\/wp-json\/wp\/v2\/categories?post=4515"},{"taxonomy":"post_tag","embeddable":true,"href":"https:\/\/www.imovirtual.com\/noticias\/wp-json\/wp\/v2\/tags?post=4515"}],"curies":[{"name":"wp","href":"https:\/\/api.w.org\/{rel}","templated":true}]}}