{"id":4492,"date":"2022-11-29T10:10:35","date_gmt":"2022-11-29T10:10:35","guid":{"rendered":"https:\/\/www.imovirtual.com\/noticias\/?p=4492"},"modified":"2022-12-19T11:37:51","modified_gmt":"2022-12-19T11:37:51","slug":"barometro-precos-das-casas-em-novembro-de-2022-venda-arrendamento","status":"publish","type":"post","link":"https:\/\/www.imovirtual.com\/noticias\/relatorio-de-precos\/barometro-precos-das-casas-em-novembro-de-2022-venda-arrendamento\/","title":{"rendered":"Bar\u00f3metro. Pre\u00e7os das casas em novembro de 2022: venda e arrendamento"},"content":{"rendered":"\n<h2 class=\"wp-block-heading\"><strong>Quanto custa comprar uma casa em Portugal?<\/strong><\/h2>\n\n\n\n<p>Continuamos a assistir estabiliza\u00e7\u00e3o do mercado quando analisamos a varia\u00e7\u00e3o mensal. De <strong>outubro para novembro<\/strong> assistimos a um valor m\u00e9dio dos im\u00f3veis de 0,4%, passando de uma m\u00e9dia de 405.451\u20ac para 407.076\u20ac.<\/p>\n\n\n\n<p>De outubro para novembro, <strong>os distritos que registaram um aumento no pre\u00e7o das casas foram Castelo Branco, Santar\u00e9m e Leiria <\/strong>(+2,3%, 2,1% e 2,0% respetivamente)<strong>.<\/strong><\/p>\n\n\n\n<figure class=\"wp-block-image size-large is-resized\"><img loading=\"lazy\" decoding=\"async\" src=\"https:\/\/www.imovirtual.com\/noticias\/wp-content\/uploads\/2022\/11\/Artboard-20-1024x387.png\" alt=\"pre\u00e7o das casas\" class=\"wp-image-4500\" width=\"840\" height=\"317\" srcset=\"https:\/\/www.imovirtual.com\/noticias\/wp-content\/uploads\/2022\/11\/Artboard-20-1024x387.png 1024w, https:\/\/www.imovirtual.com\/noticias\/wp-content\/uploads\/2022\/11\/Artboard-20-300x113.png 300w, https:\/\/www.imovirtual.com\/noticias\/wp-content\/uploads\/2022\/11\/Artboard-20-768x290.png 768w, https:\/\/www.imovirtual.com\/noticias\/wp-content\/uploads\/2022\/11\/Artboard-20.png 1183w\" sizes=\"auto, (max-width: 840px) 100vw, 840px\" \/><\/figure>\n\n\n\n<p><strong>\u00c9vora e Viseu<\/strong> <strong>foram os distritos onde assistimos a uma maior quebra na ordem dos -3,2% e -2,1 <\/strong>respetivamente.<\/p>\n\n\n\n<figure class=\"wp-block-image size-large\"><img loading=\"lazy\" decoding=\"async\" width=\"1024\" height=\"254\" src=\"https:\/\/www.imovirtual.com\/noticias\/wp-content\/uploads\/2022\/11\/Artboard-19-1024x254.png\" alt=\"pre\u00e7o das casas\" class=\"wp-image-4499\" srcset=\"https:\/\/www.imovirtual.com\/noticias\/wp-content\/uploads\/2022\/11\/Artboard-19-1024x254.png 1024w, https:\/\/www.imovirtual.com\/noticias\/wp-content\/uploads\/2022\/11\/Artboard-19-300x75.png 300w, https:\/\/www.imovirtual.com\/noticias\/wp-content\/uploads\/2022\/11\/Artboard-19-768x191.png 768w, https:\/\/www.imovirtual.com\/noticias\/wp-content\/uploads\/2022\/11\/Artboard-19.png 1183w\" sizes=\"auto, (max-width: 1024px) 100vw, 1024px\" \/><\/figure>\n\n\n\n<p><strong>Veja na tabela abaixo, os valores m\u00e9dios e percentuais &#8211; e ainda os comparativos entre outubro e novembro e varia\u00e7\u00e3o com per\u00edodo hom\u00f3logo de 2021 &#8211; em todos os distritos de Portugal.<\/strong><\/p>\n\n\n\n<figure class=\"wp-block-image size-large\"><img loading=\"lazy\" decoding=\"async\" width=\"963\" height=\"1024\" src=\"https:\/\/www.imovirtual.com\/noticias\/wp-content\/uploads\/2022\/11\/Artboard-1-copy-2-963x1024.png\" alt=\"pre\u00e7o das casas\" class=\"wp-image-4494\" srcset=\"https:\/\/www.imovirtual.com\/noticias\/wp-content\/uploads\/2022\/11\/Artboard-1-copy-2-963x1024.png 963w, https:\/\/www.imovirtual.com\/noticias\/wp-content\/uploads\/2022\/11\/Artboard-1-copy-2-282x300.png 282w, https:\/\/www.imovirtual.com\/noticias\/wp-content\/uploads\/2022\/11\/Artboard-1-copy-2-768x817.png 768w, https:\/\/www.imovirtual.com\/noticias\/wp-content\/uploads\/2022\/11\/Artboard-1-copy-2.png 1162w\" sizes=\"auto, (max-width: 963px) 100vw, 963px\" \/><\/figure>\n\n\n\n<h2 class=\"wp-block-heading\"><strong>Quanto custa arrendar uma casa?<\/strong><\/h2>\n\n\n\n<p>Tal como em outubro assistimos a uma crescimento de <strong>9%,<\/strong> passando de 1.258\u20ac em outubro para 1.371\u20ac em novembro.<br>Arrendar uma casa em <strong>Bragan\u00e7a e \u00c9vora aumentou 47,2% <\/strong>(de 432\u20ac para 636\u20ac)<strong> e 35,2% <\/strong>(de 913\u20ac para 1.234\u20ac).<\/p>\n\n\n\n<figure class=\"wp-block-image size-large\"><img loading=\"lazy\" decoding=\"async\" width=\"1024\" height=\"240\" src=\"https:\/\/www.imovirtual.com\/noticias\/wp-content\/uploads\/2022\/11\/Artboard-1-copy-3-1024x240.png\" alt=\"pre\u00e7o das casas\" class=\"wp-image-4495\" srcset=\"https:\/\/www.imovirtual.com\/noticias\/wp-content\/uploads\/2022\/11\/Artboard-1-copy-3-1024x240.png 1024w, https:\/\/www.imovirtual.com\/noticias\/wp-content\/uploads\/2022\/11\/Artboard-1-copy-3-300x70.png 300w, https:\/\/www.imovirtual.com\/noticias\/wp-content\/uploads\/2022\/11\/Artboard-1-copy-3-768x180.png 768w, https:\/\/www.imovirtual.com\/noticias\/wp-content\/uploads\/2022\/11\/Artboard-1-copy-3.png 1162w\" sizes=\"auto, (max-width: 1024px) 100vw, 1024px\" \/><\/figure>\n\n\n\n<p>Em contrapartida, como pode ver na tabela abaixo, <strong>Beja, Vila Real e Guarda apresentaram quebras de pre\u00e7o percentual <\/strong>dos im\u00f3veis: -30,6%, -11,9% e -10,3%, respetivamente.&nbsp;<\/p>\n\n\n\n<figure class=\"wp-block-image size-large\"><img loading=\"lazy\" decoding=\"async\" width=\"1024\" height=\"278\" src=\"https:\/\/www.imovirtual.com\/noticias\/wp-content\/uploads\/2022\/11\/Artboard-1-copy-4-1024x278.png\" alt=\"pre\u00e7o das casas\" class=\"wp-image-4496\" srcset=\"https:\/\/www.imovirtual.com\/noticias\/wp-content\/uploads\/2022\/11\/Artboard-1-copy-4-1024x278.png 1024w, https:\/\/www.imovirtual.com\/noticias\/wp-content\/uploads\/2022\/11\/Artboard-1-copy-4-300x82.png 300w, https:\/\/www.imovirtual.com\/noticias\/wp-content\/uploads\/2022\/11\/Artboard-1-copy-4-768x209.png 768w, https:\/\/www.imovirtual.com\/noticias\/wp-content\/uploads\/2022\/11\/Artboard-1-copy-4.png 1162w\" sizes=\"auto, (max-width: 1024px) 100vw, 1024px\" \/><\/figure>\n\n\n\n<figure class=\"wp-block-image size-large\"><img loading=\"lazy\" decoding=\"async\" width=\"966\" height=\"1024\" src=\"https:\/\/www.imovirtual.com\/noticias\/wp-content\/uploads\/2022\/11\/Artboard-1-copy-6-966x1024.png\" alt=\"pre\u00e7o das casas\" class=\"wp-image-4502\" srcset=\"https:\/\/www.imovirtual.com\/noticias\/wp-content\/uploads\/2022\/11\/Artboard-1-copy-6-966x1024.png 966w, https:\/\/www.imovirtual.com\/noticias\/wp-content\/uploads\/2022\/11\/Artboard-1-copy-6-283x300.png 283w, https:\/\/www.imovirtual.com\/noticias\/wp-content\/uploads\/2022\/11\/Artboard-1-copy-6-768x814.png 768w, https:\/\/www.imovirtual.com\/noticias\/wp-content\/uploads\/2022\/11\/Artboard-1-copy-6.png 1163w\" sizes=\"auto, (max-width: 966px) 100vw, 966px\" \/><\/figure>\n\n\n\n<h2 class=\"wp-block-heading\"><strong>Varia\u00e7\u00e3o Anual: Novembro 2022 vs Novembro 2021<\/strong><\/h2>\n\n\n\n<p>Relativamente ao pre\u00e7o das casas para venda, a n\u00edvel nacional, verifica-se uma subida de 10,8%, os valores anunciados no Imovirtual em 2021 tinham um valor m\u00e9dio de 367.543\u20ac, contra o valor de 407.076\u20ac que se verifica atualmente.&nbsp;<\/p>\n\n\n\n<p>Comparando com valores de 2021, <strong>os distritos que registaram um maior aumento no pre\u00e7o das casas foram, novamente, a Regi\u00e3o Aut\u00f3noma da Madeira<\/strong> (+23,6%, de 379.992\u20ac para 469.630\u20ac)<strong>, Set\u00fabal <\/strong>(+20,7%, de 314.989\u20ac para 380.346\u20ac), <strong>Santar\u00e9m<\/strong> (+17,3%, de 171.035\u20ac para 200.556\u20ac) e <strong>Guarda <\/strong>(+16,5%, de 112.969\u20ac para 131.575\u20ac)<strong>.<\/strong><\/p>\n\n\n\n<p><strong>\u00c9vora <\/strong>(-3,2%, de 279.516\u20ac para 270.689\u20ac)<strong> <\/strong>e <strong>Viseu <\/strong>(-2,1%, de 182.354\u20ac para 178.540\u20ac) <strong>s\u00e3o os distritos que registaram a maior queda de pre\u00e7os de um ano para o outro<\/strong>.<\/p>\n\n\n\n<figure class=\"wp-block-image size-full\"><img loading=\"lazy\" decoding=\"async\" width=\"820\" height=\"457\" src=\"https:\/\/www.imovirtual.com\/noticias\/wp-content\/uploads\/2022\/11\/Artboard-8.png\" alt=\"pre\u00e7o das casas\" class=\"wp-image-4504\" srcset=\"https:\/\/www.imovirtual.com\/noticias\/wp-content\/uploads\/2022\/11\/Artboard-8.png 820w, https:\/\/www.imovirtual.com\/noticias\/wp-content\/uploads\/2022\/11\/Artboard-8-300x167.png 300w, https:\/\/www.imovirtual.com\/noticias\/wp-content\/uploads\/2022\/11\/Artboard-8-768x428.png 768w\" sizes=\"auto, (max-width: 820px) 100vw, 820px\" \/><\/figure>\n\n\n\n<p>Relativamente ao pre\u00e7o das casas para arrendar, a n\u00edvel nacional, verifica-se uma subida de 30,8%, os valores anunciados no Imovirtual em 2021 tinham um valor m\u00e9dio de 1.048\u20ac, contra o valor de 1.371\u20ac que se verifica atualmente.&nbsp;<\/p>\n\n\n\n<p>Arrendar uma casa em <strong>\u00c9vora, Lisboa,<\/strong> <strong>Castelo Branco, Viseu e Set\u00fabal aumentaram uns impressionantes 111,3% <\/strong>(de 584\u20ac para 1.234\u20ac),<strong> 51,6% <\/strong>(de 1.295\u20ac para 1.963\u20ac),<strong> 47,2% <\/strong>(de 422\u20ac para 621\u20ac),<strong> 46,1% <\/strong>(de 473\u20ac para 691\u20ac) e<strong> 46% <\/strong>(de 800\u20ac para 1.168\u20ac)<strong> respetivamente.<\/strong><\/p>\n\n\n\n<p>Se quer saber onde pode encontrar as casas mais baratas para arrendar saiba que os \u00fanicos distritos que registaram uma <strong>quebra percentual foi Guarda com -11,6% <\/strong>(de 491\u20ac para 434\u20ac), <strong>Portalegre -4,7% <\/strong>(453\u20ac para 432\u20ac) <strong>e Vila Real -4,3% <\/strong>(de 509\u20ac para 487\u20ac).<\/p>\n\n\n\n<figure class=\"wp-block-image size-full\"><img loading=\"lazy\" decoding=\"async\" width=\"813\" height=\"448\" src=\"https:\/\/www.imovirtual.com\/noticias\/wp-content\/uploads\/2022\/11\/Artboard-8-copy.png\" alt=\"pre\u00e7o das casas\" class=\"wp-image-4498\" srcset=\"https:\/\/www.imovirtual.com\/noticias\/wp-content\/uploads\/2022\/11\/Artboard-8-copy.png 813w, https:\/\/www.imovirtual.com\/noticias\/wp-content\/uploads\/2022\/11\/Artboard-8-copy-300x165.png 300w, https:\/\/www.imovirtual.com\/noticias\/wp-content\/uploads\/2022\/11\/Artboard-8-copy-768x423.png 768w\" sizes=\"auto, (max-width: 813px) 100vw, 813px\" \/><\/figure>\n\n\n\n<p><strong>Veja tamb\u00e9m<\/strong><\/p>\n\n\n\n<ul class=\"wp-block-list\"><li><strong><a href=\"https:\/\/www.imovirtual.com\/noticias\/imobiliario\/tudo-o-que-precisa-saber-sobre-imoveis-do-banco-e-casas-penhoradas\/\" target=\"_blank\" rel=\"noreferrer noopener\">Tudo o que precisa de saber sobre im\u00f3veis do banco e casas penhoradas<\/a><\/strong><\/li><li><strong><a href=\"https:\/\/www.imovirtual.com\/noticias\/decoracao\/5-tendencias-de-decoracao-de-casas-para-2023\/\" target=\"_blank\" rel=\"noreferrer noopener\">5 tend\u00eancias de decora\u00e7\u00e3o para 2023<\/a><\/strong><\/li><li><strong><a href=\"https:\/\/www.imovirtual.com\/noticias\/imoblog\/precos-das-casas\/noticias-imobiliario-imosintese-setembro-e-outubro-de-2022\/\" target=\"_blank\" rel=\"noreferrer noopener\">Not\u00edcias Imobili\u00e1rio &#8211; setembro e outubro de 2022<\/a><\/strong><\/li><\/ul>\n","protected":false},"excerpt":{"rendered":"<p>Quanto custa comprar uma casa em Portugal? Continuamos a assistir estabiliza\u00e7\u00e3o do mercado quando analisamos a varia\u00e7\u00e3o mensal. De outubro para novembro assistimos a um valor m\u00e9dio dos im\u00f3veis de 0,4%, passando de uma m\u00e9dia de 405.451\u20ac para 407.076\u20ac. De outubro para novembro, os distritos que registaram um aumento no pre\u00e7o das casas foram Castelo &hellip;<\/p>\n","protected":false},"author":3,"featured_media":4493,"comment_status":"open","ping_status":"open","sticky":true,"template":"","format":"standard","meta":{"footnotes":""},"categories":[17,2],"tags":[],"class_list":["post-4492","post","type-post","status-publish","format-standard","has-post-thumbnail","hentry","category-precos-das-casas","category-relatorio-de-precos"],"_links":{"self":[{"href":"https:\/\/www.imovirtual.com\/noticias\/wp-json\/wp\/v2\/posts\/4492","targetHints":{"allow":["GET"]}}],"collection":[{"href":"https:\/\/www.imovirtual.com\/noticias\/wp-json\/wp\/v2\/posts"}],"about":[{"href":"https:\/\/www.imovirtual.com\/noticias\/wp-json\/wp\/v2\/types\/post"}],"author":[{"embeddable":true,"href":"https:\/\/www.imovirtual.com\/noticias\/wp-json\/wp\/v2\/users\/3"}],"replies":[{"embeddable":true,"href":"https:\/\/www.imovirtual.com\/noticias\/wp-json\/wp\/v2\/comments?post=4492"}],"version-history":[{"count":0,"href":"https:\/\/www.imovirtual.com\/noticias\/wp-json\/wp\/v2\/posts\/4492\/revisions"}],"wp:featuredmedia":[{"embeddable":true,"href":"https:\/\/www.imovirtual.com\/noticias\/wp-json\/wp\/v2\/media\/4493"}],"wp:attachment":[{"href":"https:\/\/www.imovirtual.com\/noticias\/wp-json\/wp\/v2\/media?parent=4492"}],"wp:term":[{"taxonomy":"category","embeddable":true,"href":"https:\/\/www.imovirtual.com\/noticias\/wp-json\/wp\/v2\/categories?post=4492"},{"taxonomy":"post_tag","embeddable":true,"href":"https:\/\/www.imovirtual.com\/noticias\/wp-json\/wp\/v2\/tags?post=4492"}],"curies":[{"name":"wp","href":"https:\/\/api.w.org\/{rel}","templated":true}]}}