{"id":4458,"date":"2022-11-23T12:22:36","date_gmt":"2022-11-23T12:22:36","guid":{"rendered":"https:\/\/www.imovirtual.com\/noticias\/?p=4458"},"modified":"2024-08-28T10:18:49","modified_gmt":"2024-08-28T10:18:49","slug":"5-tendencias-de-decoracao-de-casas-para-2023","status":"publish","type":"post","link":"https:\/\/www.imovirtual.com\/noticias\/lifestyle\/5-tendencias-de-decoracao-de-casas-para-2023\/","title":{"rendered":"5 tend\u00eancias de decora\u00e7\u00e3o para 2023"},"content":{"rendered":"\n<p>Uma das heran\u00e7as que a pandemia nos deixou foi uma maior valoriza\u00e7\u00e3o das nossas casas. Vermo-nos confinados ao nosso espa\u00e7o, fez-nos perceber a import\u00e2ncia de ter uma <strong>casa confort\u00e1vel<\/strong> e feita \u00e0 medida dos nossos gostos e necessidades. Por isso, reunimos 5 tend\u00eancias de decora\u00e7\u00e3o para 2023.<\/p>\n\n\n\n<p>Inevitavelmente, as tend\u00eancias de decora\u00e7\u00e3o mudaram. Depois de v\u00e1rios anos em que o minimalismo reinou, passamos a privilegiar o conforto e os <strong>ambientes quentes e \u00edntimos<\/strong>. Trazer a natureza para dentro de casa \u00e9 agora a tend\u00eancia. Seja nos materiais, nas cores, nos elementos de decora\u00e7\u00e3o e na presen\u00e7a de plantas e flores em profus\u00e3o.<\/p>\n\n\n\n<p>Continue a ler este artigo e conhe\u00e7a as tend\u00eancias de decora\u00e7\u00e3o para o pr\u00f3ximo ano, que v\u00e3o certamente tornar a sua casa mais <strong>um espa\u00e7o onde apetece estar<\/strong>.<\/p>\n\n\n\n<ol class=\"wp-block-list\"><li><strong>Aproveitar a luz natural<\/strong><\/li><\/ol>\n\n\n\n<p>A <strong>luz natural<\/strong> passou a ser mais do que bem-vinda, se antes j\u00e1 era importante, agora \u00e9 primordial. Assim, <strong>aproveite ao m\u00e1ximo as janelas<\/strong> e opte por cortinas leves e transparentes que deixem entrar o mais poss\u00edvel a luminosidade do exterior. Se tem d\u00favidas de como decorar casas pequenas, este \u00e9 um dos truques: janelas amplas e <strong>salas cheias de luz<\/strong> tornam as divis\u00f5es maiores.<\/p>\n\n\n\n<figure class=\"wp-block-image size-full\"><img loading=\"lazy\" decoding=\"async\" width=\"760\" height=\"500\" src=\"https:\/\/www.imovirtual.com\/noticias\/wp-content\/uploads\/2022\/11\/img_02-1.jpg\" alt=\"Como decorar casas simples\" class=\"wp-image-4460\" srcset=\"https:\/\/www.imovirtual.com\/noticias\/wp-content\/uploads\/2022\/11\/img_02-1.jpg 760w, https:\/\/www.imovirtual.com\/noticias\/wp-content\/uploads\/2022\/11\/img_02-1-300x197.jpg 300w\" sizes=\"auto, (max-width: 760px) 100vw, 760px\" \/><\/figure>\n\n\n\n<p><strong>2. Plantas e mais plantas<\/strong><\/p>\n\n\n\n<p>A <strong>proximidade \u00e0 natureza<\/strong> e o \u201ctrazer o verde para dentro de casa\u201d passa por usar e abusar das <strong><a href=\"https:\/\/www.homeit.com.br\/tendencias-jardinagem-e-paisagismo-2023\/\" target=\"_blank\" rel=\"noreferrer noopener\">plantas<\/a><\/strong>. N\u00e3o h\u00e1 limite para o n\u00famero de vasos que pode ter. Ser\u00e1 um hobby a explorar que lhe pode trazer <strong>tranquilidade<\/strong> e transformar\u00e1 automaticamente o ambiente da sua casa. Experimente perguntar \u00e0s amigas, familiares e vizinhas, se t\u00eam plantas e se lhe podem dar \u201cum pezinho\u201d de cada uma. Esta ser\u00e1 uma forma de decorar a sua casa <strong>gastando pouco dinheiro<\/strong>. <\/p>\n\n\n\n<figure class=\"wp-block-image size-full\"><img loading=\"lazy\" decoding=\"async\" width=\"760\" height=\"500\" src=\"https:\/\/www.imovirtual.com\/noticias\/wp-content\/uploads\/2022\/11\/img_03.jpg\" alt=\"tend\u00eancias de decora\u00e7\u00e3o 2023\" class=\"wp-image-4461\" srcset=\"https:\/\/www.imovirtual.com\/noticias\/wp-content\/uploads\/2022\/11\/img_03.jpg 760w, https:\/\/www.imovirtual.com\/noticias\/wp-content\/uploads\/2022\/11\/img_03-300x197.jpg 300w\" sizes=\"auto, (max-width: 760px) 100vw, 760px\" \/><\/figure>\n\n\n\n<p>3. <strong>Formas arredondadas<\/strong><\/p>\n\n\n\n<p>O conforto torna-se mais importante que a est\u00e9tica, mas \u00e9 perfeitamente poss\u00edvel <strong>conciliar ambas as tend\u00eancias<\/strong>. Uma das mudan\u00e7as s\u00e3o as formas utilizadas no mobili\u00e1rio. Depois de muito tempo em que as formas retas e linhas direitas dominavam, agora os arredondados est\u00e3o de volta tornando os <strong>ambientes mais aconchegantes<\/strong>. Esta tend\u00eancia \u00e9 tamb\u00e9m uma vantagem para quem precisa de decorar casas pequenas. O mobili\u00e1rio de formas arredondadas \u00e9, normalmente, de dimens\u00f5es mais pequenas e torna os espa\u00e7os reduzidos mais harmoniosos.<\/p>\n\n\n\n<figure class=\"wp-block-image size-full\"><img loading=\"lazy\" decoding=\"async\" width=\"760\" height=\"500\" src=\"https:\/\/www.imovirtual.com\/noticias\/wp-content\/uploads\/2022\/11\/img_04.jpg\" alt=\"tend\u00eancias de decora\u00e7\u00e3o 2023\" class=\"wp-image-4462\" srcset=\"https:\/\/www.imovirtual.com\/noticias\/wp-content\/uploads\/2022\/11\/img_04.jpg 760w, https:\/\/www.imovirtual.com\/noticias\/wp-content\/uploads\/2022\/11\/img_04-300x197.jpg 300w\" sizes=\"auto, (max-width: 760px) 100vw, 760px\" \/><\/figure>\n\n\n\n<p>4. <strong>Materiais naturais: madeira e pedra<\/strong><\/p>\n\n\n\n<p>A utiliza\u00e7\u00e3o de <strong>materiais naturais<\/strong>, como a <strong>madeira<\/strong> e a pedra, est\u00e3o na ordem do dia. Associar as mat\u00e9rias primas naturais com as plantas, far\u00e1 sentir-se num jardim, dentro de sua casa. Soalhos de madeira, m\u00f3veis em <strong>madeira de cor natural<\/strong> e <strong>revestimentos de pedra<\/strong>, estar\u00e3o presentes um pouco por todo o lado. Todos misturados far\u00e3o um efeito impressionante.<\/p>\n\n\n\n<figure class=\"wp-block-image size-full\"><img loading=\"lazy\" decoding=\"async\" width=\"760\" height=\"500\" src=\"https:\/\/www.imovirtual.com\/noticias\/wp-content\/uploads\/2022\/11\/img_05.jpg\" alt=\"como decorar casas pequenas gastando pouco\" class=\"wp-image-4463\" srcset=\"https:\/\/www.imovirtual.com\/noticias\/wp-content\/uploads\/2022\/11\/img_05.jpg 760w, https:\/\/www.imovirtual.com\/noticias\/wp-content\/uploads\/2022\/11\/img_05-300x197.jpg 300w\" sizes=\"auto, (max-width: 760px) 100vw, 760px\" \/><\/figure>\n\n\n\n<p>5.<strong> Tons da natureza<\/strong><\/p>\n\n\n\n<p>Est\u00e1 na hora de pintar as paredes! Os brancos e beges, d\u00e3o lugar \u00e0s cores da natureza: <strong>verdes, azuis, laranjas e castanhos<\/strong>. Aposte nestes tons para modernizar o ambiente e tornar a sua casa um espa\u00e7o onde se sinta muito confort\u00e1vel.\u00a0<\/p>\n\n\n\n<figure class=\"wp-block-image size-full\"><img loading=\"lazy\" decoding=\"async\" width=\"760\" height=\"500\" src=\"https:\/\/www.imovirtual.com\/noticias\/wp-content\/uploads\/2022\/11\/img_06.jpg\" alt=\"ideias de decora\u00e7\u00e3o para casas pequenas e simples\" class=\"wp-image-4464\" srcset=\"https:\/\/www.imovirtual.com\/noticias\/wp-content\/uploads\/2022\/11\/img_06.jpg 760w, https:\/\/www.imovirtual.com\/noticias\/wp-content\/uploads\/2022\/11\/img_06-300x197.jpg 300w\" sizes=\"auto, (max-width: 760px) 100vw, 760px\" \/><\/figure>\n\n\n\n<p>Agora que j\u00e1 lhe demos algumas ideias do que ser\u00e3o consideradas <strong>casas bem decoradas em 2023<\/strong>, ponha m\u00e3os \u00e0 obra. Com alguma <strong>imagina\u00e7\u00e3o<\/strong>, e um pouco de trabalho, poder\u00e1 ter um ambiente <strong><em>trendy<\/em> e moderno<\/strong> na sua casa, gastando pouco dinheiro e seguindo as 5 tend\u00eancias de decora\u00e7\u00e3o para 2023.<\/p>\n\n\n\n<p><strong>Veja tamb\u00e9m:<\/strong><\/p>\n\n\n\n<ol class=\"wp-block-list\"><li><strong><a href=\"https:\/\/www.imovirtual.com\/noticias\/noticias\/calendario-escolar-2023-dias-de-aulas-vs-dias-de-ferias\/\" target=\"_blank\" rel=\"noreferrer noopener\">Calend\u00e1rio Escolar 2023\/2024<\/a><\/strong><\/li><li><strong><a href=\"https:\/\/www.imovirtual.com\/noticias\/lifestyle\/10-cidades-para-comprar-uma-casa-de-ferias\/\" target=\"_blank\" rel=\"noreferrer noopener\">10 cidades de Portugal para comprar uma casa de f\u00e9rias<\/a><\/strong><\/li><li><strong><a href=\"https:\/\/www.imovirtual.com\/noticias\/imobiliario\/feriados-em-portugal-em-2023\/\" target=\"_blank\" rel=\"noreferrer noopener\">Feriados em Portugal em 2023<\/a><\/strong><\/li><\/ol>\n","protected":false},"excerpt":{"rendered":"<p>Uma das heran\u00e7as que a pandemia nos deixou foi uma maior valoriza\u00e7\u00e3o das nossas casas. Vermo-nos confinados ao nosso espa\u00e7o, fez-nos perceber a import\u00e2ncia de ter uma casa confort\u00e1vel e feita \u00e0 medida dos nossos gostos e necessidades. Por isso, reunimos 5 tend\u00eancias de decora\u00e7\u00e3o para 2023. Inevitavelmente, as tend\u00eancias de decora\u00e7\u00e3o mudaram. Depois de &hellip;<\/p>\n","protected":false},"author":3,"featured_media":4459,"comment_status":"open","ping_status":"open","sticky":true,"template":"","format":"standard","meta":{"footnotes":""},"categories":[3],"tags":[],"class_list":["post-4458","post","type-post","status-publish","format-standard","has-post-thumbnail","hentry","category-lifestyle"],"_links":{"self":[{"href":"https:\/\/www.imovirtual.com\/noticias\/wp-json\/wp\/v2\/posts\/4458","targetHints":{"allow":["GET"]}}],"collection":[{"href":"https:\/\/www.imovirtual.com\/noticias\/wp-json\/wp\/v2\/posts"}],"about":[{"href":"https:\/\/www.imovirtual.com\/noticias\/wp-json\/wp\/v2\/types\/post"}],"author":[{"embeddable":true,"href":"https:\/\/www.imovirtual.com\/noticias\/wp-json\/wp\/v2\/users\/3"}],"replies":[{"embeddable":true,"href":"https:\/\/www.imovirtual.com\/noticias\/wp-json\/wp\/v2\/comments?post=4458"}],"version-history":[{"count":0,"href":"https:\/\/www.imovirtual.com\/noticias\/wp-json\/wp\/v2\/posts\/4458\/revisions"}],"wp:featuredmedia":[{"embeddable":true,"href":"https:\/\/www.imovirtual.com\/noticias\/wp-json\/wp\/v2\/media\/4459"}],"wp:attachment":[{"href":"https:\/\/www.imovirtual.com\/noticias\/wp-json\/wp\/v2\/media?parent=4458"}],"wp:term":[{"taxonomy":"category","embeddable":true,"href":"https:\/\/www.imovirtual.com\/noticias\/wp-json\/wp\/v2\/categories?post=4458"},{"taxonomy":"post_tag","embeddable":true,"href":"https:\/\/www.imovirtual.com\/noticias\/wp-json\/wp\/v2\/tags?post=4458"}],"curies":[{"name":"wp","href":"https:\/\/api.w.org\/{rel}","templated":true}]}}