{"id":443,"date":"2022-04-18T00:00:00","date_gmt":"2022-04-18T00:00:00","guid":{"rendered":"https:\/\/www.imovirtual.com\/noticias2\/2022\/04\/18\/imosintese-noticias-140422\/"},"modified":"2022-04-18T00:00:00","modified_gmt":"2022-04-18T00:00:00","slug":"imosintese-noticias-140422","status":"publish","type":"post","link":"https:\/\/www.imovirtual.com\/noticias\/novidades\/imosintese-noticias-140422\/","title":{"rendered":"IMOS\u00cdNTESE &#8211; NOT\u00cdCIAS 14\/04"},"content":{"rendered":"<p class=\"css-8qfla4\">\n<p class=\"css-m5h6m0 edperro0\">\n<h2><strong>Em parceria com o Di\u00e1rio Imobili\u00e1rio, o Imovirtual apresenta diariamente um resumo notici\u00e1rio dos acontecimentos mais relevantes do dia. Fique a par das \u00faltimas novidades do Mercado Imobili\u00e1rio:<\/strong><\/h2>\n<\/p>\n<h1><strong>Alojamento tur\u00edstico ainda abaixo do per\u00edodo de pr\u00e9-pandemia<\/strong><\/h1>\n<p>O sector do alojamento tur\u00edstico registou 1,2 milh\u00f5es de h\u00f3spedes e 2,9 milh\u00f5es de dormidas em Fevereiro de 2022, correspondendo a aumentos de 507,0% e 527,1%, respectivamente, superiores aos registados em Janeiro passado, +182,3% e +185,0%, pela mesma ordem.<\/p>\n<h3><strong>Saiba mais <a href=\"https:\/\/www.diarioimobiliario.pt\/Turismo\/Alojamento-turistico-ainda-abaixo-do-periodo-de-pre-pandemia\" target=\"_blank\" rel=\"noopener\">aqui<\/a><\/strong><\/h3>\n<\/p>\n<h1><strong>Casa mais sustent\u00e1vel espanhola com toque portugu\u00eas<\/strong><\/h1>\n<p>\u201cA casa mais sustent\u00e1vel de Espanha\u201d escolheu a OLI para equipar os seus espa\u00e7os de banho. A Casa Sophia \u00e9 uma casa de 260 metros quadrados, distribu\u00eddos por dois pisos, que se assume como um laborat\u00f3rio de trabalho e de investiga\u00e7\u00e3o. Aqui s\u00e3o mostrados os sistemas e os materiais utilizados que possibilitam a constru\u00e7\u00e3o mais sustent\u00e1vel da Europa.<\/p>\n<h3><strong>Saiba mais <a href=\"https:\/\/www.diarioimobiliario.pt\/Actualidade\/Sustentabilidade\/Casa-mais-sustentavel-espanhola-com-toque-portugues\" target=\"_blank\" rel=\"noopener\">aqui<\/a><\/strong><\/h3>\n<\/p>\n<h1><strong>iad Portugal fecha o m\u00eas de Mar\u00e7o com novos recordes<\/strong><\/h1>\n<p>No m\u00eas de Mar\u00e7o atingiram-se novos recordes na iad Portugal. A rede de consultores imobili\u00e1rios independentes alcan\u00e7ou um volume de neg\u00f3cios mensal de 1,8 milh\u00f5es de euros, quando at\u00e9 agora o m\u00e1ximo atingido tinha sido de 1,5 milh\u00f5es num s\u00f3 m\u00eas de actividade.<\/p>\n<h3><strong>Saiba mais <a href=\"https:\/\/diarioimobiliario.pt\/Actualidade\/iad-Portugal-fecha-o-mes-de-Marco-com-novos-recordes\" target=\"_blank\" rel=\"noopener\">aqui<\/a><\/strong><\/h3>\n<\/p>\n<h1><strong>OE2022: Empres\u00e1rios alertam para aus\u00eancia de medidas decisivas para apoiar as empresas<\/strong><\/h1>\n<p>A&nbsp;AEP \u2013 Associa\u00e7\u00e3o Empresarial de Portugal considera a segunda proposta de Or\u00e7amento do Estado para 2022&nbsp;um misto da primeira proposta \u2212 onde n\u00e3o havia qualquer foco no apoio ao potencial produtivo \u2212 com as recentes medidas apresentadas pelo Governo para mitigar a crise, que apesar de positivas, s\u00e3o tardias, insuficientes e apenas conjunturais.<\/p>\n<h3><strong>Saiba mais <a href=\"https:\/\/www.diarioimobiliario.pt\/Actualidade\/OE2022-Empresarios-alertam-para-ausencia-de-medidas-decisivas-para-apoiar-as-empresas\" target=\"_blank\" rel=\"noopener\">aqui<\/a><\/strong><\/h3>\n<\/p>\n<h1><strong>Imobili\u00e1ria de Guimar\u00e3es realiza o sonho de jovens em S. Tom\u00e9 e Pr\u00edncipe<\/strong><\/h1>\n<p>M\u00e9dico. Juiz. Engenheiro. Cada um dos jovens da Ro\u00e7a Lemb\u00e1, em S. Tom\u00e9 e Pr\u00edncipe, tem um objetivo por cumprir. Para j\u00e1, puderam realizar o seu maior sonho: terem equipamentos, uma equipa de futebol e imaginarem-se a pisar os maiores palcos mundiais.<\/p>\n<h3><strong>Saiba mais <a href=\"https:\/\/www.diarioimobiliario.pt\/Actualidade\/Imobiliaria-de-Guimaraes-realiza-o-sonho-de-jovens-em-S.-Tome-e-Principe\" target=\"_blank\" rel=\"noopener\">aqui<\/a><\/strong><\/h3>\n<\/p>\n<p><strong>Leia as anteriores Imos\u00edntese:<\/strong><\/p>\n<p><strong>\ud83d\udc49<a href=\"https:\/\/www.imovirtual.com\/noticias\/noticias\/imosintese-noticias-130422\" target=\"_blank\" rel=\"noopener\">IMOS\u00cdNTESE &#8211; NOT\u00cdCIAS 13\/04<\/a><\/strong><\/p>\n<p><strong>\ud83d\udc49<a href=\"https:\/\/www.imovirtual.com\/noticias\/noticias\/imosintese-noticias-120422\" target=\"_blank\" rel=\"noopener\">IMOS\u00cdNTESE &#8211; NOT\u00cdCIAS 12\/04<\/a><\/strong><\/p>\n<p><strong>\ud83d\udc49<a href=\"https:\/\/www.imovirtual.com\/noticias\/noticias\/imosintese-noticias-1104\" target=\"_blank\" rel=\"noopener\">IMOS\u00cdNTESE &#8211; NOT\u00cdCIAS 11\/04<\/a><\/strong><\/p>\n<\/p>\n<div class=\"css-h5fkc8\"><strong>Ultima actualiza\u00e7\u00e3o:<\/strong> 18 abril 2022<\/div>\n","protected":false},"excerpt":{"rendered":"<p>Em parceria com o Di\u00e1rio Imobili\u00e1rio, o Imovirtual apresenta diariamente um resumo notici\u00e1rio dos acontecimentos mais relevantes do dia. Fique a par das \u00faltimas novidades do Mercado Imobili\u00e1rio: Alojamento tur\u00edstico ainda abaixo do per\u00edodo de pr\u00e9-pandemia O sector do alojamento tur\u00edstico registou 1,2 milh\u00f5es de h\u00f3spedes e 2,9 milh\u00f5es de dormidas em Fevereiro de 2022, &hellip;<\/p>\n","protected":false},"author":3,"featured_media":100,"comment_status":"closed","ping_status":"open","sticky":false,"template":"","format":"standard","meta":{"footnotes":""},"categories":[4],"tags":[],"class_list":["post-443","post","type-post","status-publish","format-standard","has-post-thumbnail","hentry","category-novidades"],"_links":{"self":[{"href":"https:\/\/www.imovirtual.com\/noticias\/wp-json\/wp\/v2\/posts\/443","targetHints":{"allow":["GET"]}}],"collection":[{"href":"https:\/\/www.imovirtual.com\/noticias\/wp-json\/wp\/v2\/posts"}],"about":[{"href":"https:\/\/www.imovirtual.com\/noticias\/wp-json\/wp\/v2\/types\/post"}],"author":[{"embeddable":true,"href":"https:\/\/www.imovirtual.com\/noticias\/wp-json\/wp\/v2\/users\/3"}],"replies":[{"embeddable":true,"href":"https:\/\/www.imovirtual.com\/noticias\/wp-json\/wp\/v2\/comments?post=443"}],"version-history":[{"count":0,"href":"https:\/\/www.imovirtual.com\/noticias\/wp-json\/wp\/v2\/posts\/443\/revisions"}],"wp:featuredmedia":[{"embeddable":true,"href":"https:\/\/www.imovirtual.com\/noticias\/wp-json\/wp\/v2\/media\/100"}],"wp:attachment":[{"href":"https:\/\/www.imovirtual.com\/noticias\/wp-json\/wp\/v2\/media?parent=443"}],"wp:term":[{"taxonomy":"category","embeddable":true,"href":"https:\/\/www.imovirtual.com\/noticias\/wp-json\/wp\/v2\/categories?post=443"},{"taxonomy":"post_tag","embeddable":true,"href":"https:\/\/www.imovirtual.com\/noticias\/wp-json\/wp\/v2\/tags?post=443"}],"curies":[{"name":"wp","href":"https:\/\/api.w.org\/{rel}","templated":true}]}}