{"id":4429,"date":"2020-04-28T00:00:00","date_gmt":"2020-04-28T00:00:00","guid":{"rendered":"https:\/\/www.imovirtual.com\/noticias2\/2020\/04\/28\/heat-map-dos-distritos-de-portugal-id100-html\/"},"modified":"2020-04-28T00:00:00","modified_gmt":"2020-04-28T00:00:00","slug":"heat-map-dos-distritos-de-portugal-id100-html","status":"publish","type":"post","link":"https:\/\/www.imovirtual.com\/noticias\/relatorio-de-precos\/heat-map-dos-distritos-de-portugal-id100-html\/","title":{"rendered":"Heat Map dos Distritos de Portugal"},"content":{"rendered":"<p class=\"css-8qfla4\">\n<p class=\"css-m5h6m0 edperro0\">\n<p>O estudo do Distritio Ideal de Portugal foca-se nos 18 distritos do pa\u00eds e ocorreu entre Abril e Setembro de 2018.  <\/p>\n<\/p>\n<p><strong>M\u00e9todo: <\/strong>Foi realizado um question\u00e1rio quantitativo (classifica\u00e7\u00e3o de 1 a 5), onde os utilizadores avaliaram os distritos onde residem pelas suas caracter\u00edsticas e, tamb\u00e9m, pelo n\u00famero de membros da sua fam\u00edlia. Obtivemos um total de 14.998 respostas. A m\u00e9dia do n\u00famero de pessoas que vive na mesma casa (incluindo o inquirido) corresponde a 3. A m\u00e9dia do n\u00famero de crian\u00e7as e jovens com menos de 18 anos que vive na mesma casa (incluindo o inquirido) foi de 1 pessoa. As var\u00e1ives consideradas no estudo, s\u00e3o as seguintes:   <\/p>\n<\/p>\n<p>De uma forma geral, os portuguese os est\u00e3o satisfeitos com:  <\/p>\n<ul>\n<li>Seguran\u00e7a;  <\/li>\n<li>Qualidade do Ar.  <\/li>\n<\/ul>\n<p>Por outro lado, est\u00e3o <strong>mais descontentes com<\/strong>:  <\/p>\n<ul>\n<li>Transportes P\u00fablicos;  <\/li>\n<li>Espa\u00e7os de Sa\u00fade.  <\/li>\n<\/ul>\n<p>A nota mais elevada, considerando todas as categorias \u00e9 4.35 e refere-se \u00e0 Seguran\u00e7a em Viseu. A pior nota corresponde a 2.51 e refere-se aos Transportes p\u00fablicos de Bragan\u00e7a.   No que toca a regi\u00f5es, o Norte foi a zona melhor classificada e o Alentejo obteve a pior classifica\u00e7\u00e3o.    <\/p>\n<\/p>\n<p><strong>Segue-se a avalia\u00e7\u00e3o global final por distrito:<br \/>\n<br \/><\/strong><br \/>\n<br \/>Contrapostas as diferentes vari\u00e1veis, Viana do Castelo \u00e9 o distrito com melhor classifica\u00e7\u00e3o, obtendo um resultado de 4,02. Beja, obteve o menor score de todos os distritos com 3,63 em 5 pontos. <\/p>\n<\/p>\n<div class=\"css-h5fkc8\"><strong>Ultima actualiza\u00e7\u00e3o:<\/strong> 14 agosto 2020<\/div>\n","protected":false},"excerpt":{"rendered":"<p>O estudo do Distritio Ideal de Portugal foca-se nos 18 distritos do pa\u00eds e ocorreu entre Abril e Setembro de 2018. M\u00e9todo: Foi realizado um question\u00e1rio quantitativo (classifica\u00e7\u00e3o de 1 a 5), onde os utilizadores avaliaram os distritos onde residem pelas suas caracter\u00edsticas e, tamb\u00e9m, pelo n\u00famero de membros da sua fam\u00edlia. Obtivemos um total &hellip;<\/p>\n","protected":false},"author":3,"featured_media":0,"comment_status":"closed","ping_status":"open","sticky":false,"template":"","format":"standard","meta":{"footnotes":""},"categories":[2],"tags":[],"class_list":["post-4429","post","type-post","status-publish","format-standard","hentry","category-relatorio-de-precos"],"_links":{"self":[{"href":"https:\/\/www.imovirtual.com\/noticias\/wp-json\/wp\/v2\/posts\/4429","targetHints":{"allow":["GET"]}}],"collection":[{"href":"https:\/\/www.imovirtual.com\/noticias\/wp-json\/wp\/v2\/posts"}],"about":[{"href":"https:\/\/www.imovirtual.com\/noticias\/wp-json\/wp\/v2\/types\/post"}],"author":[{"embeddable":true,"href":"https:\/\/www.imovirtual.com\/noticias\/wp-json\/wp\/v2\/users\/3"}],"replies":[{"embeddable":true,"href":"https:\/\/www.imovirtual.com\/noticias\/wp-json\/wp\/v2\/comments?post=4429"}],"version-history":[{"count":0,"href":"https:\/\/www.imovirtual.com\/noticias\/wp-json\/wp\/v2\/posts\/4429\/revisions"}],"wp:attachment":[{"href":"https:\/\/www.imovirtual.com\/noticias\/wp-json\/wp\/v2\/media?parent=4429"}],"wp:term":[{"taxonomy":"category","embeddable":true,"href":"https:\/\/www.imovirtual.com\/noticias\/wp-json\/wp\/v2\/categories?post=4429"},{"taxonomy":"post_tag","embeddable":true,"href":"https:\/\/www.imovirtual.com\/noticias\/wp-json\/wp\/v2\/tags?post=4429"}],"curies":[{"name":"wp","href":"https:\/\/api.w.org\/{rel}","templated":true}]}}