{"id":4402,"date":"2020-11-01T00:00:00","date_gmt":"2020-11-01T00:00:00","guid":{"rendered":"https:\/\/www.imovirtual.com\/noticias2\/2020\/11\/01\/calendario-plantar-organizar-jardim-julho-dezembro\/"},"modified":"2020-11-01T00:00:00","modified_gmt":"2020-11-01T00:00:00","slug":"calendario-plantar-organizar-jardim-julho-dezembro","status":"publish","type":"post","link":"https:\/\/www.imovirtual.com\/noticias\/lifestyle\/calendario-plantar-organizar-jardim-julho-dezembro\/","title":{"rendered":"Conhe\u00e7a o calend\u00e1rio para plantar e organizar o seu jardim [julho adezembro]"},"content":{"rendered":"<p class=\"css-8qfla4\">\n<p class=\"css-m5h6m0 edperro0\">\n<p>Em busca de um estilo de vida mais saud\u00e1vel e sustent\u00e1vel, s\u00e3o cada vez mais os adeptos da jardinagem e cultivo. Mesmo quem n\u00e3o disp\u00f5e de um terreno, aproveita a sua varanda ou terra\u00e7o para construir um jardim, uma horta, ou ambos. Existe at\u00e9 uma tend\u00eancia muito atual que permite aproveitar ao m\u00e1ximo as \u00e1reas exteriores: s\u00e3o os jardins e as hortas verticais.&nbsp;<\/p>\n<p>Tamb\u00e9m muito em voga est\u00e3o os cantinhos das ervas arom\u00e1ticas. Afinal quem n\u00e3o gosta de estar a cozinhar e ter ali \u00e0 m\u00e3o ervas frescas e biol\u00f3gicas que para al\u00e9m de mais saud\u00e1veis ainda lhe permitem poupar dinheiro e reduzir o desperd\u00edcio?&nbsp;&nbsp;<\/p>\n<p>Mas&nbsp;para que o seu jardim e horta estejam sempre bonitos e bem tratados, para al\u00e9m da manuten\u00e7\u00e3o ter\u00e1 tamb\u00e9m&nbsp;de&nbsp;planificar o que vai cultivar nos diferentes meses do ano.&nbsp;&nbsp;<\/p>\n<p>Vamos ent\u00e3o dar-lhe a conhecer o que deve plantar entre os meses de&nbsp;Julho&nbsp;e&nbsp;dezembro.&nbsp;<\/p>\n<\/p>\n<h2><strong>Julho<\/strong><\/h2>\n<p>\u00c9 o momento de plantar as flores mais coloridas e garridas que s\u00e3o a alegria de qualquer jardim. \u00c9 neste m\u00eas que deve plantar \u00e1steres, cravos-t\u00fanicos, gips\u00f3filas, goivos, mios\u00f3tis, pr\u00edmulas, pet\u00fanias e salvas.&nbsp;<\/p>\n<p>As ervas arom\u00e1ticas que pode plantar este m\u00eas s\u00e3o: cebolinho, manjerona, menta, rosmaninho, salsa e segurelha.&nbsp;<\/p>\n<p>Na sua horta chegou o momento de plantar agri\u00e3o, aipo, alface, beringela, beterraba,&nbsp;br\u00f3culo, cebola, cenoura, couves (galega, lombarda, nabi\u00e7a, repolho), couve-flor, espinafres, feij\u00e3o, nabo, rabanete e tomate.&nbsp;<\/p>\n<h2><strong>Agosto<\/strong><\/h2>\n<p>Devido \u00e0s altas temperaturas que geralmente se fazem sentir em agosto, neste m\u00eas, mais do que plantar, o importante \u00e9 cuidar e regar. No entanto pode semear amores-perfeitos, cal\u00eandulas, capuchinhas, cent\u00e1ureas, margaridas, s\u00e1lvias e verbenas.&nbsp;<\/p>\n<p>As ervas arom\u00e1ticas que deve plantar s\u00e3o: alecrim, coentros, estrag\u00e3o, funcho, hortel\u00e3, manjeric\u00e3o, manjerona or\u00e9g\u00e3os, tomilho e salsa.&nbsp;<\/p>\n<p>Na Horta \u00e9 tempo de cultivar acelga, aipo, alho-franc\u00eas e chic\u00f3ria, frutos vermelhos e morangos. Pode tamb\u00e9m este m\u00eas voltar a plantar alfaces, cebolas, cenouras e couves diversas (galega, repolho, tronchuda, nabi\u00e7a, lombarda).&nbsp;<\/p>\n<h2><strong>Setembro<\/strong><\/h2>\n<p>No seu jardim aposte agora nos bolbos como crocos, jacintos, muscaris, narcisos e tulipas.&nbsp;<\/p>\n<p>As ervas arom\u00e1ticas que pode plantar em setembro s\u00e3o as mesmas dos dois meses anteriores: cebolinho, coentros, mostarda, manjerona, or\u00e9g\u00e3os e salsa.&nbsp;<\/p>\n<p>Na horta plante aipo, alho, favas e nabos. No entanto tamb\u00e9m pode voltar a plantar cebolas, cenouras, couves diversas e morangos.&nbsp;<\/p>\n<h2><strong>Outubro<\/strong><\/h2>\n<p>Neste m\u00eas de outubro n\u00e3o se esque\u00e7a de limpar as folhas que come\u00e7am a cair ao ch\u00e3o. N\u00e3o descure as sementeiras e planta\u00e7\u00f5es t\u00edpicas como o muscari, arbustos perenes, linho de jardim, margaridas e pr\u00edmulas. Quanto \u00e0 horta, esteja \u00e0 vontade para semear agri\u00f5es, couve-flor, couve lombarda, salsa, entre outros.&nbsp;<\/p>\n<h2><strong>Novembro<\/strong><\/h2>\n<p>Nesta altura do ano \u00e9 necess\u00e1rio proteger e limpar as esp\u00e9cies que tem no jardim. \u00c9 a altura ideal para semear&nbsp;ar\u00e1bides&nbsp;e&nbsp;alhelies, ervilhas de cheiro e amores-perfeitos para que possa ter um jardim florido e bonito na primavera.&nbsp;<\/p>\n<p>Quanto \u00e0 sua horta, semeie agri\u00f5es, alfaces, coentros, couve-flor, espinafres, nabi\u00e7as, rabanetes, salsa. Mas existem outras tarefas a fazer nesta altura do ano como manter o jardim limpo e aproveitar as folhas para fazer composto.&nbsp;&nbsp;<\/p>\n<h2><strong>Dezembro<\/strong><\/h2>\n<p>Sendo este um dos meses mais frios, \u00e9 necess\u00e1rio haver cuidados especiais com as flores e as plantas. Dependendo da zona do pa\u00eds, v\u00e3o levar com gelo, neve e temperaturas muito baixas.&nbsp;<\/p>\n<p>Neste \u00faltimo m\u00eas do ano, aproveite para plantar amores-perfeitos e pr\u00edmulas, assim como ervilhas de cheiro. Semeie agri\u00f5es, cebolas, nabi\u00e7as e salsa.&nbsp;N\u00e3o se esque\u00e7a de ter cuidados especiais com as suas plantas de interior.&nbsp;<\/p>\n<\/p>\n<p>Dedique-se \u00e0 jardinagem durante todo o ano e trabalhe a horta de sua casa.&nbsp;Al\u00e9m de embelezar e dar vida a essas \u00e1reas, s\u00e3o muitos os benef\u00edcios para a sua sa\u00fade f\u00edsica e mental.&nbsp;<\/p>\n<p>&nbsp;<\/p>\n<\/p>\n<div class=\"css-h5fkc8\"><strong>Ultima actualiza\u00e7\u00e3o:<\/strong> 01 novembro 2020<\/div>\n","protected":false},"excerpt":{"rendered":"<p>Em busca de um estilo de vida mais saud\u00e1vel e sustent\u00e1vel, s\u00e3o cada vez mais os adeptos da jardinagem e cultivo. Mesmo quem n\u00e3o disp\u00f5e de um terreno, aproveita a sua varanda ou terra\u00e7o para construir um jardim, uma horta, ou ambos. Existe at\u00e9 uma tend\u00eancia muito atual que permite aproveitar ao m\u00e1ximo as \u00e1reas &hellip;<\/p>\n","protected":false},"author":3,"featured_media":4403,"comment_status":"closed","ping_status":"open","sticky":false,"template":"","format":"standard","meta":{"footnotes":""},"categories":[3],"tags":[],"class_list":["post-4402","post","type-post","status-publish","format-standard","has-post-thumbnail","hentry","category-lifestyle"],"_links":{"self":[{"href":"https:\/\/www.imovirtual.com\/noticias\/wp-json\/wp\/v2\/posts\/4402","targetHints":{"allow":["GET"]}}],"collection":[{"href":"https:\/\/www.imovirtual.com\/noticias\/wp-json\/wp\/v2\/posts"}],"about":[{"href":"https:\/\/www.imovirtual.com\/noticias\/wp-json\/wp\/v2\/types\/post"}],"author":[{"embeddable":true,"href":"https:\/\/www.imovirtual.com\/noticias\/wp-json\/wp\/v2\/users\/3"}],"replies":[{"embeddable":true,"href":"https:\/\/www.imovirtual.com\/noticias\/wp-json\/wp\/v2\/comments?post=4402"}],"version-history":[{"count":0,"href":"https:\/\/www.imovirtual.com\/noticias\/wp-json\/wp\/v2\/posts\/4402\/revisions"}],"wp:featuredmedia":[{"embeddable":true,"href":"https:\/\/www.imovirtual.com\/noticias\/wp-json\/wp\/v2\/media\/4403"}],"wp:attachment":[{"href":"https:\/\/www.imovirtual.com\/noticias\/wp-json\/wp\/v2\/media?parent=4402"}],"wp:term":[{"taxonomy":"category","embeddable":true,"href":"https:\/\/www.imovirtual.com\/noticias\/wp-json\/wp\/v2\/categories?post=4402"},{"taxonomy":"post_tag","embeddable":true,"href":"https:\/\/www.imovirtual.com\/noticias\/wp-json\/wp\/v2\/tags?post=4402"}],"curies":[{"name":"wp","href":"https:\/\/api.w.org\/{rel}","templated":true}]}}