{"id":4400,"date":"2020-10-01T00:00:00","date_gmt":"2020-10-01T00:00:00","guid":{"rendered":"https:\/\/www.imovirtual.com\/noticias2\/2020\/10\/01\/marcelo-promulga-lei-que-prolonga-protecao-de-arrendatarios\/"},"modified":"2020-10-01T00:00:00","modified_gmt":"2020-10-01T00:00:00","slug":"marcelo-promulga-lei-que-prolonga-protecao-de-arrendatarios","status":"publish","type":"post","link":"https:\/\/www.imovirtual.com\/noticias\/novidades\/marcelo-promulga-lei-que-prolonga-protecao-de-arrendatarios\/","title":{"rendered":"Marcelo promulga lei que prolonga prote\u00e7\u00e3o de arrendat\u00e1rios at\u00e9 31 de dezembro"},"content":{"rendered":"<p class=\"css-8qfla4\">\n<p class=\"css-m5h6m0 edperro0\">\n<p>O Presidente da Rep\u00fablica, Marcelo Rebelo de Sousa, promulgou o diploma que permite prolongar a prote\u00e7\u00e3o de arrendat\u00e1rios at\u00e9 31 de dezembro. \u201c\u00c9 necess\u00e1ria uma especial prote\u00e7\u00e3o das fam\u00edlias e da sua habita\u00e7\u00e3o\u201d, pode ler-se numa nota no portal da Presid\u00eancia.<\/p>\n<p>Este diploma implica que continuam suspensas at\u00e9 31 de dezembro deste ano \u201ca produ\u00e7\u00e3o de efeitos das den\u00fancias de contratos de contratos de arrendamento habitacional e n\u00e3o habitacional efetuadas pelo senhorio\u201d. E tamb\u00e9m \u201ca caducidade dos contratos de arrendamento habitacional e n\u00e3o habitacional, salvo se o arrendat\u00e1rio n\u00e3o se opuser \u00e0 cessa\u00e7\u00e3o\u201d.<\/p>\n<p>Marcelo Rebelo de Sousa promulgou este diploma devido ao facto de que \u201cna actual situa\u00e7\u00e3o de crise econ\u00f3mica e social, provocada pela situa\u00e7\u00e3o pand\u00e9mica, \u00e9 necess\u00e1ria uma especial protec\u00e7\u00e3o das fam\u00edlias e da sua habita\u00e7\u00e3o, que justifica a medida tempor\u00e1ria e excepcional de suspens\u00e3o dos despejos de pessoas particularmente vulner\u00e1veis&#8221;, pode ler-se a nota publicada no portal da Presid\u00eancia da Rep\u00fablica.<\/p>\n<p>A mesma nota refere que \u201ctal como j\u00e1 tinha feito com a promulga\u00e7\u00e3o do diploma inicial, por entender que as raz\u00f5es sociais de maior fragilidade e menor capacidade de resposta, justificativas do diploma, devem prevalecer, ali\u00e1s, em conson\u00e2ncia com o seu entendimento de sempre&#8221;.<\/p>\n<p>O alargamento do regime extraordin\u00e1rio de prote\u00e7\u00e3o dos arrendat\u00e1rios foi aprovado em Assembleia da Rep\u00fablica em vota\u00e7\u00e3o final na sexta-feira passada, com votos contra de PSD, CDS-PP, Chega e Iniciativa Liberal. Os votos favor\u00e1veis foram dados pelos restantes partidos, assim como das deputadas n\u00e3o inscritas Cristina Rodrigues e Joacine Katar Moreira.<\/p>\n<\/p>\n<div class=\"css-h5fkc8\"><strong>Ultima actualiza\u00e7\u00e3o:<\/strong> 01 outubro 2020<\/div>\n","protected":false},"excerpt":{"rendered":"<p>O Presidente da Rep\u00fablica, Marcelo Rebelo de Sousa, promulgou o diploma que permite prolongar a prote\u00e7\u00e3o de arrendat\u00e1rios at\u00e9 31 de dezembro. \u201c\u00c9 necess\u00e1ria uma especial prote\u00e7\u00e3o das fam\u00edlias e da sua habita\u00e7\u00e3o\u201d, pode ler-se numa nota no portal da Presid\u00eancia. Este diploma implica que continuam suspensas at\u00e9 31 de dezembro deste ano \u201ca produ\u00e7\u00e3o &hellip;<\/p>\n","protected":false},"author":3,"featured_media":4401,"comment_status":"closed","ping_status":"open","sticky":false,"template":"","format":"standard","meta":{"footnotes":""},"categories":[4],"tags":[],"class_list":["post-4400","post","type-post","status-publish","format-standard","has-post-thumbnail","hentry","category-novidades"],"_links":{"self":[{"href":"https:\/\/www.imovirtual.com\/noticias\/wp-json\/wp\/v2\/posts\/4400","targetHints":{"allow":["GET"]}}],"collection":[{"href":"https:\/\/www.imovirtual.com\/noticias\/wp-json\/wp\/v2\/posts"}],"about":[{"href":"https:\/\/www.imovirtual.com\/noticias\/wp-json\/wp\/v2\/types\/post"}],"author":[{"embeddable":true,"href":"https:\/\/www.imovirtual.com\/noticias\/wp-json\/wp\/v2\/users\/3"}],"replies":[{"embeddable":true,"href":"https:\/\/www.imovirtual.com\/noticias\/wp-json\/wp\/v2\/comments?post=4400"}],"version-history":[{"count":0,"href":"https:\/\/www.imovirtual.com\/noticias\/wp-json\/wp\/v2\/posts\/4400\/revisions"}],"wp:featuredmedia":[{"embeddable":true,"href":"https:\/\/www.imovirtual.com\/noticias\/wp-json\/wp\/v2\/media\/4401"}],"wp:attachment":[{"href":"https:\/\/www.imovirtual.com\/noticias\/wp-json\/wp\/v2\/media?parent=4400"}],"wp:term":[{"taxonomy":"category","embeddable":true,"href":"https:\/\/www.imovirtual.com\/noticias\/wp-json\/wp\/v2\/categories?post=4400"},{"taxonomy":"post_tag","embeddable":true,"href":"https:\/\/www.imovirtual.com\/noticias\/wp-json\/wp\/v2\/tags?post=4400"}],"curies":[{"name":"wp","href":"https:\/\/api.w.org\/{rel}","templated":true}]}}