{"id":4394,"date":"2020-10-07T00:00:00","date_gmt":"2020-10-07T00:00:00","guid":{"rendered":"https:\/\/www.imovirtual.com\/noticias2\/2020\/10\/07\/parfois-escolhe-centro-empresarial-feira\/"},"modified":"2024-08-28T10:30:20","modified_gmt":"2024-08-28T10:30:20","slug":"parfois-escolhe-centro-empresarial-feira","status":"publish","type":"post","link":"https:\/\/www.imovirtual.com\/noticias\/imobiliario\/parfois-escolhe-centro-empresarial-feira\/","title":{"rendered":"Parfois escolhe Centro Empresarial da Feira para o seu centro log\u00edstico"},"content":{"rendered":"<p class=\"css-8qfla4\">\n<p class=\"css-m5h6m0 edperro0\">\n<p>A Parfois escolheu Santa Maria da Feira para instalar o centro log\u00edstico mundial. O espa\u00e7o onde est\u00e3o arrumados os produtos para as entregas de compras on-line da companhia fica no <a href=\"https:\/\/www.cefeira.pt\/\">Centro Empresarial da Feira<\/a>.<\/p>\n<p>Os produtos desta marca internacional de acess\u00f3rios para o p\u00fablico feminino ficam alojados num espa\u00e7o de 4.200 m2, de onde ser\u00e3o distribu\u00eddas as malas, porta-moedas, vestidos, bijuteria, cal\u00e7ado, rel\u00f3gios e outros produtos da Parfois de Santa Maria da Feira para o mundo inteiro.<\/p>\n<p>O Centro Empresarial da Feira iniciou atividade em final de 2017 e tem vindo a aumentar a taxa de ocupa\u00e7\u00e3o do espa\u00e7o recuperado nas antigas instala\u00e7\u00f5es da f\u00e1brica de cal\u00e7ado Rohde, nomeadamente atrav\u00e9s do apoio da c\u00e2mara da Feira aos interessados.<\/p>\n<p>No caso da Parfois, as negocia\u00e7\u00f5es ocorreram no in\u00edcio do ano e perante o acordo f\u00e1cil entre as partes \u2013 empresa e autarquia da Feira \u2013 tendo o espa\u00e7o sido adaptado de forma que se conseguisse transferir, entretanto, o stock do servi\u00e7o online e come\u00e7asse desde logo a funcionar, atualmente em pleno.<\/p>\n<p>A capacidade do Centro Empresarial da Feira em termos de espa\u00e7o dispon\u00edvel e a agilidade em adapt\u00e1-lo \u00e0s necessidades da Parfois (nomeadamente com um investimento em obras) foi essencial \u00e0 decis\u00e3o.<\/p>\n<\/p>\n<h2><strong>Centro log\u00edstico com 40 a 120 pessoas<\/strong><\/h2>\n<p>O centro log\u00edstico mundial da Parfois ir\u00e1 funcionar com um n\u00famero vari\u00e1vel de funcion\u00e1rios, entre as 40 e as 120 pessoas, dependendo do fluxo de trabalho e os picos das \u00e9pocas do ano. Alguns desses profissionais j\u00e1 se encontravam ao servi\u00e7o da empresa noutras moradas, mas a maior parte foi contratada especificamente para as instala\u00e7\u00f5es da Feira.<\/p>\n<p>Ao todo, s\u00e3o mais de 40 empresas que se encontram j\u00e1 no Centro Empresarial da Feira, ocupando uma boa parte do espa\u00e7o. Multinacionais como a Faurecia e a McDonalds encontram-se entre as que se acolheram no espa\u00e7o que recupera vida \u00e0quele local que assistiu \u00e0 insolv\u00eancia daquela, a Rohde, que chegou a ser a l\u00edder nacional do fabrico do cal\u00e7ado. Tamb\u00e9m a multinacional brasileira Codina, a construtora de parques e\u00f3licos Tecnorenova e a empresa Intevial, parceira da Infraestruturas de Portugal.<\/p>\n<p>Mediante um investimento de 6,5 milh\u00f5es de euros \u2013 1,5 milh\u00f5es na aquisi\u00e7\u00e3o do im\u00f3vel e cerca de 5 milh\u00f5es de euros na sua recupera\u00e7\u00e3o e requalifica\u00e7\u00e3o \u2013 o espa\u00e7o ganhou forma e tem hoje uma elevada taxa de ocupa\u00e7\u00e3o dos seus 55.100 m2. Est\u00e3o previstos novos investimentos, para melhorar a infraestrutura, de 2 a 3 milh\u00f5es de euros. Arruamentos, comunica\u00e7\u00e3o mais r\u00e1pida e melhorias no edificado est\u00e3o entre os objetivos desse investimento.<\/p>\n<p>Numa nota oficial, o Centro Empresarial da Feira descreve-se como \u201cuma infraestrutura baseada num modelo de neg\u00f3cio que contribui para criar riqueza, postos de trabalho e dinamizar o ambiente econ\u00f3mico e empresarial de uma regi\u00e3o\u201d. Ap\u00f3s este sucesso, abre-se como exemplo para o exterior, pois, refere a nota, \u201ccertamente outros concelhos ver\u00e3o com bons olhos este modelo de neg\u00f3cio\u201d.<\/p>\n<\/p>\n<div class=\"css-h5fkc8\"><strong>Ultima actualiza\u00e7\u00e3o:<\/strong> 07 outubro 2020<\/div>\n","protected":false},"excerpt":{"rendered":"<p>A Parfois escolheu Santa Maria da Feira para instalar o centro log\u00edstico mundial. O espa\u00e7o onde est\u00e3o arrumados os produtos para as entregas de compras on-line da companhia fica no Centro Empresarial da Feira. Os produtos desta marca internacional de acess\u00f3rios para o p\u00fablico feminino ficam alojados num espa\u00e7o de 4.200 m2, de onde ser\u00e3o &hellip;<\/p>\n","protected":false},"author":3,"featured_media":4395,"comment_status":"closed","ping_status":"open","sticky":false,"template":"","format":"standard","meta":{"footnotes":""},"categories":[37,5],"tags":[],"class_list":["post-4394","post","type-post","status-publish","format-standard","has-post-thumbnail","hentry","category-financas-e-imobiliario","category-imobiliario"],"_links":{"self":[{"href":"https:\/\/www.imovirtual.com\/noticias\/wp-json\/wp\/v2\/posts\/4394","targetHints":{"allow":["GET"]}}],"collection":[{"href":"https:\/\/www.imovirtual.com\/noticias\/wp-json\/wp\/v2\/posts"}],"about":[{"href":"https:\/\/www.imovirtual.com\/noticias\/wp-json\/wp\/v2\/types\/post"}],"author":[{"embeddable":true,"href":"https:\/\/www.imovirtual.com\/noticias\/wp-json\/wp\/v2\/users\/3"}],"replies":[{"embeddable":true,"href":"https:\/\/www.imovirtual.com\/noticias\/wp-json\/wp\/v2\/comments?post=4394"}],"version-history":[{"count":0,"href":"https:\/\/www.imovirtual.com\/noticias\/wp-json\/wp\/v2\/posts\/4394\/revisions"}],"wp:featuredmedia":[{"embeddable":true,"href":"https:\/\/www.imovirtual.com\/noticias\/wp-json\/wp\/v2\/media\/4395"}],"wp:attachment":[{"href":"https:\/\/www.imovirtual.com\/noticias\/wp-json\/wp\/v2\/media?parent=4394"}],"wp:term":[{"taxonomy":"category","embeddable":true,"href":"https:\/\/www.imovirtual.com\/noticias\/wp-json\/wp\/v2\/categories?post=4394"},{"taxonomy":"post_tag","embeddable":true,"href":"https:\/\/www.imovirtual.com\/noticias\/wp-json\/wp\/v2\/tags?post=4394"}],"curies":[{"name":"wp","href":"https:\/\/api.w.org\/{rel}","templated":true}]}}