{"id":435,"date":"2022-04-13T00:00:00","date_gmt":"2022-04-13T00:00:00","guid":{"rendered":"https:\/\/www.imovirtual.com\/noticias2\/2022\/04\/13\/credito-habitacao-jovem\/"},"modified":"2024-09-02T13:40:13","modified_gmt":"2024-09-02T13:40:13","slug":"credito-habitacao-jovem","status":"publish","type":"post","link":"https:\/\/www.imovirtual.com\/noticias\/financas\/credito-habitacao-jovem\/","title":{"rendered":"Saiba tudo sobre Cr\u00e9dito Habita\u00e7\u00e3o Jovem"},"content":{"rendered":"<p class=\"css-8qfla4\">\n<p class=\"css-m5h6m0 edperro0\">\n<h1><strong>Saiba tudo sobre Cr\u00e9dito Habita\u00e7\u00e3o Jovem<\/strong><\/h1>\n<p>Segundo dados do <a href=\"https:\/\/ec.europa.eu\/eurostat\" target=\"_blank\" rel=\"noopener\"><strong>Eurostat<\/strong><\/a>, divulgados em agosto do ano passado, Portugal ocupa a 5\u00aa posi\u00e7\u00e3o do ranking de pa\u00edses em que os jovens saem mais tarde da casa dos pa\u00eds. Para esta realidade muito contribui o <strong>pre\u00e7o das casas<\/strong>, mas tamb\u00e9m a situa\u00e7\u00e3o profissional inst\u00e1vel da popula\u00e7\u00e3o mais jovem, a incapacidade financeira e a falta de parceiro. A juntar a estes factores, desde a crise de 2008, que ficou muito mais dif\u00edcil obter um <strong><a href=\"https:\/\/www.imovirtual.com\/noticias\/financas\/credito-habitacao-tudo-o-que-precisa-saber-id43.html\" target=\"_blank\" rel=\"noopener\">Cr\u00e9dito Habita\u00e7\u00e3o<\/a> Jovem. <\/strong>Este tipo de opera\u00e7\u00e3o<strong> <\/strong>nada mais \u00e9 do que um empr\u00e9stimo para a compra de casa que oferece condi\u00e7\u00f5es especiais para jovens entre os 18 e os 35 anos. <\/p>\n<p>Atualmente, apenas <strong>duas institui\u00e7\u00f5es financeiras <\/strong>oferecem condi\u00e7\u00f5es especiais de financiamento para clientes jovens, o <a href=\"https:\/\/www.novobanco.pt\/particulares\/credito-habitacao\/jovens\" target=\"_blank\" rel=\"noopener\"><strong>Novo Banco<\/strong><\/a> e o <a href=\"https:\/\/www.activobank.pt\/credito-habitacao#\/simulator?step=purpose\" target=\"_blank\" rel=\"noopener\"><strong>ActivoBank<\/strong><\/a>. As bonifica\u00e7\u00f5es estendem-se ao <em><a href=\"https:\/\/www.imovirtual.com\/noticias\/financas\/imoexplica-spread-do-credito-habitacao\" target=\"_blank\" rel=\"noopener\">spread<\/a><\/em>, atrav\u00e9s da contrata\u00e7\u00e3o de outros produtos ou servi\u00e7os, e a uma redu\u00e7\u00e3o nas presta\u00e7\u00f5es mensais durante os primeiros anos de amortiza\u00e7\u00e3o. Estas s\u00e3o apenas duas vantagens que pode encontrar na oferta dos dois bancos, sendo que ao consultar a p\u00e1gina do Cr\u00e9dito Jovem de cada um deles, poder\u00e1 fazer uma simula\u00e7\u00e3o \u00e0 sua medida.<\/p>\n<\/p>\n<h3>Conhe\u00e7a: <a href=\"https:\/\/www.imovirtual.com\/noticias\/financas\/comparar-propostas-credito-habitacao\" target=\"_blank\" rel=\"noopener\"><em><strong>Dicas para comparar propostas do Cr\u00e9dito Habita\u00e7\u00e3o<\/strong><\/em><\/a><\/h3>\n<\/p>\n<p>Recorde-se que atualmente, apenas \u00e9 poss\u00edvel solicitar um empr\u00e9stimo a 90% do valor da casa e desde o in\u00edcio do m\u00eas de abril que os <strong><a href=\"https:\/\/www.imovirtual.com\/noticias\/financas\/prazos-maximos-credito-habitacao\" target=\"_blank\" rel=\"noopener\">prazos m\u00e1ximos do Cr\u00e9dito Habita\u00e7\u00e3o<\/a> foram alterados<\/strong>. Isto significa que agora \u00e9 mais complicado conseguir-se um financiamento a partir dos 30 anos j\u00e1 que: <\/p>\n<ul>\n<li>O prazo m\u00e1ximo dos cr\u00e9ditos \u00e0 habita\u00e7\u00e3o permanece de&nbsp;<strong>40 anos<\/strong>&nbsp;apenas para os mutu\u00e1rios at\u00e9 30 anos.<\/li>\n<li>Quem tem entre&nbsp;<strong>30 e 35 anos<\/strong>, ver\u00e1 o prazo m\u00e1ximo recomendado descer para&nbsp;<strong>37 anos.<\/strong><\/li>\n<li>Para os mutu\u00e1rios com&nbsp;<strong>mais de 35 anos, o prazo m\u00e1ximo do contrato&nbsp;<\/strong>recomendado pelo Banco de Portugal desce para os 35 anos.<\/li>\n<\/ul>\n<p>Ainda assim, os jovens t\u00eam ainda a possibilidade de <strong>investirem num im\u00f3vel de banco e de adquirir um <a href=\"https:\/\/www.imovirtual.com\/noticias\/imobiliario\/imoveis-de-banca-financiamento-100\" target=\"_blank\" rel=\"noopener\">financiamento a 100%<\/a> <\/strong>para facilitar as suas contas. Apesar desta modalidade ter sido restringida pelo <strong>Banco de Portugal<\/strong> \u00e0 maioria dos empr\u00e9stimos convencionais em 2018, caso as institui\u00e7\u00f5es financeiras tenham em carteira im\u00f3veis do seu interessa, pode conseguir um neg\u00f3cio mais abonat\u00f3rio em seu favor.<\/p>\n<p>Pese as suas contas para conseguir determinar qual \u00e9 a modalidade ideal para si. No entretanto, \u00e9 conveniente ficar a par de alguns conceitos utilizados no mundo do <a href=\"https:\/\/www.imovirtual.com\/noticias\/financas\/dicas-pre-aprovacao-credito-habitacao\" target=\"_blank\" rel=\"noopener\"><strong>Cr\u00e9dito Habita\u00e7\u00e3o<\/strong><\/a>: <\/p>\n<ol>\n<li><strong>Euribor \u2013 European Interbank Offered Rate: <\/strong>a taxa Euribor resulta de uma m\u00e9dia das taxas de juro praticadas pelas principais institui\u00e7\u00f5es de cr\u00e9dito da zona euro para empr\u00e9stimos no mercado interbanc\u00e1rio. \u00c9 um valor de refer\u00eancia a n\u00edvel europeu.<\/li>\n<li><strong>Fiador: <\/strong>pessoa que garante o pagamento de uma d\u00edvida de terceiro, sob a forma de fian\u00e7a. No caso de n\u00e3o pagamento da d\u00edvida de terceiro, \u00e9 ao fiador que incumbe pagar o empr\u00e9stimo e os respetivos juros.<\/li>\n<li><strong>LTV<\/strong>: trata-se do r\u00e1cio que corresponde \u00e0 percentagem a ser solicitada aos bancos relativamente ao valor do im\u00f3vel<\/li>\n<li><strong>Spread: <\/strong>o<em> spread<\/em> \u00e9 a taxa de juro aplicada ao empr\u00e9stimo, definida pela institui\u00e7\u00e3o banc\u00e1ria quando concede um financiamento com taxa vari\u00e1vel. Representa a margem de lucro da institui\u00e7\u00e3o.<\/li>\n<li><strong><a href=\"https:\/\/www.imovirtual.com\/noticias\/financas\/domine-o-indicador-taeg\" target=\"_blank\" rel=\"noopener\">TAEG<\/a>&nbsp;\u2013 Taxa Anual de Encargos Efetiva Global: <\/strong>taxa que contabiliza o custo total do cr\u00e9dito para o consumidor, expresso em percentagem anual do montante do cr\u00e9dito concedido. Inclui os juros, os impostos e outros encargos que lhes estejam associados, nomeadamente comiss\u00f5es e seguros exigidos.<\/li>\n<li><strong>Taxa de Esfor\u00e7o:<\/strong> percentagem que mede a capacidade do agregado familiar para cumprir os compromissos financeiros assumidos. Consiste na rela\u00e7\u00e3o entre a presta\u00e7\u00e3o mensal relativa ao empr\u00e9stimo e o rendimento do agregado.<br \/>&nbsp;<\/li>\n<\/ol>\n<p class=\" block-img\"><img decoding=\"async\" src=\"https:\/\/www.imovirtual.com\/noticias\/wp-content\/uploads\/2022\/11\/35ce8fdc-7f6c-4930-b514-06c8b6107a8e_Joao-Miguel-Banner-2.png\" alt=\"Jo\u00e3o Miguel Autor Imovirtual Blog\"><\/p>\n<h5><em>Jo\u00e3o Miguel \u00e9 o homem dos n\u00fameros. O jeito para os n\u00fameros sempre foi inato, assim como o talento para a escrita. J\u00e1 tentou fazer um sem o outro, mas n\u00e3o foi bem sucedido na tarefa. Por isso, hoje escreve para a sec\u00e7\u00e3o &#8216;Finan\u00e7as&#8217; do Blog do Imovirtual.<\/em><\/h5>\n<\/p>\n<h4><strong>Mais sobre<em>&nbsp;Finan\u00e7as<\/em><\/strong><\/h4>\n<ul>\n<li>Como escolher o melhor&nbsp;<a href=\"https:\/\/www.imovirtual.com\/noticias\/guia-para-comprar-casa\/como-escolher-o-melhor-credito-habitacao-id46.html\" target=\"_blank\" rel=\"noopener\"><strong>cr\u00e9dito habita\u00e7\u00e3o<\/strong><\/a>?<\/li>\n<li>Dicas para comparar <a href=\"https:\/\/www.imovirtual.com\/noticias\/financas\/comparar-propostas-credito-habitacao\" target=\"_blank\" rel=\"noopener\"><strong>propostas do Cr\u00e9dito Habita\u00e7\u00e3o<\/strong><\/a><\/li>\n<li>Saiba como pode melhorar as suas&nbsp;<a href=\"https:\/\/www.imovirtual.com\/en\/noticias\/financas\/como-melhorar-as-condicoes-de-credito-a-habitacao\" target=\"_blank\" rel=\"noopener\"><strong>condi\u00e7\u00f5es de cr\u00e9dito a\u0300 habita\u00e7\u00e3o<\/strong><\/a><\/li>\n<\/ul>\n<\/p>\n<div class=\"css-h5fkc8\"><strong>Ultima actualiza\u00e7\u00e3o:<\/strong> 18 abril 2022<\/div>\n","protected":false},"excerpt":{"rendered":"<p>Saiba tudo sobre Cr\u00e9dito Habita\u00e7\u00e3o Jovem Segundo dados do Eurostat, divulgados em agosto do ano passado, Portugal ocupa a 5\u00aa posi\u00e7\u00e3o do ranking de pa\u00edses em que os jovens saem mais tarde da casa dos pa\u00eds. Para esta realidade muito contribui o pre\u00e7o das casas, mas tamb\u00e9m a situa\u00e7\u00e3o profissional inst\u00e1vel da popula\u00e7\u00e3o mais jovem, &hellip;<\/p>\n","protected":false},"author":3,"featured_media":436,"comment_status":"closed","ping_status":"open","sticky":false,"template":"","format":"standard","meta":{"footnotes":""},"categories":[6,37,34],"tags":[],"class_list":["post-435","post","type-post","status-publish","format-standard","has-post-thumbnail","hentry","category-financas","category-financas-e-imobiliario","category-guia-de-compra"],"_links":{"self":[{"href":"https:\/\/www.imovirtual.com\/noticias\/wp-json\/wp\/v2\/posts\/435","targetHints":{"allow":["GET"]}}],"collection":[{"href":"https:\/\/www.imovirtual.com\/noticias\/wp-json\/wp\/v2\/posts"}],"about":[{"href":"https:\/\/www.imovirtual.com\/noticias\/wp-json\/wp\/v2\/types\/post"}],"author":[{"embeddable":true,"href":"https:\/\/www.imovirtual.com\/noticias\/wp-json\/wp\/v2\/users\/3"}],"replies":[{"embeddable":true,"href":"https:\/\/www.imovirtual.com\/noticias\/wp-json\/wp\/v2\/comments?post=435"}],"version-history":[{"count":0,"href":"https:\/\/www.imovirtual.com\/noticias\/wp-json\/wp\/v2\/posts\/435\/revisions"}],"wp:featuredmedia":[{"embeddable":true,"href":"https:\/\/www.imovirtual.com\/noticias\/wp-json\/wp\/v2\/media\/436"}],"wp:attachment":[{"href":"https:\/\/www.imovirtual.com\/noticias\/wp-json\/wp\/v2\/media?parent=435"}],"wp:term":[{"taxonomy":"category","embeddable":true,"href":"https:\/\/www.imovirtual.com\/noticias\/wp-json\/wp\/v2\/categories?post=435"},{"taxonomy":"post_tag","embeddable":true,"href":"https:\/\/www.imovirtual.com\/noticias\/wp-json\/wp\/v2\/tags?post=435"}],"curies":[{"name":"wp","href":"https:\/\/api.w.org\/{rel}","templated":true}]}}