{"id":429,"date":"2022-04-27T00:00:00","date_gmt":"2022-04-27T00:00:00","guid":{"rendered":"https:\/\/www.imovirtual.com\/noticias2\/2022\/04\/27\/imosintese-noticias-220422\/"},"modified":"2022-04-27T00:00:00","modified_gmt":"2022-04-27T00:00:00","slug":"imosintese-noticias-220422","status":"publish","type":"post","link":"https:\/\/www.imovirtual.com\/noticias\/novidades\/imosintese-noticias-220422\/","title":{"rendered":"IMOS\u00cdNTESE &#8211; NOT\u00cdCIAS 22\/04"},"content":{"rendered":"<p class=\"css-8qfla4\">\n<p class=\"css-m5h6m0 edperro0\">\n<h2><strong>Em parceria com o Di\u00e1rio Imobili\u00e1rio, o Imovirtual apresenta diariamente um resumo notici\u00e1rio dos acontecimentos mais relevantes do dia. Fique a par das \u00faltimas novidades do Mercado Imobili\u00e1rio:<\/strong><\/h2>\n<\/p>\n<h1><strong>Mercado imobili\u00e1rio portugu\u00eas continua em alta em 2022<\/strong><\/h1>\n<p>Os dois primeiros meses do ano s\u00e3o marcados por subidas em quase todas as frentes:&nbsp;nas licen\u00e7as para obras de constru\u00e7\u00e3o nova ou de reabilita\u00e7\u00e3o, de concess\u00e3o de cr\u00e9dito, na avalia\u00e7\u00e3o e no consumo de cimento.<\/p>\n<h3><strong>Saiba mais <a href=\"https:\/\/www.diarioimobiliario.pt\/Habitacao\/Mercado-imobiliario-portugues-continua-em-alta-em-2022\" target=\"_blank\" rel=\"noopener\">aqui<\/a><\/strong><\/h3>\n<\/p>\n<h1><strong>Pre\u00e7os das casas em Portugal continuam a subir. No primeiro m\u00eas p\u00f3s-Guerra aumentaram 2,0%<\/strong><\/h1>\n<p>A situa\u00e7\u00e3o&nbsp;de guerra na Ucr\u00e2nia n\u00e3o afetou a din\u00e2mica do mercado portugu\u00eas de&nbsp;habita\u00e7\u00e3o, com os pre\u00e7os de venda das casas a exibirem uma nova subida no&nbsp;primeiro m\u00eas&nbsp;ap\u00f3s o in\u00edcio do conflicto.<\/p>\n<h3><strong>Saiba mais <a href=\"https:\/\/www.diarioimobiliario.pt\/Habitacao\/Precos-das-casas-em-Portugal-continuam-a-subir.-No-primeiro-mes-pos-Guerra-aumentaram-2-0\" target=\"_blank\" rel=\"noopener\">aqui<\/a><\/strong><\/h3>\n<\/p>\n<h1><strong>Norman Foster vai liderar transforma\u00e7\u00e3o da constru\u00e7\u00e3o modular em Portugal<\/strong><\/h1>\n<p>A Funda\u00e7\u00e3o&nbsp;Norman Foster e o dstgroup firmaram recentemente um acordo de parceria que ir\u00e1 transformar a constru\u00e7\u00e3o modular em Portugal, atrav\u00e9s da cria\u00e7\u00e3o de um laborat\u00f3rio vivo, de modo a responder de forma eficiente \u00e0s necessidades crescentes do mercado mundial.<\/p>\n<h3><strong>Saiba mais <a href=\"https:\/\/www.diarioimobiliario.pt\/Actualidade\/Norman-Foster-vai-liderar-transformacao-da-construcao-modular-em-Portugal\" target=\"_blank\" rel=\"noopener\">aqui<\/a><\/strong><\/h3>\n<\/p>\n<h1><strong>SGS inaugura nova sede e laborat\u00f3rios num investimento de 10 milh\u00f5es<\/strong><\/h1>\n<p>O&nbsp;Grupo&nbsp;SGS, que actua na \u00e1rea de&nbsp;inspe\u00e7\u00e3o, verifica\u00e7\u00e3o, ensaios laboratoriais, forma\u00e7\u00e3o e certifica\u00e7\u00e3o, celebra 100 anos de presen\u00e7a em Portugal com um evento de inaugura\u00e7\u00e3o das novas instala\u00e7\u00f5es, que integram os novos laborat\u00f3rios da&nbsp;SGS Portugal&nbsp;com mais de 2&nbsp;000m\u00b2 e tecnologia de ponta.<\/p>\n<h3><strong>Saiba mais <a href=\"https:\/\/www.diarioimobiliario.pt\/Actualidade\/SGS-inaugura-nova-sede-e-laboratorios-num-investimento-de-10-milhoes\" target=\"_blank\" rel=\"noopener\">aqui<\/a><\/strong><\/h3>\n<\/p>\n<h1><strong>Vanguard Properties e Energia Unida v\u00e3o criar na Comporta a maior comunidade energ\u00e9tica da Europa<\/strong><\/h1>\n<p>A Vanguard Properties e a Energia Unida, do Grupo Greenvolt, anunciaram hoje uma parceria para desenvolver uma comunidade de produ\u00e7\u00e3o descentralizada de energia para o projecto imobili\u00e1rio \u201cTerras da Comporta\u201d.<\/p>\n<h3><strong>Saiba mais <a href=\"https:\/\/www.diarioimobiliario.pt\/Actualidade\/Sustentabilidade\/Vanguard-Properties-e-Energia-Unida-vao-criar-na-Comporta-a-maior-comunidade-energetica-da-Europa\" target=\"_blank\" rel=\"noopener\">aqui<\/a><\/strong><\/h3>\n<\/p>\n<p><strong>Leia as anteriores Imos\u00edntese:<\/strong><\/p>\n<p><strong>\ud83d\udc49<a href=\"https:\/\/www.imovirtual.com\/noticias\/noticias\/imosintese-noticias-210422\" target=\"_blank\" rel=\"noopener\">IMOS\u00cdNTESE &#8211; NOT\u00cdCIAS 21\/04<\/a><\/strong><\/p>\n<p><strong>\ud83d\udc49<a href=\"https:\/\/www.imovirtual.com\/noticias\/noticias\/imosintese-noticias-200422\" target=\"_blank\" rel=\"noopener\">IMOS\u00cdNTESE &#8211; NOT\u00cdCIAS 20\/04<\/a><\/strong><\/p>\n<p><strong>\ud83d\udc49<a href=\"https:\/\/www.imovirtual.com\/noticias\/noticias\/imosintese-noticias-190422\" target=\"_blank\" rel=\"noopener\">IMOS\u00cdNTESE &#8211; NOT\u00cdCIAS 19\/04<\/a><\/strong><\/p>\n<\/p>\n<div class=\"css-h5fkc8\"><strong>Ultima actualiza\u00e7\u00e3o:<\/strong> 27 abril 2022<\/div>\n","protected":false},"excerpt":{"rendered":"<p>Em parceria com o Di\u00e1rio Imobili\u00e1rio, o Imovirtual apresenta diariamente um resumo notici\u00e1rio dos acontecimentos mais relevantes do dia. Fique a par das \u00faltimas novidades do Mercado Imobili\u00e1rio: Mercado imobili\u00e1rio portugu\u00eas continua em alta em 2022 Os dois primeiros meses do ano s\u00e3o marcados por subidas em quase todas as frentes:&nbsp;nas licen\u00e7as para obras de &hellip;<\/p>\n","protected":false},"author":3,"featured_media":100,"comment_status":"closed","ping_status":"open","sticky":false,"template":"","format":"standard","meta":{"footnotes":""},"categories":[4],"tags":[],"class_list":["post-429","post","type-post","status-publish","format-standard","has-post-thumbnail","hentry","category-novidades"],"_links":{"self":[{"href":"https:\/\/www.imovirtual.com\/noticias\/wp-json\/wp\/v2\/posts\/429","targetHints":{"allow":["GET"]}}],"collection":[{"href":"https:\/\/www.imovirtual.com\/noticias\/wp-json\/wp\/v2\/posts"}],"about":[{"href":"https:\/\/www.imovirtual.com\/noticias\/wp-json\/wp\/v2\/types\/post"}],"author":[{"embeddable":true,"href":"https:\/\/www.imovirtual.com\/noticias\/wp-json\/wp\/v2\/users\/3"}],"replies":[{"embeddable":true,"href":"https:\/\/www.imovirtual.com\/noticias\/wp-json\/wp\/v2\/comments?post=429"}],"version-history":[{"count":0,"href":"https:\/\/www.imovirtual.com\/noticias\/wp-json\/wp\/v2\/posts\/429\/revisions"}],"wp:featuredmedia":[{"embeddable":true,"href":"https:\/\/www.imovirtual.com\/noticias\/wp-json\/wp\/v2\/media\/100"}],"wp:attachment":[{"href":"https:\/\/www.imovirtual.com\/noticias\/wp-json\/wp\/v2\/media?parent=429"}],"wp:term":[{"taxonomy":"category","embeddable":true,"href":"https:\/\/www.imovirtual.com\/noticias\/wp-json\/wp\/v2\/categories?post=429"},{"taxonomy":"post_tag","embeddable":true,"href":"https:\/\/www.imovirtual.com\/noticias\/wp-json\/wp\/v2\/tags?post=429"}],"curies":[{"name":"wp","href":"https:\/\/api.w.org\/{rel}","templated":true}]}}