{"id":4233,"date":"2021-06-26T00:00:00","date_gmt":"2021-06-26T00:00:00","guid":{"rendered":"https:\/\/www.imovirtual.com\/noticias2\/2021\/06\/26\/lugares-estranhos-casas\/"},"modified":"2021-06-26T00:00:00","modified_gmt":"2021-06-26T00:00:00","slug":"lugares-estranhos-casas","status":"publish","type":"post","link":"https:\/\/www.imovirtual.com\/noticias\/lifestyle\/lugares-estranhos-casas\/","title":{"rendered":"6 lugares estranhos que se tornaram casas"},"content":{"rendered":"<p class=\"css-8qfla4\">\n<p class=\"css-m5h6m0 edperro0\">\n<h1><strong>Os lugares mais estranhos para se viver<\/strong><\/h1>\n<p>Os ingleses t\u00eam um conhecido ditado: &#8220;Home is where the heart is&#8221;, que em tradu\u00e7\u00e3o literal significa &#8220;A casa \u00e9 onde est\u00e1 o cora\u00e7\u00e3o&#8221;. Uma express\u00e3o que se aplica totalmente \u00e0s casas que lhe mostramos de seguida. Isto porque, muitas delas nem sequer s\u00e3o esteticamente apraz\u00edveis, ou t\u00eam o tamanho ideal ou sequer uma <a href=\"https:\/\/www.imovirtual.com\/noticias\/imobiliario\/comprar-casas-em-planta\" target=\"_blank\" rel=\"noopener\">planta<\/a> l\u00f3gica. Mas s\u00e3o casas, tetos para albergar fam\u00edlias incrivelmente estranhos e onde surpreendentemente \u00e9 poss\u00edvel criar um lar. Estes s\u00e3o o lugares mais estranhos do mundo para se viver.<\/p>\n<\/p>\n<h2><strong>Uma casa num guindaste na Holanda<\/strong><\/h2>\n<p class=\" block-img\"><img decoding=\"async\" src=\"https:\/\/www.imovirtual.com\/noticias\/wp-content\/uploads\/2022\/11\/06b4b147-32f0-4aa2-93f8-eefd3bf7c0b6_Copia-de-Sem-nome-2021-06-25T075856.003-1.png\" alt=\"casa guindaste holanda\"><\/p>\n<p>\u00c9 provavelmente um dos lugares mais inusitados desta lista e tamb\u00e9m um dos mais originais. Chama-se <a href=\"https:\/\/www.yays.com\/en\/location\/the-yays-crane-apartment.html\" target=\"_blank\" rel=\"noopener\">The Yays &#8211; Crane Apartament<\/a> e trata-se de um apartamento moderno, com dois quartos, \u00e1rea de estar e cozinha totalmente equipada, constru\u00eddo num guidaste situado na zona portu\u00e1ria de Amesterd\u00e3o, Holanda. A estrutura original data de 1957, mas s\u00f3 em 2016 \u00e9 que foi completamente restaurada com o objetivo de se transformar num apartamento de luxo que contou com o design de Edward van Vliet. Note-se que o The Yays est\u00e1 listado no site da Booking para reserva de qualquer pessoa que deseje uma experi\u00eancia bem diferente. Com uma classifica\u00e7\u00e3o de 9,2, os h\u00f3spedes mostram-se satisfeitos com o apartamento e a vista RIo que este proporciona. <\/p>\n<\/p>\n<h2><strong>O apartamento mais pequeno do mundo fica na Pol\u00f3nia<\/strong><\/h2>\n<p class=\" block-img\"><img decoding=\"async\" src=\"https:\/\/images.prismic.io\/imovirtual\/5a376151-9344-4475-8271-1f6b6c1fa031_C%C3%B3pia+de+Sem+nome+-+2021-06-25T090119.948.png\" alt=\"Keret House\"><\/p>\n<p>Idealizada pelo arquitecto polaco Jakub Szczesny, a The Keret House fica situada em Vars\u00f3via, na Pol\u00f3nia, no meio de dois edif\u00edcios hist\u00f3ricos. De acordo com o jornal <a href=\"https:\/\/www.archdaily.com\/289630\/inside-the-keret-house-the-worlds-skinniest-house-by-jakub-szczesny\" target=\"_blank\" rel=\"noopener\">Arch Daily<\/a>, a casa ter\u00e1 entre 92 cent\u00edmetros no ponto mais estreito e 152 cent\u00edmetros no ponto mais largo. A esta publica\u00e7\u00e3o o autor do projeto contava em 2012 que a  &#8220;Keret House \u00e9 um exemplo perfeito do chamado \u201cn\u00e3o-matching\u201d no tecido urbano da cidade&#8221;. Atualmente, \u00e9 poss\u00edvel visitar esta constru\u00e7\u00e3o, adquirindo bilhetes para o efeito atrav\u00e9s do site da Keret House. <\/p>\n<\/p>\n<h2><strong>A Alemanha tem casas de 1m2<\/strong><\/h2>\n<p class=\" block-img\"><img decoding=\"async\" src=\"https:\/\/www.imovirtual.com\/noticias\/wp-content\/uploads\/2022\/11\/2863b44e-5d98-4c2e-844c-35ef03bdb79a_Copia-de-Sem-nome-2021-06-25T091146.471-2.png\" alt=\"casas 1m2\"><\/p>\n<p>One-Sqm-House \u00e9 o nome destas casas com 1m2 criadas pelo arquiteto Van Bo Le-Mentzel, que viveu parte da sua vida como refugiado e em habita\u00e7\u00f5es sociais. Estas s\u00e3o provavelmente as estruturas habitacionais mais pequenas do mundo, feitas em madeira, que podem ser utilizadas como um escrit\u00f3rio m\u00f3vel ou um quarto extra num apartamento. Disp\u00f5e de um mecanismo que lhes permite serem utilizadas tanto em formato vertical como horizontal, pesam 40kg e ofecerem rodas para ser mais f\u00e1cil de as deslocar. &#8220;\u00c9 o \u00fanico metro quadrado no mundo onde posso decidir a dire\u00e7\u00e3o da janela, em que dire\u00e7\u00e3o a porta se abre, quais os vizinhos&#8221;, disse o respons\u00e1vel pelo projeto \u00e0 publica\u00e7\u00e3o <a href=\"https:\/\/www.architectureartdesigns.com\/worlds-smallest-house-takes-only-1-square-meter\/\" target=\"_blank\" rel=\"noopener\">Architecture Art Designs<\/a>.  <\/p>\n<\/p>\n<h2><strong>Os Estados Unidos v\u00e3o ter um pr\u00e9dio constru\u00eddo a partir de contentores<\/strong><\/h2>\n<p class=\" block-img\"><img decoding=\"async\" src=\"https:\/\/www.imovirtual.com\/noticias\/wp-content\/uploads\/2022\/11\/ac0a81c9-6e78-47f8-a4b4-2b1e7d636e54_Copia-de-Sem-nome-2021-06-25T083536.102-1.png\" alt=\"Hope on Alvarado\"><\/p>\n<p>O projeto foi pensado para alojar a popula\u00e7\u00e3o sem-abrigo de Los Angeles. Trata-se de uma constru\u00e7\u00e3o modular que resulta da jun\u00e7\u00e3o de contentores de carga em formato de pr\u00e9dio habitacional. Hope on Alvarado \u00e9 o nome deste edif\u00edcio que contar\u00e1 com cinco andares e apartamentos de tipologias T0 e T1. Ser\u00e1 constru\u00eddo em torno de um p\u00e1tio comum, para &#8220;transmitir a ideia de comunidade&#8221;, l\u00ea-se no site da <a href=\"https:\/\/ktgy.com\/work\/hope-on-alvarado\/\" target=\"_blank\" rel=\"noopener\">KTGY<\/a>, a empresa respons\u00e1vel pelo projeto. Cada residente ter\u00e1 ainda um espa\u00e7o para guardar bicicletas..<\/p>\n<\/p>\n<h2><strong>E que tal viver em tubos de \u00e1gua em Hong Kong?<\/strong><\/h2>\n<p class=\" block-img\"><img decoding=\"async\" src=\"https:\/\/www.imovirtual.com\/noticias\/wp-content\/uploads\/2022\/11\/9d69a4c8-5d90-4f30-a0a8-64651a980ea0_Copia-de-Sem-nome-2021-06-25T081823.685-1.png\" alt=\"Casas Tubo Opod\"><\/p>\n<p>Em Hong Kong h\u00e1 pouco espa\u00e7o para novas constru\u00e7\u00f5es e o pre\u00e7o do metro quadro \u00e9 exorbitante. Com o objetivo de proporcionar aos cidad\u00e3os com pouco poder econ\u00f3mico a possibilidade de encontrarem um lar, o arquiteto James Law criou as Casas Opod, cuja constru\u00e7\u00e3o est\u00e1 prevista ser conclu\u00edda ainda este ano. Trata-se de um projeto minimalista que reutiliza os tubos de cimento normalmente usados para o transporte p\u00fablico de \u00e1gua para criar infraestruturas habitacionais com 9,2 metros, totalmente equipadas. Existem v\u00e1rias varia\u00e7\u00f5es das Casas Opod, inclusivamente em vers\u00e3o flutuante: situadas no topo de um navio de carga.<\/p>\n<\/p>\n<h2><strong>Em Portugal tamb\u00e9m temos casas estranhas&#8230;<\/strong><\/h2>\n<p class=\" block-img\"><img decoding=\"async\" src=\"https:\/\/images.prismic.io\/imovirtual\/46141897-a7dd-4629-8045-01cdbb955d21_C%C3%B3pia+de+Sem+nome+-+2021-06-25T092810.937.png\" alt=\"casa do penedo fafe\"><\/p>\n<p>Fica na Serra de Fafe e h\u00e1 quem lhe chame a Casa dos Flinstones, pela sua estrutura peculiar feita em pedra que se integra perfeitamente na paisagem natural e serve como um abrigo. Falamos da <a href=\"https:\/\/www.casadopenedofafe.com\/en\/\" target=\"_blank\" rel=\"noopener\">Casa do Penedo<\/a>, inaugurada pouco depois do <a href=\"https:\/\/www.imovirtual.com\/noticias\/noticias\/25-de-abril-viva-a-liberdade\" target=\"_blank\" rel=\"noopener\">25 de abril<\/a> em 13 de outubro de 1974. Al\u00e9m do seu formato in\u00f3spito, esta habita\u00e7\u00e3o foi constru\u00edda de forma inversa: pelo telhado. Atualmente, \u00e9 um ponto de interesse para turistas de todo o mundo que podem, inclusivamente, marcar uma experi\u00eancia na casa que foi considerada uma das mais estranhas do mundo.<\/p>\n<\/p>\n<p class=\" block-img\"><img decoding=\"async\" src=\"https:\/\/www.imovirtual.com\/noticias\/wp-content\/uploads\/2022\/11\/bd5974cf-f0b2-4813-a690-c8359669947e_Copia-de-Banners-Autores.png\" alt=\"Ana Catarina Autor Imovirtual\"><\/p>\n<h5><em>Ana Catarina \u00e9 a mi\u00fada das tend\u00eancias. Gosta de ficar em casa a perder-se pelas p\u00e1ginas de um livro, mas tamb\u00e9m n\u00e3o dispensa um caf\u00e9 tardio com os amigos. Est\u00e1 sempre \u00e0 procura do \u00faltimo grito em Lifestyle para revelar no Blog do Imovirtual.<\/em><\/h5>\n<\/p>\n<h4><strong>Leia tamb\u00e9m<\/strong><\/h4>\n<ul>\n<li>E se os <a href=\"https:\/\/www.imovirtual.com\/noticias\/lifestyle\/se-os-caes-pudessem-escolher-uma-casa\" target=\"_blank\" rel=\"noopener\"><strong>c\u00e3es<\/strong><\/a> pudessem escolher uma casa?<\/li>\n<li>Os interiores da <a href=\"https:\/\/www.imovirtual.com\/noticias\/lifestyle\/os-interiores-da-serie-da-netflix-bridgerton-e-como\" target=\"_blank\" rel=\"noopener\"><strong>s\u00e9rie da Netflix \u2018Bridgerton\u2019<\/strong><\/a> e como os replicar na sua casa<\/li>\n<li>Hist\u00f3rias surpreendentes sobre <a href=\"https:\/\/www.imovirtual.com\/noticias\/imobiliario\/historias-surpreendentes-sobre-edificios-historicos\" target=\"_blank\" rel=\"noopener\"><strong>edif\u00edcios hist\u00f3ricos portugueses<\/strong><\/a><\/li>\n<\/ul>\n<\/p>\n<div class=\"css-h5fkc8\"><strong>Ultima actualiza\u00e7\u00e3o:<\/strong> 26 junho 2021<\/div>\n","protected":false},"excerpt":{"rendered":"<p>Os lugares mais estranhos para se viver Os ingleses t\u00eam um conhecido ditado: &#8220;Home is where the heart is&#8221;, que em tradu\u00e7\u00e3o literal significa &#8220;A casa \u00e9 onde est\u00e1 o cora\u00e7\u00e3o&#8221;. Uma express\u00e3o que se aplica totalmente \u00e0s casas que lhe mostramos de seguida. Isto porque, muitas delas nem sequer s\u00e3o esteticamente apraz\u00edveis, ou t\u00eam &hellip;<\/p>\n","protected":false},"author":3,"featured_media":4236,"comment_status":"closed","ping_status":"open","sticky":false,"template":"","format":"standard","meta":{"footnotes":""},"categories":[3],"tags":[],"class_list":["post-4233","post","type-post","status-publish","format-standard","has-post-thumbnail","hentry","category-lifestyle"],"_links":{"self":[{"href":"https:\/\/www.imovirtual.com\/noticias\/wp-json\/wp\/v2\/posts\/4233","targetHints":{"allow":["GET"]}}],"collection":[{"href":"https:\/\/www.imovirtual.com\/noticias\/wp-json\/wp\/v2\/posts"}],"about":[{"href":"https:\/\/www.imovirtual.com\/noticias\/wp-json\/wp\/v2\/types\/post"}],"author":[{"embeddable":true,"href":"https:\/\/www.imovirtual.com\/noticias\/wp-json\/wp\/v2\/users\/3"}],"replies":[{"embeddable":true,"href":"https:\/\/www.imovirtual.com\/noticias\/wp-json\/wp\/v2\/comments?post=4233"}],"version-history":[{"count":0,"href":"https:\/\/www.imovirtual.com\/noticias\/wp-json\/wp\/v2\/posts\/4233\/revisions"}],"wp:featuredmedia":[{"embeddable":true,"href":"https:\/\/www.imovirtual.com\/noticias\/wp-json\/wp\/v2\/media\/4236"}],"wp:attachment":[{"href":"https:\/\/www.imovirtual.com\/noticias\/wp-json\/wp\/v2\/media?parent=4233"}],"wp:term":[{"taxonomy":"category","embeddable":true,"href":"https:\/\/www.imovirtual.com\/noticias\/wp-json\/wp\/v2\/categories?post=4233"},{"taxonomy":"post_tag","embeddable":true,"href":"https:\/\/www.imovirtual.com\/noticias\/wp-json\/wp\/v2\/tags?post=4233"}],"curies":[{"name":"wp","href":"https:\/\/api.w.org\/{rel}","templated":true}]}}