{"id":422,"date":"2022-04-23T00:00:00","date_gmt":"2022-04-23T00:00:00","guid":{"rendered":"https:\/\/www.imovirtual.com\/noticias2\/2022\/04\/23\/tudo-sobre-vpt\/"},"modified":"2024-08-28T10:25:31","modified_gmt":"2024-08-28T10:25:31","slug":"tudo-sobre-vpt","status":"publish","type":"post","link":"https:\/\/www.imovirtual.com\/noticias\/financas\/tudo-sobre-vpt\/","title":{"rendered":"Tudo sobre VPT"},"content":{"rendered":"<p class=\"css-8qfla4\">\n<p class=\"css-m5h6m0 edperro0\">\n<h1><strong>Tudo sobre VPT<\/strong><\/h1>\n<p>O m\u00eas para pagamento do <a href=\"https:\/\/www.imovirtual.com\/noticias\/financas\/faq-imi\" target=\"_blank\" rel=\"noopener\"><strong>IMI<\/strong><\/a>, o Imposto Municipal sobre Im\u00f3veis, aproxima-se a todo o g\u00e1s. N\u00e3o importa se escolheu pagar a quantia por inteiro ou atrav\u00e9s de presta\u00e7\u00f5es: em qualquer um dos casos, ter\u00e1 de abrir os cord\u00f5es \u00e0 bolsa durante o m\u00eas de Maio. E inevitavelmente, ao falarmos do IMI temos tamb\u00e9m de referir o<strong> VPT<\/strong>, um dos indicadores que contribui para o c\u00e1lculo do imposto. A sigla traduz-se, nada mais, nada menos, por <strong>Valor Patrimonial Tribut\u00e1rio<\/strong>, e designa o valor real de um im\u00f3vel num dado ano, que pode ser encontrado no <strong>C\u00f3digo do Imposto Municipal sobre Im\u00f3veis<\/strong> (CIMI). Posto isso, o propriet\u00e1rio deve consultar a <a href=\"https:\/\/www.imovirtual.com\/noticias\/imobiliario\/certidao-predial-urbana\" target=\"_blank\" rel=\"noopener\">Caderneta Predial<\/a> da habita\u00e7\u00e3o para conhecer o valor.<\/p>\n<\/p>\n<h3>Pode interessar-lhe: <a href=\"https:\/\/www.imovirtual.com\/noticias\/financas\/imi-tudo-o-que-precisa-saber-sobre-este-imposto-id155.html\" target=\"_blank\" rel=\"noopener\"><em><strong>IMI: tudo o que precisa saber sobre este imposto<\/strong><\/em><\/a><\/h3>\n<\/p>\n<p>O<strong> c\u00e1lculo do VPT <\/strong>\u00e9 realizado de forma distinta nos pr\u00e9dios urbanos e pr\u00e9dios r\u00fasticos. A primeira <a href=\"https:\/\/www.imovirtual.com\/noticias\/imobiliario\/guia-para-tipologia-moradias-apartamentos\" target=\"_blank\" rel=\"noopener\">tipologia<\/a> contempla os todos os <strong>edif\u00edcios habitacionais, comerciais, industriais ou para servi\u00e7os<\/strong>, bem como <a href=\"https:\/\/www.imovirtual.com\/noticias\/imobiliario\/terrenos-viabilidade-construcao-pip\" target=\"_blank\" rel=\"noopener\">terrenos<\/a> para constru\u00e7\u00e3o. A segunda diz respeito aos<strong> terrenos situados fora dos limites urbanos<\/strong> e que n\u00e3o estejam destinados para constru\u00e7\u00e3o. As terras destinadas a explora\u00e7\u00e3o agr\u00edcola, as <a href=\"https:\/\/www.imovirtual.com\/noticias\/lifestyle\/reaproveitar-agua-em-casa\" target=\"_blank\" rel=\"noopener\">\u00e1guas<\/a> e planta\u00e7\u00f5es s\u00e3o alguns dos exemplos.<\/p>\n<p>A<strong> f\u00f3rmula<\/strong> utilizada para o c\u00e1lculo do Valor Patrimonial Tribut\u00e1rio \u00e9 baseada num conjunto de coeficientes e traduz-se da seguinte forma:<\/p>\n<pre>VPT = Vc x A x Ca x Cl x Cq x Cv<\/pre>\n<p>\u00c1 primeira vista esta parece uma equa\u00e7\u00e3o matem\u00e1tica complexa, mas na verdade cada conjunto de letras representa um indicador distinto. Todos eles s\u00e3o fulcrais para o sucesso do c\u00e1lculo e pode encontrar os tetos e limites deles no <strong>CIMI<\/strong>.<\/p>\n<ul>\n<li>Vc: Valor base dos pr\u00e9dios edificados;<\/li>\n<li>A: \u00c1rea bruta de constru\u00e7\u00e3o mais a \u00e1rea excedente \u00e0 \u00e1rea de implanta\u00e7\u00e3o;<\/li>\n<li>Ca: Coeficiente de afeta\u00e7\u00e3o;<\/li>\n<li>Cl: Coeficiente de localiza\u00e7\u00e3o;<\/li>\n<li>Cq: coeficiente de qualidade e conforto;<\/li>\n<li>Cv: coeficiente de vetustez.<\/li>\n<\/ul>\n<p>Note que <strong>o VPT \u00e9 automaticamente determinado pelas <a href=\"https:\/\/zonamentopf.portaldasfinancas.gov.pt\/simulador\/default.jsp\" target=\"_blank\" rel=\"noopener\">Finan\u00e7as<\/a><\/strong> de tr\u00eas em tr\u00eas anos, sendo que o propriet\u00e1rio n\u00e3o intervem em nada. Assim, caso pretenda atualizar os dados do seu im\u00f3vel, s\u00f3 o poder\u00e1 fazer tr\u00eas anos depois de decorrida a \u00faltima avalia\u00e7\u00e3o fiscal da habita\u00e7\u00e3o. <\/p>\n<p>De uma forma simples e leviana, podemos dizer que <strong>o VPT diz respeito ao valor fiscal do im\u00f3vel<\/strong>. E tenha em aten\u00e7\u00e3o: \u00e9 que <strong>este indicador n\u00e3o \u00e9 apenas usado no c\u00e1lculo do IMI<\/strong>, sendo tamb\u00e9m necess\u00e1rio para determinar o<strong> Imposto Municipal sobre as Transmiss\u00f5es Onerosas de Im\u00f3veis<\/strong> (IMT), outro dos impostos que decorre da compra de um im\u00f3vel.<\/p>\n<h3>Conhe\u00e7a: <a href=\"https:\/\/www.imovirtual.com\/noticias\/financas\/custos-na-compra-de-casa-impostos-certidoes-e-comissoes-id61.html\" target=\"_blank\" rel=\"noopener\"><em><strong>Custos na compra de casa: impostos, certid\u00f5es e comiss\u00f5es<\/strong><\/em><\/a><\/h3>\n<p class=\" block-img\"><img decoding=\"async\" src=\"https:\/\/www.imovirtual.com\/noticias\/wp-content\/uploads\/2022\/11\/35ce8fdc-7f6c-4930-b514-06c8b6107a8e_Joao-Miguel-Banner-2.png\" alt=\"Jo\u00e3o Miguel Autor Imovirtual Blog\"><\/p>\n<h5><em>Jo\u00e3o Miguel \u00e9 o homem dos n\u00fameros. O jeito para os n\u00fameros sempre foi inato, assim como o talento para a escrita. J\u00e1 tentou fazer um sem o outro, mas n\u00e3o foi bem sucedido na tarefa. Por isso, hoje escreve para a sec\u00e7\u00e3o &#8216;Finan\u00e7as&#8217; do Blog do Imovirtual.<\/em><\/h5>\n<\/p>\n<h4><strong>Mais sobre<em>&nbsp;Finan\u00e7as<\/em><\/strong><\/h4>\n<ul>\n<li>O que \u00e9 o <a href=\"https:\/\/www.imovirtual.com\/noticias\/financas\/tudo-sobre-ltv\" target=\"_blank\" rel=\"noopener\"><strong>LTV<\/strong><\/a>?<\/li>\n<li><a href=\"https:\/\/www.imovirtual.com\/noticias\/financas\/isencao-imi-beneficiarios\" target=\"_blank\" rel=\"noopener\"><strong>Isen\u00e7\u00e3o do IMI<\/strong><\/a>: quem pode beneficiar?<\/li>\n<li>Saiba tudo sobre <a href=\"https:\/\/www.imovirtual.com\/noticias\/financas\/credito-habitacao-jovem\" target=\"_blank\" rel=\"noopener\"><strong>Cr\u00e9dito Habita\u00e7\u00e3o Jovem<\/strong><\/a><\/li>\n<\/ul>\n<\/p>\n<div class=\"css-h5fkc8\"><strong>Ultima actualiza\u00e7\u00e3o:<\/strong> 23 abril 2022<\/div>\n","protected":false},"excerpt":{"rendered":"<p>Tudo sobre VPT O m\u00eas para pagamento do IMI, o Imposto Municipal sobre Im\u00f3veis, aproxima-se a todo o g\u00e1s. N\u00e3o importa se escolheu pagar a quantia por inteiro ou atrav\u00e9s de presta\u00e7\u00f5es: em qualquer um dos casos, ter\u00e1 de abrir os cord\u00f5es \u00e0 bolsa durante o m\u00eas de Maio. E inevitavelmente, ao falarmos do IMI &hellip;<\/p>\n","protected":false},"author":3,"featured_media":423,"comment_status":"closed","ping_status":"open","sticky":false,"template":"","format":"standard","meta":{"footnotes":""},"categories":[6,37],"tags":[],"class_list":["post-422","post","type-post","status-publish","format-standard","has-post-thumbnail","hentry","category-financas","category-financas-e-imobiliario"],"_links":{"self":[{"href":"https:\/\/www.imovirtual.com\/noticias\/wp-json\/wp\/v2\/posts\/422","targetHints":{"allow":["GET"]}}],"collection":[{"href":"https:\/\/www.imovirtual.com\/noticias\/wp-json\/wp\/v2\/posts"}],"about":[{"href":"https:\/\/www.imovirtual.com\/noticias\/wp-json\/wp\/v2\/types\/post"}],"author":[{"embeddable":true,"href":"https:\/\/www.imovirtual.com\/noticias\/wp-json\/wp\/v2\/users\/3"}],"replies":[{"embeddable":true,"href":"https:\/\/www.imovirtual.com\/noticias\/wp-json\/wp\/v2\/comments?post=422"}],"version-history":[{"count":0,"href":"https:\/\/www.imovirtual.com\/noticias\/wp-json\/wp\/v2\/posts\/422\/revisions"}],"wp:featuredmedia":[{"embeddable":true,"href":"https:\/\/www.imovirtual.com\/noticias\/wp-json\/wp\/v2\/media\/423"}],"wp:attachment":[{"href":"https:\/\/www.imovirtual.com\/noticias\/wp-json\/wp\/v2\/media?parent=422"}],"wp:term":[{"taxonomy":"category","embeddable":true,"href":"https:\/\/www.imovirtual.com\/noticias\/wp-json\/wp\/v2\/categories?post=422"},{"taxonomy":"post_tag","embeddable":true,"href":"https:\/\/www.imovirtual.com\/noticias\/wp-json\/wp\/v2\/tags?post=422"}],"curies":[{"name":"wp","href":"https:\/\/api.w.org\/{rel}","templated":true}]}}