{"id":4195,"date":"2021-06-16T00:00:00","date_gmt":"2021-06-16T00:00:00","guid":{"rendered":"https:\/\/www.imovirtual.com\/noticias2\/2021\/06\/16\/mais-historias-edificios-historicos-portugueses\/"},"modified":"2024-08-28T10:29:52","modified_gmt":"2024-08-28T10:29:52","slug":"mais-historias-edificios-historicos-portugueses","status":"publish","type":"post","link":"https:\/\/www.imovirtual.com\/noticias\/imobiliario\/mais-historias-edificios-historicos-portugueses\/","title":{"rendered":"Mais hist\u00f3rias sobre edif\u00edcios hist\u00f3ricos portugueses"},"content":{"rendered":"<p class=\"css-8qfla4\">\n<p class=\"css-m5h6m0 edperro0\">\n<h1><strong>Mais hist\u00f3rias sobre edif\u00edcios portugueses<\/strong><\/h1>\n<p>J\u00e1 aqui fal\u00e1mos de algumas hist\u00f3rias de edif\u00edcios que marcaram o legado portugu\u00eas. O nosso pa\u00eds \u00e9, sem d\u00favida, muito rico a n\u00edvel arquitet\u00f3nico, mas ao longo destes anos t\u00eam sido tomadas boas e m\u00e1s decis\u00f5es no que toca \u00e0 constru\u00e7\u00e3o ou demoli\u00e7\u00e3o de pr\u00e9dios. Ou mesmo \u00e0 falta de conserva\u00e7\u00e3o do patrim\u00f3nio j\u00e1 existente. Estas s\u00e3o algumas curiosidades sobre 4 localiza\u00e7\u00f5es conhecidas, com hist\u00f3ria e com desfechos muito diferentes. Ora veja. <\/p>\n<\/p>\n<h3>\ud83d\udc49 Conhe\u00e7a mais hist\u00f3rias sobre <a href=\"https:\/\/www.imovirtual.com\/noticias\/imobiliario\/historias-surpreendentes-sobre-edificios-historicos\" target=\"_blank\" rel=\"noopener\"><strong>edif\u00edcios portugueses<\/strong><\/a><\/h3>\n<\/p>\n<\/p>\n<h2>\ud83c\udfdb\ufe0f <strong>A estrela que nunca conheceu dias de gl\u00f3ria<\/strong><\/h2>\n<h3>Lisboa: Panor\u00e2mico de Monsanto<\/h3>\n<p class=\" block-img\"><img decoding=\"async\" src=\"https:\/\/www.imovirtual.com\/noticias\/wp-content\/uploads\/2022\/11\/a58175f2-c81e-4ced-b0b1-1f4431330601_10-2-2.png\" alt=\"panor\u00e2mico de monsanto\"><\/p>\n<p>Num trabalho sobre o emblem\u00e1tico local do Parque Florestal de Monsanto, o <a href=\"https:\/\/expresso.pt\/monsanto\/\" target=\"_blank\" rel=\"noopener\">Jornal Expresso<\/a> apelidou-o de \u00d3VNI, &#8220;im\u00f3vel e enigm\u00e1tico, a olhar a cidade, quase sem ser visto&#8221;.  Uma defini\u00e7\u00e3o adequada, j\u00e1 que agora este \u00e9 apenas um local praticamente abandonado e mal aproveitado, que recebe alguns eventos e tenta cumprir uma das muitas fun\u00e7\u00f5es que para ele foram idealizadas, a de miradouro.<\/p>\n<p>A vista 360\u00ba e o conceito inovador n\u00e3o chegaram para manter o Panor\u00e2mico de Monsanto em bom caminho. A estrutura do edif\u00edcio continua de p\u00e9 e a <a href=\"https:\/\/www.lisboa.pt\/\" target=\"_blank\" rel=\"noopener\">C\u00e2mara Municipal de Lisboa<\/a> at\u00e9 efetuou pequenos trabalhos para tornar o local mais seguro para as centenas de curiosos que visitam o miradouro, mas o espa\u00e7o tinha potencial para ser t\u00e3o mais do que somente as paredes graffitadas, os vidros partidos e o lixo acumulado. <\/p>\n<p>O edif\u00edcio come\u00e7ou a ser projetado h\u00e1 50 anos atr\u00e1s, mais coisa menos coisa, pelo arquiteto camar\u00e1rio Carlos Chaves Costa.  Dispunha de 7 pisos onde se localizavam, Miradouro, Dep\u00f3sito de \u00c1gua, Restaurante, Snack-bar, Escrit\u00f3rios, Armaz\u00e9m e Sala de Bingo. A sua constru\u00e7\u00e3o viria a ficar conclu\u00edda em meados do inicio da d\u00e9cada de 70 e a 4 de mar\u00e7o de 1970, o espa\u00e7o foi inaugurado. Desde ent\u00e3o, e tal como aponta o Expresso, o Panor\u00e2mico s\u00f3 funcionou em pleno entre 1984 e 1985; nos outros anos, ora esteve fechado, ora funcionou esporadicamente.  <\/p>\n<\/p>\n<h2>\ud83c\udfdb\ufe0f <strong>Uma requalifica\u00e7\u00e3o bem-sucedida<\/strong><\/h2>\n<h3>Caldas da Rainha: Hotel Lisbonense atual Hotel Sana Silver Coast<\/h3>\n<p class=\" block-img\"><img decoding=\"async\" src=\"https:\/\/www.imovirtual.com\/noticias\/wp-content\/uploads\/2022\/11\/d2b3b3cb-bc5d-45f7-bb83-3877d2b15e61_9-2.png\" alt=\"hotel lisbonense sana silver coast\"><\/p>\n<p>Anteriormente conhecido como Hotel Lisbonense, hoje alberga uma das maiores cadeias hoteleiras nacionais: o Sana Silver Coast junta o requinte \u00e0 hist\u00f3ria. Nos tempos \u00e1ureos, o Lisbonense esteve fortemente ligado \u00e0 tradi\u00e7\u00e3o termal das Caldas da Rainha, n\u00e3o fosse este o local onde o rei D. Carlos I e a Fam\u00edlia Real permaneciam quando visitavam a cidade do Oeste para ir a banhos. <\/p>\n<p>Todavia, a unidade hoteleira entrou em decl\u00ednio por volta dos anos setenta, altura em que chegou a receber os cidad\u00e3os das ex-col\u00f3nias. Eventualmente viria a ficar ao abandono e apesar do interesse de v\u00e1rios investidores neste ativo, a verdade \u00e9 que as ru\u00ednas do edif\u00edcio conviveram por muitos anos com a bela paisagem do Parque D. Carlos I, um dos ex-l\u00edbris das Caldas da Rainha. Tudo porque a autarquia exigia que os novos propriet\u00e1rios mantivessem a fachada original do edif\u00edcio. <\/p>\n<p>E assim foi: em 2011 era inaugurado o <a href=\"https:\/\/www.sanahotels.com\/en\" target=\"_blank\" rel=\"noopener\">Hotel Sana Silver Coast<\/a>, uma unidade de 4 estrelas, que segundo o <a href=\"https:\/\/www.regiaodeleiria.pt\/2011\/06\/hotel-lisbonense-reabre-nas-caldas-da-rainha-apos-remodelacao-de-7-milhoes-de-euros\/\" target=\"_blank\" rel=\"noopener\">Regi\u00e3o de Leiria<\/a>, foi or\u00e7ada em 7 milh\u00f5es de euros. Mas esta obra de reconstru\u00e7\u00e3o ficou marcada por uma derrocada da fachada em julho de 2008, que causou ferimentos em dois oper\u00e1rios.<\/p>\n<\/p>\n<h2>\ud83c\udfdb\ufe0f <strong>Edif\u00edcio do s\u00e9culo XVI \u00e0 venda no Imovirtual<\/strong><\/h2>\n<h3>Sintra: Antigo Hospital<\/h3>\n<p class=\" block-img\"><img decoding=\"async\" src=\"https:\/\/www.imovirtual.com\/noticias\/wp-content\/uploads\/2022\/11\/17e563e5-3e27-4932-90e9-d38959fe7d2e_11-2.png\" alt=\"antigo hospital de sintra\"><\/p>\n<p>Seis pisos, uma pequena capela e uma \u00e1rea bruta de 1996m2: esta \u00e9 a composi\u00e7\u00e3o do Antigo Hospital de Sintra que est\u00e1 \u00e0 venda no <a href=\"https:\/\/www.imovirtual.com\/pt\/anuncio\/edificio-em-sintra-localizacao-premium-ID159p4.html\" target=\"_blank\" rel=\"noopener\">Imovirtual<\/a> por 5 milh\u00f5es de euros. O edif\u00edcio data do s\u00e9culo XVI e a sua hist\u00f3ria est\u00e1 associada \u00e0 Santa Casa da Miseric\u00f3rdia de Sintra, uma institui\u00e7\u00e3o que surgiu em 1545 pela m\u00e3o da Rainha D. Catarina, esposa de D. Jo\u00e3o III. <\/p>\n<p>No s\u00e9culo XX, o Hospital da Miseric\u00f3rdia, nome pelo qual era conhecido, sofreu uma moderniza\u00e7\u00e3o e passou a contar com um servi\u00e7o de radiologia a partir de 1940. Trinta anos depois, foi novamente alvo de obras de requalifica\u00e7\u00e3o sendo que o n\u00famero de especialidades m\u00e9dicas foi aumentado. Em 1974, o Hospital viria a ser nacionalizado para anos mais tarde, na d\u00e9cada de 90 ser encerrado definitivamente por n\u00e3o reunir as condi\u00e7\u00f5es de funcionamento necess\u00e1rias. <\/p>\n<p>Desde ent\u00e3o n\u00e3o h\u00e1 registos de atividade naquele edif\u00edcio. No an\u00fancio publicado no im\u00f3vel pode ler-se que o im\u00f3vel &#8220;foi Rec\u00e9m restaurado com uma infraestrutura para receber uma Cl\u00ednica. Pode ser igualmente adaptado para um Hotel&#8221;. O desfecho deste edif\u00edcio com hist\u00f3ria, s\u00f3 o futuro dir\u00e1, mas certo \u00e9 que a sua localiza\u00e7\u00e3o privilegiada no centro da Vila, perto do Pal\u00e1cio Nacional de Sintra e do Museu de Hist\u00f3ria Natural \u00e9 um ponto a favor para a concretiza\u00e7\u00e3o e preserva\u00e7\u00e3o do Antigo Hospital. <\/p>\n<\/p>\n<h3>\ud83d\udc49 Encontre aqui mais <a href=\"https:\/\/www.imovirtual.com\/comprar\/sintra\/?search%5Bregion_id%5D=11&amp;search%5Bsubregion_id%5D=158\" target=\"_blank\" rel=\"noopener\"><strong>im\u00f3veis para comprar em Sintra<\/strong><\/a><\/h3>\n<\/p>\n<h2>\ud83c\udfdb\ufe0f <strong>No corredor da demoli\u00e7\u00e3o<\/strong><\/h2>\n<h3>Lisboa: Edif\u00edcios Fontes Pereira de Melo<\/h3>\n<p class=\" block-img\"><img decoding=\"async\" src=\"https:\/\/images.prismic.io\/imovirtual\/b6d43af7-8753-453e-9988-868c31000b78_8+%282%29.png\" alt=\"edif\u00edcios graffitis fontes pereira de melo\"><\/p>\n<p>Ao todo s\u00e3o tr\u00eas os pr\u00e9dios em ru\u00ednas que constituem a paisagem urbana de uma das Avenidas mais nobres e mais movimentadas de Lisboa. Os edif\u00edcios devolutos da Fontes Pereira de Melo ficaram conhecidos em 2010, altura em que as suas fachadas foram pintadas pelos artistas do <a href=\"https:\/\/industriacriativa.pt\/projeto\/30537\/crono\" target=\"_blank\" rel=\"noopener\">projeto Crono<\/a>. Um trabalho que foi classificado pelo <a href=\"https:\/\/ionline.sapo.pt\/artigo\/711451\/lisboa-demolicao-chegou-aos-predios-grafitados-de-picoas-?seccao=Portugal_i\" target=\"_blank\" rel=\"noopener\">The Guardian<\/a> como uma das melhores obras de <em>street art<\/em> do mundo. <\/p>\n<p>Al\u00e9m de n\u00e3o passarem despercebidos pelas obras de arte que albergam, os pr\u00e9dios tamb\u00e9m chamam \u00e0 aten\u00e7\u00e3o pelas suas janelas tapadas com tijolos e pelo seu aspeto &#8220;abandonado&#8221;. Por isso, a Dire\u00e7\u00e3o-Geral do Patrim\u00f3nio Cultural (DGPC) avan\u00e7ou em outubro de 2020 para a demoli\u00e7\u00e3o dos im\u00f3veis. Ao <a href=\"https:\/\/ionline.sapo.pt\/artigo\/711451\/lisboa-demolicao-chegou-aos-predios-grafitados-de-picoas-?seccao=Portugal_i\" target=\"_blank\" rel=\"noopener\">Jornal i<\/a> foi confirmada a execu\u00e7\u00e3o de \u201ctrabalhos de demoli\u00e7\u00e3o\u201d, bem como o registo de uma derrocada num dos edif\u00edcios no inicio de 2019 o que levou a uma proposta para a demoli\u00e7\u00e3o integral do referido &#8220;alegando riscos de seguran\u00e7a para pessoas e bens\u201d.<\/p>\n<p>Certo \u00e9 que ap\u00f3s comunicada a inten\u00e7\u00e3o da DGPC, foi lan\u00e7ado um abaixo-assinado para manifestar o descontentamento a respeito da demoli\u00e7\u00e3o dos tr\u00eas edif\u00edcios da Fontes Pereira de Melo. De acordo com o Jornal i, a peti\u00e7\u00e3o defende a \u201cimport\u00e2ncia patrimonial e com forte impacto no tecido urbano da cidade\u201d do conjunto de pr\u00e9dios e pede que ao inv\u00e9s da demolidos, estes sejam restaurados. <\/p>\n<p class=\" block-img\"><img decoding=\"async\" src=\"https:\/\/www.imovirtual.com\/noticias\/wp-content\/uploads\/2022\/11\/3c23b667-0a08-4ca1-abcb-74566be5c538_Copia-de-Banners-Autores-2.png\" alt=\"Alexandre Lu\u00eds Autor Imovirtual\"><\/p>\n<h5><em>Tamb\u00e9m conhecido como &#8216;O Consultor&#8217;. Pode encontr\u00e1-lo a consultar o \u00faltimo estudo de mercado. N\u00e3o tem talento para vender, mas sabe tudo sobre Imobili\u00e1rio. Fala sobre quest\u00f5es relacionadas com o tema no Blog do Imovirtual.<\/em><\/h5>\n<\/p>\n<h4><strong>Leia tamb\u00e9m<\/strong><\/h4>\n<ul>\n<li>E se os <a href=\"https:\/\/www.imovirtual.com\/noticias\/lifestyle\/gatos-escolhem-uma-casa\" target=\"_blank\" rel=\"noopener\"><strong>gatos pudessem escolher uma casa<\/strong><\/a>?<\/li>\n<li>E se os <a href=\"https:\/\/www.imovirtual.com\/noticias\/lifestyle\/se-os-caes-pudessem-escolher-uma-casa\" target=\"_blank\" rel=\"noopener\"><strong>c\u00e3es pudessem escolher uma casa<\/strong><\/a>?<\/li>\n<li>Ser\u00e3o estas as <a href=\"https:\/\/www.imovirtual.com\/noticias\/lifestyle\/criancas-casas-de-sonho\" target=\"_blank\" rel=\"noopener\"><strong>casas de sonho das crian\u00e7as<\/strong><\/a>?<\/li>\n<\/ul>\n<\/p>\n<div class=\"css-h5fkc8\"><strong>Ultima actualiza\u00e7\u00e3o:<\/strong> 17 junho 2021<\/div>\n","protected":false},"excerpt":{"rendered":"<p>Mais hist\u00f3rias sobre edif\u00edcios portugueses J\u00e1 aqui fal\u00e1mos de algumas hist\u00f3rias de edif\u00edcios que marcaram o legado portugu\u00eas. O nosso pa\u00eds \u00e9, sem d\u00favida, muito rico a n\u00edvel arquitet\u00f3nico, mas ao longo destes anos t\u00eam sido tomadas boas e m\u00e1s decis\u00f5es no que toca \u00e0 constru\u00e7\u00e3o ou demoli\u00e7\u00e3o de pr\u00e9dios. Ou mesmo \u00e0 falta de &hellip;<\/p>\n","protected":false},"author":3,"featured_media":4200,"comment_status":"closed","ping_status":"open","sticky":false,"template":"","format":"standard","meta":{"footnotes":""},"categories":[37,5],"tags":[],"class_list":["post-4195","post","type-post","status-publish","format-standard","has-post-thumbnail","hentry","category-financas-e-imobiliario","category-imobiliario"],"_links":{"self":[{"href":"https:\/\/www.imovirtual.com\/noticias\/wp-json\/wp\/v2\/posts\/4195","targetHints":{"allow":["GET"]}}],"collection":[{"href":"https:\/\/www.imovirtual.com\/noticias\/wp-json\/wp\/v2\/posts"}],"about":[{"href":"https:\/\/www.imovirtual.com\/noticias\/wp-json\/wp\/v2\/types\/post"}],"author":[{"embeddable":true,"href":"https:\/\/www.imovirtual.com\/noticias\/wp-json\/wp\/v2\/users\/3"}],"replies":[{"embeddable":true,"href":"https:\/\/www.imovirtual.com\/noticias\/wp-json\/wp\/v2\/comments?post=4195"}],"version-history":[{"count":0,"href":"https:\/\/www.imovirtual.com\/noticias\/wp-json\/wp\/v2\/posts\/4195\/revisions"}],"wp:featuredmedia":[{"embeddable":true,"href":"https:\/\/www.imovirtual.com\/noticias\/wp-json\/wp\/v2\/media\/4200"}],"wp:attachment":[{"href":"https:\/\/www.imovirtual.com\/noticias\/wp-json\/wp\/v2\/media?parent=4195"}],"wp:term":[{"taxonomy":"category","embeddable":true,"href":"https:\/\/www.imovirtual.com\/noticias\/wp-json\/wp\/v2\/categories?post=4195"},{"taxonomy":"post_tag","embeddable":true,"href":"https:\/\/www.imovirtual.com\/noticias\/wp-json\/wp\/v2\/tags?post=4195"}],"curies":[{"name":"wp","href":"https:\/\/api.w.org\/{rel}","templated":true}]}}