{"id":415,"date":"2022-05-11T00:00:00","date_gmt":"2022-05-11T00:00:00","guid":{"rendered":"https:\/\/www.imovirtual.com\/noticias2\/2022\/05\/11\/imosintese-noticias-110522\/"},"modified":"2022-05-11T00:00:00","modified_gmt":"2022-05-11T00:00:00","slug":"imosintese-noticias-110522","status":"publish","type":"post","link":"https:\/\/www.imovirtual.com\/noticias\/novidades\/imosintese-noticias-110522\/","title":{"rendered":"IMOS\u00cdNTESE &#8211; NOT\u00cdCIAS 11\/05"},"content":{"rendered":"<p class=\"css-8qfla4\">\n<p class=\"css-m5h6m0 edperro0\">\n<h2><strong>Em parceria com o Di\u00e1rio Imobili\u00e1rio, o Imovirtual apresenta diariamente um resumo notici\u00e1rio dos acontecimentos mais relevantes do dia. Fique a par das \u00faltimas novidades do Mercado Imobili\u00e1rio:<\/strong><\/h2>\n<\/p>\n<h1><strong>Imovirtual \u00e9 o portal oficial do SIL \u2013 Sal\u00e3o Imobili\u00e1rio de Portugal&nbsp;<\/strong><\/h1>\n<p>O Imovirtual \u00e9, pelo segundo ano consecutivo, o Portal Oficial do SIL \u2013 Sal\u00e3o Imobili\u00e1rio de Portugal que decorre de 12 (amanh\u00e3) at\u00e9 15 de Maio na FIL, no Parque das Na\u00e7\u00f5es, marcando o in\u00edcio do circuito de feiras do Imobili\u00e1rio a n\u00edvel internacional.<\/p>\n<h3><strong>Saiba mais <a href=\"https:\/\/www.diarioimobiliario.pt\/Actualidade\/Imovirtual-e-o-portal-oficial-do-SIL-Salao-Imobiliario-de-Portugal2\" target=\"_blank\" rel=\"noopener\">aqui<\/a><\/strong><\/h3>\n<\/p>\n<h1><strong>Portuguesa OLI equipa a nova sede do banco BNP Paribas Fortis em Bruxelas<\/strong><\/h1>\n<p>A nova sede do banco BNP Paribas Fortis em Bruxelas, \u201cjoia arquitect\u00f3nica\u201d e edif\u00edcio passivo que atende aos mais altos padr\u00f5es de inova\u00e7\u00e3o e desempenho ambiental, escolheu a portuguesa OLI para equipar os seus espa\u00e7os de banho.<\/p>\n<h3><strong>Saiba mais <a href=\"https:\/\/www.diarioimobiliario.pt\/Actualidade\/Portuguesa-OLI-equipa-a-nova-sede-do-banco-BNP-Paribas-Fortis-em-Bruxelas\" target=\"_blank\" rel=\"noopener\">aqui<\/a><\/strong><\/h3>\n<\/p>\n<h1><strong>IRS sobre os rendimentos prediais: quais s\u00e3o os gastos dedut\u00edveis?<\/strong><\/h1>\n<p><strong>[Artigo de Opini\u00e3o &#8211; M\u00f3nica Santos Costa] &#8211;<em> <\/em><\/strong>A Reforma do IRS que entrou em vigor em 2015 procedeu ao alargamento dos gastos relevantes para efeitos de determina\u00e7\u00e3o do rendimento l\u00edquido da Categoria F (rendimentos prediais) do IRS, que, no passado, praticamente se circunscreviam, para al\u00e9m do IMI, \u00e0s despesas de conserva\u00e7\u00e3o e manuten\u00e7\u00e3o.<\/p>\n<h3><strong>Saiba mais <a href=\"https:\/\/www.diarioimobiliario.pt\/Opiniao\/IRS-sobre-os-rendimentos-prediais-quais-sao-os-gastos-dedutiveis\" target=\"_blank\" rel=\"noopener\">aqui<\/a><\/strong><\/h3>\n<\/p>\n<h1><strong>Rendas das casas sobem 2,4% em Abril em termos hom\u00f3logos<\/strong><\/h1>\n<p>As rendas das casas por metro quadrado aumentaram 2,4% em Abril face ao mesmo m\u00eas de 2021, mais dos que os 2,2% registados em Mar\u00e7o, com todas as regi\u00f5es a apresentarem subidas hom\u00f3logas, divulgou hoje o INE.<\/p>\n<h3><strong>Saiba mais <a href=\"https:\/\/www.diarioimobiliario.pt\/Habitacao\/Arrendamento\/Rendas-das-casas-sobem-2-4-em-Abril-em-termos-homologos\" target=\"_blank\" rel=\"noopener\">aqui<\/a><\/strong><\/h3>\n<\/p>\n<h1><strong>Empresa alem\u00e3 de transportes e log\u00edstica abre centro tecnol\u00f3gico no Porto<\/strong><\/h1>\n<p>A CBRE&nbsp;acaba de instalar o novo centro tecnol\u00f3gico de uma empresa alem\u00e3 de transportes e log\u00edstica, no Edif\u00edcio Latino Coelho 152, no Porto. Nesta opera\u00e7\u00e3o, a consultora&nbsp;assessorou o propriet\u00e1rio do im\u00f3vel, a NIPA Capital.<\/p>\n<h3><strong>Saiba mais <a href=\"https:\/\/www.diarioimobiliario.pt\/Actualidade\/Empresa-alema-de-transportes-e-logistica-abre-centro-tecnologico-no-Porto\" target=\"_blank\" rel=\"noopener\">aqui<\/a><\/strong><\/h3>\n<\/p>\n<p><strong>Leia as anteriores Imos\u00edntese:<\/strong><\/p>\n<p><strong>\ud83d\udc49<a href=\"https:\/\/www.imovirtual.com\/noticias\/noticias\/imosintese-noticias-100522\" target=\"_blank\" rel=\"noopener\">IMOS\u00cdNTESE &#8211; NOT\u00cdCIAS 10\/05<\/a><\/strong><\/p>\n<p><strong>\ud83d\udc49<a href=\"https:\/\/www.imovirtual.com\/noticias\/noticias\/imosintese-noticias-090522\" target=\"_blank\" rel=\"noopener\">IMOS\u00cdNTESE &#8211; NOT\u00cdCIAS 09\/05<\/a><\/strong><\/p>\n<p><strong>\ud83d\udc49<a href=\"https:\/\/www.imovirtual.com\/noticias\/noticias\/imosintese-noticias-060522\" target=\"_blank\" rel=\"noopener\">IMOS\u00cdNTESE &#8211; NOT\u00cdCIAS 06\/05<\/a><\/strong><\/p>\n<\/p>\n<div class=\"css-h5fkc8\"><strong>Ultima actualiza\u00e7\u00e3o:<\/strong> 11 maio 2022<\/div>\n","protected":false},"excerpt":{"rendered":"<p>Em parceria com o Di\u00e1rio Imobili\u00e1rio, o Imovirtual apresenta diariamente um resumo notici\u00e1rio dos acontecimentos mais relevantes do dia. Fique a par das \u00faltimas novidades do Mercado Imobili\u00e1rio: Imovirtual \u00e9 o portal oficial do SIL \u2013 Sal\u00e3o Imobili\u00e1rio de Portugal&nbsp; O Imovirtual \u00e9, pelo segundo ano consecutivo, o Portal Oficial do SIL \u2013 Sal\u00e3o Imobili\u00e1rio &hellip;<\/p>\n","protected":false},"author":3,"featured_media":100,"comment_status":"closed","ping_status":"open","sticky":false,"template":"","format":"standard","meta":{"footnotes":""},"categories":[4],"tags":[],"class_list":["post-415","post","type-post","status-publish","format-standard","has-post-thumbnail","hentry","category-novidades"],"_links":{"self":[{"href":"https:\/\/www.imovirtual.com\/noticias\/wp-json\/wp\/v2\/posts\/415","targetHints":{"allow":["GET"]}}],"collection":[{"href":"https:\/\/www.imovirtual.com\/noticias\/wp-json\/wp\/v2\/posts"}],"about":[{"href":"https:\/\/www.imovirtual.com\/noticias\/wp-json\/wp\/v2\/types\/post"}],"author":[{"embeddable":true,"href":"https:\/\/www.imovirtual.com\/noticias\/wp-json\/wp\/v2\/users\/3"}],"replies":[{"embeddable":true,"href":"https:\/\/www.imovirtual.com\/noticias\/wp-json\/wp\/v2\/comments?post=415"}],"version-history":[{"count":0,"href":"https:\/\/www.imovirtual.com\/noticias\/wp-json\/wp\/v2\/posts\/415\/revisions"}],"wp:featuredmedia":[{"embeddable":true,"href":"https:\/\/www.imovirtual.com\/noticias\/wp-json\/wp\/v2\/media\/100"}],"wp:attachment":[{"href":"https:\/\/www.imovirtual.com\/noticias\/wp-json\/wp\/v2\/media?parent=415"}],"wp:term":[{"taxonomy":"category","embeddable":true,"href":"https:\/\/www.imovirtual.com\/noticias\/wp-json\/wp\/v2\/categories?post=415"},{"taxonomy":"post_tag","embeddable":true,"href":"https:\/\/www.imovirtual.com\/noticias\/wp-json\/wp\/v2\/tags?post=415"}],"curies":[{"name":"wp","href":"https:\/\/api.w.org\/{rel}","templated":true}]}}