{"id":4130,"date":"2021-07-11T00:00:00","date_gmt":"2021-07-11T00:00:00","guid":{"rendered":"https:\/\/www.imovirtual.com\/noticias2\/2021\/07\/11\/casas-em-aveiro\/"},"modified":"2024-08-28T10:29:49","modified_gmt":"2024-08-28T10:29:49","slug":"casas-em-aveiro","status":"publish","type":"post","link":"https:\/\/www.imovirtual.com\/noticias\/imobiliario\/casas-em-aveiro\/","title":{"rendered":"Oportunidades de Im\u00f3veis em Aveiro"},"content":{"rendered":"<p class=\"css-8qfla4\">\n<p class=\"css-m5h6m0 edperro0\">\n<h1><strong>Casas em Aveiro<\/strong><\/h1>\n<p>\u00c9 conhecida pelos maravilhosos ovos moles, a beleza da Ria que convive com a paisagem citadina e os passeios de moliceiro que fazem as del\u00edcias dos turistas. Aveiro \u00e9 uma cidade completa, moderna, mas com hist\u00f3ria, que ao longo dos \u00faltimos anos tem evolu\u00eddo muito. Terra da conceituada Universidade de Aveiro e da famosa praia com as casas \u00e1s listas, a Costa Nova, est\u00e1 situada a apenas 70 km do Porto e \u00e0 mesma dist\u00e2ncia de Coimbra. Oferece uma pan\u00f3plia de servi\u00e7os, infra-estruturas, com\u00e9rcio, atra\u00e7\u00f5es culturais e iguarias gastronomicas a quem a visita e a quem por l\u00e1 reside. Se est\u00e1 \u00e0 procura de casa em Aveiro, o <a href=\"https:\/\/www.imovirtual.com\/\" target=\"_blank\" rel=\"noopener\">Imovirtua<\/a>l est\u00e1 aqui para o ajudar no processo. Foi a pensar nisso que selecionamos algumas das oportunidades de Moradias e Apartamentos dispon\u00edveis no Portal para venda e arrendamento. Ora veja. <\/p>\n<\/p>\n<h2><strong>Para comprar<\/strong><\/h2>\n<\/p>\n<h3><strong>APARTAMENTOS<\/strong><\/h3>\n<\/p>\n<h4>Encontre aqui todos os an\u00fancios de&nbsp;<a href=\"https:\/\/www.imovirtual.com\/comprar\/apartamento\/aveiro\/?search%5Bregion_id%5D=1&amp;search%5Bsubregion_id%5D=5\" target=\"_blank\" rel=\"noopener\">Apartamentos para Comprar em Aveiro<\/a> dispon\u00edveis no Imovirtual.<\/h4>\n<\/p>\n<h3><strong>Apartamento T0<\/strong><\/h3>\n<p class=\" block-img\"><img decoding=\"async\" src=\"https:\/\/www.imovirtual.com\/noticias\/wp-content\/uploads\/2022\/11\/c214aec5-66e7-4294-8a78-cea8765ecb60_apt-t0.png\" alt=\"apartamento t0 aveiro\"><\/p>\n<p><strong>Apartamento T0<\/strong> situado num empreendimento novo no Centro de Aveiro.  Est\u00e1 mobilado e disp\u00f5e de WC completo e cozinha equipada,  acabamentos de alta qualidade e localiza\u00e7\u00e3o de excel\u00eancia permitindo que se desloque a p\u00e9 por toda a cidade.<\/p>\n<\/p>\n<h3><strong>Apartamento T1<\/strong><\/h3>\n<p class=\" block-img\"><img decoding=\"async\" src=\"https:\/\/www.imovirtual.com\/noticias\/wp-content\/uploads\/2022\/11\/40e2525a-e2d4-4efa-949a-3510c58f7604_apt-t1.png\" alt=\"apartamento t1 aveiro\"><\/p>\n<p><strong>Apartamento T1<\/strong>, datado de 2018, com grande proximidade \u00e0 esta\u00e7\u00e3o de caminho de ferro e aos principais n\u00f3s de acesso rodovi\u00e1rio. Com \u00e1rea bastante generosa (54m2), varanda, e lugar de estacionamento. Disp\u00f5e de cozinha totalmente equipada., estores el\u00e9tricos e caixilharia dupla em alum\u00ednio, climatiza\u00e7\u00e3o por meio de piso radiante el\u00e9trico em todas as divis\u00f5es.. Este im\u00f3vel oferece ainda exposi\u00e7\u00e3o solar total a nascente.<\/p>\n<h3><strong>Apartamento T2<\/strong><\/h3>\n<p class=\" block-img\"><img decoding=\"async\" src=\"https:\/\/www.imovirtual.com\/noticias\/wp-content\/uploads\/2022\/11\/4860cc6d-4e62-4658-9b8d-26621378739d_apt-t2.png\" alt=\"apartamento t2 aveiro\"><\/p>\n<p><strong>Apartamento T2<\/strong> situado na Av. Dr. Louren\u00e7o Peixinho, Novo, Pronto Habitar. Com uma excelente localiza\u00e7\u00e3o na principal art\u00e9ria da cidade de Aveiro, este apartamento apresenta detalhes \u00fanicos com acabamentos de luxo. Composto por hall de entrada, uma cozinha equipada em open space com a sala comum, um quarto com roupeiro embutido, uma casa de banho completa e uma suite com closet. Possui portas de alta seguran\u00e7a, ar condicionado de alta efici\u00eancia, dom\u00f3tica, blackouts el\u00e9tricos e pavimento em madeira.<\/p>\n<\/p>\n<h3><strong>Apartamento T3<\/strong><\/h3>\n<p class=\" block-img\"><img decoding=\"async\" src=\"https:\/\/www.imovirtual.com\/noticias\/wp-content\/uploads\/2022\/11\/ddcb9b76-ae3c-40d2-a81e-a7389186d62f_apt-t3.png\" alt=\"apartamento t3 aveiro\"><\/p>\n<p><strong>Apartamento T3 <\/strong>em S\u00e3o Bernardo, sito na estrada principal rodeado de uma variedade de servi\u00e7os e transportes p\u00fablicos. Trata-se de um im\u00f3vel com 90m2 de \u00e1rea \u00fatil e 33m2 de \u00e1rea dependente, recentemente remodelado e inserido no 2\u00ba andar de um edif\u00edcio sem elevador. Possui uma garagem fechada com port\u00e3o autom\u00e1tico destinada a um carro e ainda de um s\u00f3t\u00e3o. O apartamento apresenta uma varanda voltada para a frente do edif\u00edcio e 1 varanda fechada virada para as traseiras. Possui 3 quartos, um deles com arm\u00e1rio embutido e 2 quartos de banho, uma delas de servi\u00e7o e outra com poliban. A cozinha est\u00e1 completamente equipada com fog\u00e3o e forno, exaustor, micro-ondas, frigor\u00edfico, m\u00e1quina de lavar roupa e m\u00e1quina de lavar lou\u00e7a e anexa a ela existe tamb\u00e9m uma despensa.<\/p>\n<\/p>\n<h3><strong>MORADIAS<\/strong><\/h3>\n<\/p>\n<h4>Encontre aqui todos os an\u00fancios de&nbsp;<a href=\"https:\/\/www.imovirtual.com\/comprar\/moradia\/aveiro\/?search%5Bregion_id%5D=1&amp;search%5Bsubregion_id%5D=5\" target=\"_blank\" rel=\"noopener\">Moradias para Comprar em Aveiro<\/a>&nbsp;dispon\u00edveis no Imovirtual.<\/h4>\n<\/p>\n<h3><strong>Moradia T4<\/strong><\/h3>\n<p class=\" block-img\"><img decoding=\"async\" src=\"https:\/\/www.imovirtual.com\/noticias\/wp-content\/uploads\/2022\/11\/b0e5f12e-bd44-41af-9f0c-9b82816642e5_moradia-t4.png\" alt=\"moradia t4 aveiro\"><\/p>\n<p><strong>Moradia T4 <\/strong>totalmente remodelada. Localizada no centro da cidade de Aveiro num dos bairros mais emblem\u00e1ticos e pitorescos com hist\u00f3ria de tradi\u00e7\u00e3o familiar. Localiza-se a dois minutos a p\u00e9 do centro Comercial F\u00f3rum, da S\u00e9, escolas, hot\u00e9is, com\u00e9rcio, restaura\u00e7\u00e3o e transportes p\u00fablicos. Esta \u00e9 uma localiza\u00e7\u00e3o privilegiada para uma moradia moderna no centro da cidade com quatro quartos, sendo um deles uma suite no primeiro andar. No r\u00e9s-do-ch\u00e3o com hall de entrada e acesso de garagem fechada para o interior da moradia, uma sala ampla com recuperador de calor a lenha e vistas para zona verde, uma cozinha em open space para a sala de jantar\/ sala de estar, wc de servi\u00e7o e lavandaria na cave totalmente equipada com m\u00e1quina de lavar \/ secar e ainda zona de est\u00fadio.<\/p>\n<\/p>\n<h3><strong>Moradia T5<\/strong><\/h3>\n<p class=\" block-img\"><img decoding=\"async\" src=\"https:\/\/www.imovirtual.com\/noticias\/wp-content\/uploads\/2022\/11\/cab5389c-f673-49ab-97c8-b77aacc6e2fa_moradia-t5.png\" alt=\"moradia t5 aveiro\"><\/p>\n<p><strong>Moradia T5<\/strong> localizada numa zona residencial calma da freguesia de Santa Joana, esta moradia mobilada destaca-se pela sua beleza arquitet\u00f3nica, harmonizada com o seu jardim envolvente e com os seus 3 pisos impercet\u00edveis pelo exterior. Disp\u00f5e das seguintes caracter\u00edsticas: hall de entrada, 5 quartos (sendo um deles escrit\u00f3rio, outro suite), cozinha, 3 WC , sala de estar com recuperador de calor, ar condicionado para em todas as divis\u00f5es, lavandaria, \u00e1rea relvada com \u00e1rvores de fruto, cave e \u00e1rea de gin\u00e1sio. <\/p>\n<\/p>\n<h3><strong>Para arrendar<\/strong><\/h3>\n<\/p>\n<h3><strong>APARTAMENTOS<\/strong><\/h3>\n<h4>Encontre aqui todos os an\u00fancios de&nbsp;<a href=\"https:\/\/www.imovirtual.com\/arrendar\/apartamento\/aveiro\/?search%5Bregion_id%5D=1&amp;search%5Bsubregion_id%5D=5\" target=\"_blank\" rel=\"noopener\">Apartamentos para Arrendar em Aveiro<\/a>&nbsp;dispon\u00edveis no Imovirtual.<\/h4>\n<\/p>\n<h3><strong>Apartamento T0<\/strong><\/h3>\n<p class=\" block-img\"><img decoding=\"async\" src=\"https:\/\/www.imovirtual.com\/noticias\/wp-content\/uploads\/2022\/11\/8a0138f3-53c2-435a-a7cf-ee7a27d271cb_apt-t0-arrendar.png\" alt=\"apartamento t0 aveiro arrendar\"><\/p>\n<p><strong>Apartamento T0<\/strong> situado na zona nobre da Forca, voltado para o canal da Ria. Na zona encontrar\u00e1 oferta de servi\u00e7os, loja do cidad\u00e3o, conservat\u00f3ria, hospital privado, hipermercados; bancos, gin\u00e1sio, pastelarias e restaurantes. Disp\u00f5e de sala com varanda, kitchenette, casa de banho e lugar de estacionamento na cave.<\/p>\n<\/p>\n<h3><strong>Apartamento T1<\/strong><\/h3>\n<p class=\" block-img\"><img decoding=\"async\" src=\"https:\/\/www.imovirtual.com\/noticias\/wp-content\/uploads\/2022\/11\/f243048f-2610-43e0-8655-a84f6278b1c5_apt-t1-arrendar.png\" alt=\"apartamento t1 aveiro arrendar\"><\/p>\n<p><strong>Apartamento T1 <\/strong> na freguesia de Vera Cruz, novo, pr\u00f3ximo de escolas , com boas \u00e1reas. Disp\u00f5e de sala com varanda, cozinha moderna equipada, casa de banho completa, quarto com roupeiros e lugar de garagem.<\/p>\n<\/p>\n<h3><strong>Apartamento T2<\/strong><\/h3>\n<p class=\" block-img\"><img decoding=\"async\" src=\"https:\/\/www.imovirtual.com\/noticias\/wp-content\/uploads\/2022\/11\/8128bc73-69d6-4185-a271-b8d83af7b3fd_apt-t2-arrendar.png\" alt=\"apartamento t2 aveiro arrendar\"><\/p>\n<p><strong>Apartamento T2 <\/strong>localizado na zona mais central de Aveiro, no condom\u00ednio do Forum de Aveiro, este apartamento \u00e9 composto por dois quartos, ambos com roupeiros, duas casas de banho, sendo uma de servi\u00e7o e uma completa com base de duche, cozinha toda equipada, com m\u00e1quina de lavar roupa, m\u00e1quina de lavar lou\u00e7a, forno, exaustor, placa vitrocer\u00e2mica e frigor\u00edfico combinado, uma dispensa, sala ampla com acesso a uma varanda com vista para a Ria de Aveiro, disp\u00f5e de aquecimento por piso radiante, na cave tem um arrumo fechado e um lugar de estacionamento. Foi todo remodelado no in\u00edcio de 2020.<\/p>\n<\/p>\n<p class=\" block-img\"><img decoding=\"async\" src=\"https:\/\/www.imovirtual.com\/noticias\/wp-content\/uploads\/2022\/11\/3c23b667-0a08-4ca1-abcb-74566be5c538_Copia-de-Banners-Autores-2.png\" alt=\"Alexandre Lu\u00eds Autor Imovirtual\"><\/p>\n<h5><em>Tamb\u00e9m conhecido como &#8216;O Consultor&#8217;. Pode encontr\u00e1-lo a consultar o \u00faltimo estudo de mercado. N\u00e3o tem talento para vender, mas sabe tudo sobre Imobili\u00e1rio. Fala sobre quest\u00f5es relacionadas com o tema no Blog do Imovirtual.<\/em><\/h5>\n<\/p>\n<h4><strong>Leia tamb\u00e9m<\/strong><\/h4>\n<ul>\n<li>Oportunidades de Im\u00f3veis em <a href=\"https:\/\/www.imovirtual.com\/noticias\/imobiliario\/casas-em-almada\" target=\"_blank\" rel=\"noopener\"><strong>Almada<\/strong><\/a><\/li>\n<li>Casas com piscina para arrendar no <a href=\"https:\/\/www.imovirtual.com\/noticias\/imobiliario\/casas-com-piscina-para-alugar-no-porto\" target=\"_blank\" rel=\"noopener\"><strong>Porto<\/strong><\/a><\/li>\n<li><a href=\"https:\/\/www.imovirtual.com\/noticias\/imobiliario\/casas-em-fatima\" target=\"_blank\" rel=\"noopener\"><strong>F\u00e1tima<\/strong><\/a>: uma cidade al\u00e9m do turismo religioso<\/li>\n<\/ul>\n<\/p>\n<div class=\"css-h5fkc8\"><strong>Ultima actualiza\u00e7\u00e3o:<\/strong> 11 julho 2021<\/div>\n","protected":false},"excerpt":{"rendered":"<p>Casas em Aveiro \u00c9 conhecida pelos maravilhosos ovos moles, a beleza da Ria que convive com a paisagem citadina e os passeios de moliceiro que fazem as del\u00edcias dos turistas. Aveiro \u00e9 uma cidade completa, moderna, mas com hist\u00f3ria, que ao longo dos \u00faltimos anos tem evolu\u00eddo muito. Terra da conceituada Universidade de Aveiro e &hellip;<\/p>\n","protected":false},"author":3,"featured_media":4131,"comment_status":"closed","ping_status":"open","sticky":false,"template":"","format":"standard","meta":{"footnotes":""},"categories":[37,5],"tags":[],"class_list":["post-4130","post","type-post","status-publish","format-standard","has-post-thumbnail","hentry","category-financas-e-imobiliario","category-imobiliario"],"_links":{"self":[{"href":"https:\/\/www.imovirtual.com\/noticias\/wp-json\/wp\/v2\/posts\/4130","targetHints":{"allow":["GET"]}}],"collection":[{"href":"https:\/\/www.imovirtual.com\/noticias\/wp-json\/wp\/v2\/posts"}],"about":[{"href":"https:\/\/www.imovirtual.com\/noticias\/wp-json\/wp\/v2\/types\/post"}],"author":[{"embeddable":true,"href":"https:\/\/www.imovirtual.com\/noticias\/wp-json\/wp\/v2\/users\/3"}],"replies":[{"embeddable":true,"href":"https:\/\/www.imovirtual.com\/noticias\/wp-json\/wp\/v2\/comments?post=4130"}],"version-history":[{"count":0,"href":"https:\/\/www.imovirtual.com\/noticias\/wp-json\/wp\/v2\/posts\/4130\/revisions"}],"wp:featuredmedia":[{"embeddable":true,"href":"https:\/\/www.imovirtual.com\/noticias\/wp-json\/wp\/v2\/media\/4131"}],"wp:attachment":[{"href":"https:\/\/www.imovirtual.com\/noticias\/wp-json\/wp\/v2\/media?parent=4130"}],"wp:term":[{"taxonomy":"category","embeddable":true,"href":"https:\/\/www.imovirtual.com\/noticias\/wp-json\/wp\/v2\/categories?post=4130"},{"taxonomy":"post_tag","embeddable":true,"href":"https:\/\/www.imovirtual.com\/noticias\/wp-json\/wp\/v2\/tags?post=4130"}],"curies":[{"name":"wp","href":"https:\/\/api.w.org\/{rel}","templated":true}]}}