{"id":4117,"date":"2021-04-01T00:00:00","date_gmt":"2021-04-01T00:00:00","guid":{"rendered":"https:\/\/www.imovirtual.com\/noticias2\/2021\/04\/01\/imoveis-com-piscina-para-alugar-preco-mentira\/"},"modified":"2024-08-28T10:30:02","modified_gmt":"2024-08-28T10:30:02","slug":"imoveis-com-piscina-para-alugar-preco-mentira","status":"publish","type":"post","link":"https:\/\/www.imovirtual.com\/noticias\/imobiliario\/imoveis-com-piscina-para-alugar-preco-mentira\/","title":{"rendered":"5 im\u00f3veis com piscina para arrendar a um pre\u00e7o que at\u00e9 parece mentira"},"content":{"rendered":"<p class=\"css-8qfla4\">\n<p class=\"css-m5h6m0 edperro0\">\n<h1><strong>5 im\u00f3veis com piscina para arrendar<\/strong><\/h1>\n<p>Podia at\u00e9 se tratar de uma partida de 1 de abril, Dia das Mentiras, mas a verdade \u00e9 que as oportunidades que lhe apresentamos mais \u00e0 frente s\u00e3o bem reais. Com os dias de calor a chegar esta \u00e9 uma oferta tentadora: confira estes 5 im\u00f3veis com piscina dispon\u00edveis no Imovirtual para arrendamento a pre\u00e7os simp\u00e1ticos.<\/p>\n<\/p>\n<h2><strong>Apartamento T0 em Vilamoura<\/strong><\/h2>\n<p>490\u20ac<\/p>\n<p class=\" block-img\"><img decoding=\"async\" src=\"https:\/\/www.imovirtual.com\/noticias\/wp-content\/uploads\/2022\/11\/94121a67-b6a3-4fde-b492-e5cb907fac80_vilamoura.png\" alt=\"apartamento t0 em vilamoura com piscina para alugar\"><\/p>\n<p>Trata-se de um <a href=\"https:\/\/www.imovirtual.com\/pt\/anuncio\/t0-novo-em-vilamoura-c-piscina-varanda-ID15uXF.html\" target=\"_blank\" rel=\"noopener\">Apartamento T0<\/a> que foi recentemente decorado e que fica muito perto da Marina de Vilamoura e de toda a divers\u00e3o da cidade. Encontra-se completamente mobilado e disp\u00f5e de: cozinha equipada com micro ondas, frigor\u00edfico, forno e placa el\u00e9ctrica de fog\u00e3o; sala com TV por cabo; quarto com 2 camas individuais e sof\u00e1-cama; 1 casa de banho; terra\u00e7o; e claro, de <strong>piscina<\/strong>.<\/p>\n<\/p>\n<h2><strong>Apartamento T1 em Vila Nova de Gaia<\/strong><\/h2>\n<p>520\u20ac<\/p>\n<p class=\" block-img\"><img decoding=\"async\" src=\"https:\/\/www.imovirtual.com\/noticias\/wp-content\/uploads\/2022\/11\/67f1d342-5cee-4f08-bce9-b7a880a9edbb_gaia.png\" alt=\"apartamento t1 em vila nova de gaia com piscina para alugar\"><\/p>\n<p>Este <a href=\"https:\/\/www.imovirtual.com\/pt\/anuncio\/t1-novo-com-piscina-em-gaia-ID15xtA.html\" target=\"_blank\" rel=\"noopener\">Apartamento T1<\/a> situado na baixa de Gaia, junto ao World of Wine foi recentemente mobilado e decorado. Al\u00e9m de piscina partilhada, tamb\u00e9m oferece cozinha equipada (com micro-ondas e frigor\u00edfico), sala com TV por cabo, quarto com cama de casal e casa de banho.<\/p>\n<\/p>\n<h2><strong>Apartamento T2 em Ap\u00falia, Esposende<\/strong><\/h2>\n<p>550\u20ac<\/p>\n<p class=\" block-img\"><img decoding=\"async\" src=\"https:\/\/www.imovirtual.com\/noticias\/wp-content\/uploads\/2022\/11\/2b3ba143-9061-4731-a67e-1362eef4f602_Esposende.png\" alt=\"apartamento t2 com piscina em esposende para alugar\"><\/p>\n<p>A apenas 1 km do centro da Ap\u00falia e a 5 min da autoestrada A28, est\u00e1 situado este <a href=\"https:\/\/www.imovirtual.com\/pt\/anuncio\/arrenda-se-t2-mobilado-e-equipado-condominio-fechado-com-piscina-ID10HN9.html\" target=\"_blank\" rel=\"noopener\">Apartamento T2<\/a> que integra um <a href=\"https:\/\/www.imovirtual.com\/noticias\/imoblog\/condominios-tudo-o-que-precisa-de-saber-by-condominio-deco-mais\" target=\"_blank\" rel=\"noopener\">condom\u00ednio<\/a> fechado onde \u00e9 poss\u00edvel viver tranquilamente e ter facilidade de acesso a centros urbanos. O apartamento est\u00e1 mobilado e equipado, tem roupeiros embutidos, lareira, varandas e uma excelente exposi\u00e7\u00e3o solar. No rol de caracter\u00edsticas tamb\u00e9m est\u00e1 inserida a <strong>piscina<\/strong>, que faz parte do condom\u00ednio, elevador e lugar de garagem.<\/p>\n<\/p>\n<h2><strong>Apartamento T2 em Ofir, Esposende<\/strong><\/h2>\n<p>650\u20ac<\/p>\n<p class=\" block-img\"><img decoding=\"async\" src=\"https:\/\/www.imovirtual.com\/noticias\/wp-content\/uploads\/2022\/11\/1aad2e38-b0d1-43ad-9bae-7ad773145ae1_t2ofiresposende.png\" alt=\"apartamento t2 em ofir esposende com piscina para alugar\"><\/p>\n<p><a href=\"https:\/\/https:\/\/www.imovirtual.com\/pt\/anuncio\/t2-ofir-esposende-arrendamento-ID15sYC.html\" target=\"_blank\" rel=\"noopener\">Apartamento T2<\/a> inserido no condom\u00ednio fechado Park Ofir, em Ofir &#8211; Esposende, onde poder\u00e1 usufruir de jardim e <strong>piscina<\/strong>. Este apartamento possui uma \u00e1rea \u00fatil de 100 m2 e encontra-se para arrendamento totalmente mobilado. O im\u00f3vel \u00e9 constitu\u00eddo por: casa de banho, WC, 2 quartos, sala comum, cozinha e garagem. Disp\u00f5e ainda de aquecimento central em todas as divis\u00f5es.<\/p>\n<h2><strong>Moradia T2 em Vila do Bispo<\/strong><\/h2>\n<p>800\u20ac<\/p>\n<p class=\" block-img\"><img decoding=\"async\" src=\"https:\/\/www.imovirtual.com\/noticias\/wp-content\/uploads\/2022\/11\/9a5f7639-57de-48eb-b9d2-3747cebf1476_viladobispo.png\" alt=\"moradia t2 em vila do vispo com piscina para alugar\"><\/p>\n<p>Esta <a href=\"https:\/\/www.imovirtual.com\/pt\/anuncio\/moradia-t2-com-piscina-num-golf-para-arrendamento-anual-ID14Laj.html\" target=\"_blank\" rel=\"noopener\">Moradia T2<\/a> geminada, localiza-se a 15km de Lagos est\u00e1 inserida num condom\u00ednio fechado \u00e0 volta de uma grande <strong>piscina<\/strong> e disp\u00f5em de 2 pisos. Ao n\u00edvel da entrada, apresenta uma ampla sala com lareira, uma varanda, uma cozinha independente totalmente equipada e um WC; no piso inferior encontram-se 2 quartos, sendo um deles em suite, uma casa de banho e um agrad\u00e1vel terra\u00e7o comum aos dois quartos e que d\u00e1 acesso direto \u00e0 piscina. A casa est\u00e1 equipada com ar condicionado revers\u00edvel.  Est\u00e1 dispon\u00edvel para aluguer totalmente mobilada e equipada, com Internet (Fibra) j\u00e1 instalada no local sem custo adicional.<\/p>\n<h5><\/h5>\n<p class=\" block-img\"><img decoding=\"async\" src=\"https:\/\/www.imovirtual.com\/noticias\/wp-content\/uploads\/2022\/11\/3c23b667-0a08-4ca1-abcb-74566be5c538_Copia-de-Banners-Autores-2.png\" alt=\"Alexandre Lu\u00eds Autor Imovirtual\"><\/p>\n<h5><em>Tamb\u00e9m conhecido como &#8216;O Consultor&#8217;. Pode encontr\u00e1-lo a consultar o \u00faltimo estudo de mercado. N\u00e3o tem talento para vender, mas sabe tudo sobre Imobili\u00e1rio. Fala sobre quest\u00f5es relacionadas com o tema no Blog do Imovirtual.<\/em><\/h5>\n<\/p>\n<h2><strong>Tamb\u00e9m lhe pode interessar<\/strong><\/h2>\n<ul>\n<li>Os<strong> <a href=\"https:\/\/www.imovirtual.com\/noticias\/imobiliario\/5-apartamentos-mais-visitados-no-imovirtual-na-ultima-semana\" target=\"_blank\" rel=\"noopener\">apartamentos para venda<\/a><\/strong> mais visitados na \u00faltima semana<\/li>\n<li>O Nosso <a href=\"https:\/\/www.imovirtual.com\/noticias\/imobiliario\/guia-para-arrendar-moradia-ou-apartamento\" target=\"_blank\" rel=\"noopener\"><strong>Guia Para Arrendar Moradia ou Apartamento<\/strong><\/a><\/li>\n<li><a href=\"https:\/\/www.imovirtual.com\/noticias\/imobiliario\/locais-idilicos-em-portugal-para-relaxar\" target=\"_blank\" rel=\"noopener\"><strong>Locais Id\u00edlicos<\/strong><\/a> em Portugal Para Relaxar<\/li>\n<\/ul>\n<\/p>\n<div class=\"css-h5fkc8\"><strong>Ultima actualiza\u00e7\u00e3o:<\/strong> 14 julho 2021<\/div>\n","protected":false},"excerpt":{"rendered":"<p>5 im\u00f3veis com piscina para arrendar Podia at\u00e9 se tratar de uma partida de 1 de abril, Dia das Mentiras, mas a verdade \u00e9 que as oportunidades que lhe apresentamos mais \u00e0 frente s\u00e3o bem reais. Com os dias de calor a chegar esta \u00e9 uma oferta tentadora: confira estes 5 im\u00f3veis com piscina dispon\u00edveis &hellip;<\/p>\n","protected":false},"author":3,"featured_media":4118,"comment_status":"closed","ping_status":"open","sticky":false,"template":"","format":"standard","meta":{"footnotes":""},"categories":[37,5],"tags":[],"class_list":["post-4117","post","type-post","status-publish","format-standard","has-post-thumbnail","hentry","category-financas-e-imobiliario","category-imobiliario"],"_links":{"self":[{"href":"https:\/\/www.imovirtual.com\/noticias\/wp-json\/wp\/v2\/posts\/4117","targetHints":{"allow":["GET"]}}],"collection":[{"href":"https:\/\/www.imovirtual.com\/noticias\/wp-json\/wp\/v2\/posts"}],"about":[{"href":"https:\/\/www.imovirtual.com\/noticias\/wp-json\/wp\/v2\/types\/post"}],"author":[{"embeddable":true,"href":"https:\/\/www.imovirtual.com\/noticias\/wp-json\/wp\/v2\/users\/3"}],"replies":[{"embeddable":true,"href":"https:\/\/www.imovirtual.com\/noticias\/wp-json\/wp\/v2\/comments?post=4117"}],"version-history":[{"count":0,"href":"https:\/\/www.imovirtual.com\/noticias\/wp-json\/wp\/v2\/posts\/4117\/revisions"}],"wp:featuredmedia":[{"embeddable":true,"href":"https:\/\/www.imovirtual.com\/noticias\/wp-json\/wp\/v2\/media\/4118"}],"wp:attachment":[{"href":"https:\/\/www.imovirtual.com\/noticias\/wp-json\/wp\/v2\/media?parent=4117"}],"wp:term":[{"taxonomy":"category","embeddable":true,"href":"https:\/\/www.imovirtual.com\/noticias\/wp-json\/wp\/v2\/categories?post=4117"},{"taxonomy":"post_tag","embeddable":true,"href":"https:\/\/www.imovirtual.com\/noticias\/wp-json\/wp\/v2\/tags?post=4117"}],"curies":[{"name":"wp","href":"https:\/\/api.w.org\/{rel}","templated":true}]}}