{"id":4102,"date":"2021-07-09T00:00:00","date_gmt":"2021-07-09T00:00:00","guid":{"rendered":"https:\/\/www.imovirtual.com\/noticias2\/2021\/07\/09\/casas-grande-lisboa\/"},"modified":"2024-08-28T10:29:49","modified_gmt":"2024-08-28T10:29:49","slug":"casas-grande-lisboa","status":"publish","type":"post","link":"https:\/\/www.imovirtual.com\/noticias\/imobiliario\/casas-grande-lisboa\/","title":{"rendered":"Apartamentos para arrendar na Grande Lisboa"},"content":{"rendered":"<p class=\"css-8qfla4\">\n<p class=\"css-m5h6m0 edperro0\">\n<h1><strong>Casas para arrendar na \u00c1rea Metropolitana de Lisboa<\/strong><\/h1>\n<p>Encontrar casa para arrendar na Grande Lisboa n\u00e3o tem de ser um quebra-cabe\u00e7as. O <a href=\"https:\/\/www.imovirtual.com\/\" target=\"_blank\" rel=\"noopener\">Imovirtual<\/a> disp\u00f5e de uma grande oferta de apartamentos para arrendamento com as mais variadas caracter\u00edsticas, tipologias e \u00e1reas nas diferentes zonas que rodeiam a capital do pa\u00eds. Para o ajudar no processo de procura do im\u00f3vel dos seus sonhos, reunimos neste artigo algumas das oportunidades dispon\u00edveis no nosso Portal. Se mesmo assim n\u00e3o for aquilo que imaginou, queremos facilitar a sua pesquisa e para isso agrupamos os apartamentos por tipologia num s\u00f3 local &#8211; basta carregar no link de cada categoria para aceder \u00e0 lista de casas. Navegue pela oferta de im\u00f3veis dispon\u00edveis no nosso Portal e encontre a sua futura casa! <\/p>\n<p>Para consultar todo o cat\u00e1logo de im\u00f3veis dispon\u00edveis para arrendar na Grande Lisboa clique em: <\/p>\n<h4><a href=\"https:\/\/www.imovirtual.com\/arrendar\/apartamento\/?search%5Border%5D=filter_float_price%3Aasc&amp;locations%5B0%5D%5Bregion_id%5D=15&amp;locations%5B0%5D%5Bsubregion_id%5D=220&amp;locations%5B1%5D%5Bregion_id%5D=11&amp;locations%5B1%5D%5Bsubregion_id%5D=162&amp;locations%5B2%5D%5Bregion_id%5D=11&amp;locations%5B2%5D%5Bsubregion_id%5D=154&amp;locations%5B3%5D%5Bregion_id%5D=11&amp;locations%5B3%5D%5Bsubregion_id%5D=153&amp;locations%5B4%5D%5Bregion_id%5D=11&amp;locations%5B4%5D%5Bsubregion_id%5D=163&amp;locations%5B5%5D%5Bregion_id%5D=11&amp;locations%5B5%5D%5Bsubregion_id%5D=157&amp;locations%5B6%5D%5Bregion_id%5D=11&amp;locations%5B6%5D%5Bsubregion_id%5D=158&amp;locations%5B7%5D%5Bregion_id%5D=11&amp;locations%5B7%5D%5Bsubregion_id%5D=161&amp;locations%5B8%5D%5Bregion_id%5D=11&amp;locations%5B8%5D%5Bsubregion_id%5D=156&amp;locations%5B9%5D%5Bregion_id%5D=15&amp;locations%5B9%5D%5Bsubregion_id%5D=219&amp;locations%5B10%5D%5Bregion_id%5D=15&amp;locations%5B10%5D%5Bsubregion_id%5D=221&amp;locations%5B11%5D%5Bregion_id%5D=15&amp;locations%5B11%5D%5Bsubregion_id%5D=224&amp;locations%5B12%5D%5Bregion_id%5D=15&amp;locations%5B12%5D%5Bsubregion_id%5D=223&amp;locations%5B13%5D%5Bregion_id%5D=15&amp;locations%5B13%5D%5Bsubregion_id%5D=225&amp;locations%5B14%5D%5Bregion_id%5D=15&amp;locations%5B14%5D%5Bsubregion_id%5D=227&amp;locations%5B15%5D%5Bregion_id%5D=15&amp;locations%5B15%5D%5Bsubregion_id%5D=229&amp;locations%5B16%5D%5Bregion_id%5D=15&amp;locations%5B16%5D%5Bsubregion_id%5D=228\" target=\"_blank\" rel=\"noopener\"><strong>Apartamentos para arrendar na Grande Lisboa<\/strong><\/a><\/h4>\n<\/p>\n<h2><strong>Apartamentos T0 <\/strong><\/h2>\n<h4>Encontre aqui todos os an\u00fancios de&nbsp;<a href=\"https:\/\/www.imovirtual.com\/arrendar\/apartamento\/?search%5Bfilter_enum_rooms_num%5D%5B0%5D=zero&amp;search%5Border%5D=filter_float_price%3Aasc&amp;locations%5B0%5D%5Bregion_id%5D=15&amp;locations%5B0%5D%5Bsubregion_id%5D=220&amp;locations%5B1%5D%5Bregion_id%5D=11&amp;locations%5B1%5D%5Bsubregion_id%5D=162&amp;locations%5B2%5D%5Bregion_id%5D=11&amp;locations%5B2%5D%5Bsubregion_id%5D=154&amp;locations%5B3%5D%5Bregion_id%5D=11&amp;locations%5B3%5D%5Bsubregion_id%5D=153&amp;locations%5B4%5D%5Bregion_id%5D=11&amp;locations%5B4%5D%5Bsubregion_id%5D=163&amp;locations%5B5%5D%5Bregion_id%5D=11&amp;locations%5B5%5D%5Bsubregion_id%5D=157&amp;locations%5B6%5D%5Bregion_id%5D=11&amp;locations%5B6%5D%5Bsubregion_id%5D=158&amp;locations%5B7%5D%5Bregion_id%5D=11&amp;locations%5B7%5D%5Bsubregion_id%5D=161&amp;locations%5B8%5D%5Bregion_id%5D=11&amp;locations%5B8%5D%5Bsubregion_id%5D=156&amp;locations%5B9%5D%5Bregion_id%5D=15&amp;locations%5B9%5D%5Bsubregion_id%5D=219&amp;locations%5B10%5D%5Bregion_id%5D=15&amp;locations%5B10%5D%5Bsubregion_id%5D=221&amp;locations%5B11%5D%5Bregion_id%5D=15&amp;locations%5B11%5D%5Bsubregion_id%5D=224&amp;locations%5B12%5D%5Bregion_id%5D=15&amp;locations%5B12%5D%5Bsubregion_id%5D=223&amp;locations%5B13%5D%5Bregion_id%5D=15&amp;locations%5B13%5D%5Bsubregion_id%5D=225&amp;locations%5B14%5D%5Bregion_id%5D=15&amp;locations%5B14%5D%5Bsubregion_id%5D=227&amp;locations%5B15%5D%5Bregion_id%5D=15&amp;locations%5B15%5D%5Bsubregion_id%5D=229&amp;locations%5B16%5D%5Bregion_id%5D=15&amp;locations%5B16%5D%5Bsubregion_id%5D=228\" target=\"_blank\" rel=\"noopener\"><strong>Apartamentos T0 para arrendar na Grande Lisboa<\/strong><\/a>&nbsp;dispon\u00edveis no Imovirtual.<\/h4>\n<\/p>\n<h3>Campo de Ourique, 500\u20ac<\/h3>\n<p class=\" block-img\"><img decoding=\"async\" src=\"https:\/\/www.imovirtual.com\/noticias\/wp-content\/uploads\/2022\/11\/02090fd2-655e-4183-8817-abfb90968878_t0-em-campo-de-ourique.jpg\" alt=\"t0 em campo de ourique para arrendamento\"><\/p>\n<p><a href=\"https:\/\/www.imovirtual.com\/pt\/anuncio\/t0-em-campo-de-ourique-ID16rM4.html#22a35d03c6\" target=\"_blank\" rel=\"noopener\">Apartamento T0<\/a> em Campo de Ourique, n\u00e3o mobilado, com cozinha equipada num R\/C. Com transportes \u00e0 porta. Relativamente perto do centro de Campo de Ourique.. Oferece muita luminosidade.<\/p>\n<\/p>\n<h3>Telheiras, 710\u20ac<\/h3>\n<p class=\" block-img\"><img decoding=\"async\" src=\"https:\/\/www.imovirtual.com\/noticias\/wp-content\/uploads\/2022\/11\/b20d8077-e37b-4c67-9acd-3b4a6a01c8e5_t0-em-telheiras.jpg\" alt=\"apartamento t0 em telheiras\"><\/p>\n<p><a href=\"https:\/\/www.imovirtual.com\/pt\/anuncio\/apartamento-t0-1-condominio-telheiras-com-piscina-ID16qax.html#662425e9fa\" target=\"_blank\" rel=\"noopener\">Apartamento T0 +&nbsp;1<\/a> Mezzanine situado no condom\u00ednio Parque dos Pr\u00edncipes em Telheiras. Com cozinha equipada (maquina de lavar roupa, exaustor, esquentador e fog\u00e3o) e hall de entrada com roupeiro. Disp\u00f5e de acesso \u00e0 piscina e campo de t\u00e9nis.&nbsp;Perto do supermercado Continente. Transportes a 5\/10 minutos do metro (linha verde), farm\u00e1cia, escolas e com\u00e9rcio local. Acessos 2\u00aa Circular, Eixo Norte-Sul e Avenida Padre Cruz<\/p>\n<\/p>\n<h2><strong>Apartamentos T1<\/strong><\/h2>\n<h4>Encontre aqui todos os an\u00fancios de&nbsp;<a href=\"https:\/\/www.imovirtual.com\/arrendar\/apartamento\/?search%5Bfilter_enum_rooms_num%5D%5B0%5D=1&amp;search%5Border%5D=filter_float_price%3Aasc&amp;locations%5B0%5D%5Bregion_id%5D=15&amp;locations%5B0%5D%5Bsubregion_id%5D=220&amp;locations%5B1%5D%5Bregion_id%5D=11&amp;locations%5B1%5D%5Bsubregion_id%5D=162&amp;locations%5B2%5D%5Bregion_id%5D=11&amp;locations%5B2%5D%5Bsubregion_id%5D=154&amp;locations%5B3%5D%5Bregion_id%5D=11&amp;locations%5B3%5D%5Bsubregion_id%5D=153&amp;locations%5B4%5D%5Bregion_id%5D=11&amp;locations%5B4%5D%5Bsubregion_id%5D=163&amp;locations%5B5%5D%5Bregion_id%5D=11&amp;locations%5B5%5D%5Bsubregion_id%5D=157&amp;locations%5B6%5D%5Bregion_id%5D=11&amp;locations%5B6%5D%5Bsubregion_id%5D=158&amp;locations%5B7%5D%5Bregion_id%5D=11&amp;locations%5B7%5D%5Bsubregion_id%5D=161&amp;locations%5B8%5D%5Bregion_id%5D=11&amp;locations%5B8%5D%5Bsubregion_id%5D=156&amp;locations%5B9%5D%5Bregion_id%5D=15&amp;locations%5B9%5D%5Bsubregion_id%5D=219&amp;locations%5B10%5D%5Bregion_id%5D=15&amp;locations%5B10%5D%5Bsubregion_id%5D=221&amp;locations%5B11%5D%5Bregion_id%5D=15&amp;locations%5B11%5D%5Bsubregion_id%5D=224&amp;locations%5B12%5D%5Bregion_id%5D=15&amp;locations%5B12%5D%5Bsubregion_id%5D=223&amp;locations%5B13%5D%5Bregion_id%5D=15&amp;locations%5B13%5D%5Bsubregion_id%5D=225&amp;locations%5B14%5D%5Bregion_id%5D=15&amp;locations%5B14%5D%5Bsubregion_id%5D=227&amp;locations%5B15%5D%5Bregion_id%5D=15&amp;locations%5B15%5D%5Bsubregion_id%5D=229&amp;locations%5B16%5D%5Bregion_id%5D=15&amp;locations%5B16%5D%5Bsubregion_id%5D=228\" target=\"_blank\" rel=\"noopener\"><strong>Apartamentos T1 para arrendar na Grande Lisboa<\/strong><\/a>&nbsp;dispon\u00edveis no Imovirtual.<\/h4>\n<\/p>\n<h3>Cac\u00e9m, 550\u20ac<\/h3>\n<p class=\" block-img\"><img decoding=\"async\" src=\"https:\/\/www.imovirtual.com\/noticias\/wp-content\/uploads\/2022\/11\/4d007423-c7e4-41c1-ae46-6ce691be7fe7_t1-no-cacem.jpg\" alt=\"apartamento t1 cac\u00e9m\"><\/p>\n<p><a href=\"https:\/\/www.imovirtual.com\/pt\/anuncio\/arrenda-apartamento-t12-assoalhadas-bem-localizado-em-s-marcos-cace-ID16qz6.html#8835ef3b92\" target=\"_blank\" rel=\"noopener\">Apartamento T1<\/a> (2 assoalhadas) com 57m2 bem localizado em S. Marcos, perto do Centro de Sa\u00fade, composto por cozinha equipada, sala com lareira e quarto com roupeiro. Boas \u00e1reas. Apartamento junto ao TAGUSPARK, pr\u00f3ximo de Oeiras e do Cac\u00e9m, zona de com\u00e9rcio, servi\u00e7os, transportes e das principais vias rodovi\u00e1rias IC19 e A5.<\/p>\n<\/p>\n<h3>Sesimbra, 500\u20ac<\/h3>\n<p class=\" block-img\"><img decoding=\"async\" src=\"https:\/\/www.imovirtual.com\/noticias\/wp-content\/uploads\/2022\/11\/275fceb0-11d3-4a05-a93d-943fa1bf1c6b_t1-sesimbra.jpg\" alt=\"apartamento t1 para arrendar sesimbra\"><\/p>\n<p><a href=\"https:\/\/www.imovirtual.com\/pt\/anuncio\/apartamento-t1-para-arrendamento-quinta-do-conde-sesimbra-ID16rmw.html#7a55630198\" target=\"_blank\" rel=\"noopener\">Apartamento T1<\/a> com uma \u00e1rea \u00fatil de 46.05m2, com um quarto (cerca de 11.5m2), uma casa de banho com base de duche e com bid\u00e9, uma cozinha equipada com esquentador (g\u00e1s canalizado), fog\u00e3o e forno, e uma sala espa\u00e7osa (17.5m2). O apartamento possui ainda uma arrecada\u00e7\u00e3o, ficando a mesma no \u00faltimo andar do edif\u00edcio. Encontra-se muito bem localizado, ficando no centro da Quinta do Conde.<\/p>\n<h4><\/h4>\n<h2><strong>Apartamento T2<\/strong><\/h2>\n<h4>Encontre aqui todos os an\u00fancios de&nbsp;<a href=\"https:\/\/www.imovirtual.com\/arrendar\/apartamento\/?search%5Bfilter_enum_rooms_num%5D%5B0%5D=2&amp;search%5Border%5D=filter_float_price%3Aasc&amp;locations%5B0%5D%5Bregion_id%5D=15&amp;locations%5B0%5D%5Bsubregion_id%5D=220&amp;locations%5B1%5D%5Bregion_id%5D=11&amp;locations%5B1%5D%5Bsubregion_id%5D=162&amp;locations%5B2%5D%5Bregion_id%5D=11&amp;locations%5B2%5D%5Bsubregion_id%5D=154&amp;locations%5B3%5D%5Bregion_id%5D=11&amp;locations%5B3%5D%5Bsubregion_id%5D=153&amp;locations%5B4%5D%5Bregion_id%5D=11&amp;locations%5B4%5D%5Bsubregion_id%5D=163&amp;locations%5B5%5D%5Bregion_id%5D=11&amp;locations%5B5%5D%5Bsubregion_id%5D=157&amp;locations%5B6%5D%5Bregion_id%5D=11&amp;locations%5B6%5D%5Bsubregion_id%5D=158&amp;locations%5B7%5D%5Bregion_id%5D=11&amp;locations%5B7%5D%5Bsubregion_id%5D=161&amp;locations%5B8%5D%5Bregion_id%5D=11&amp;locations%5B8%5D%5Bsubregion_id%5D=156&amp;locations%5B9%5D%5Bregion_id%5D=15&amp;locations%5B9%5D%5Bsubregion_id%5D=219&amp;locations%5B10%5D%5Bregion_id%5D=15&amp;locations%5B10%5D%5Bsubregion_id%5D=221&amp;locations%5B11%5D%5Bregion_id%5D=15&amp;locations%5B11%5D%5Bsubregion_id%5D=224&amp;locations%5B12%5D%5Bregion_id%5D=15&amp;locations%5B12%5D%5Bsubregion_id%5D=223&amp;locations%5B13%5D%5Bregion_id%5D=15&amp;locations%5B13%5D%5Bsubregion_id%5D=225&amp;locations%5B14%5D%5Bregion_id%5D=15&amp;locations%5B14%5D%5Bsubregion_id%5D=227&amp;locations%5B15%5D%5Bregion_id%5D=15&amp;locations%5B15%5D%5Bsubregion_id%5D=229&amp;locations%5B16%5D%5Bregion_id%5D=15&amp;locations%5B16%5D%5Bsubregion_id%5D=228\" target=\"_blank\" rel=\"noopener\"><strong>Apartamentos T2 para arrendar na Grande Lisboa<\/strong><\/a>&nbsp;dispon\u00edveis no Imovirtual.<\/h4>\n<\/p>\n<h3>Alverca, 600\u20ac<\/h3>\n<p class=\" block-img\"><img decoding=\"async\" src=\"https:\/\/www.imovirtual.com\/noticias\/wp-content\/uploads\/2022\/11\/4ecc4e7f-8dbc-412d-94f2-c43eacd529ec_apartamento-t2-alverca.jpg\" alt=\"alverca apartamento t2 para arrendar\"><\/p>\n<p><a href=\"https:\/\/www.imovirtual.com\/pt\/anuncio\/apartamento-t2-ID14Qeo.html#2e4927ff50\" target=\"_blank\" rel=\"noopener\">Apartamento T2<\/a> remodelado, com dois quartos, sala, cozinha com placa, forno, despensa, e WC.<\/p>\n<h4><\/h4>\n<h3>Alto do Seixalinho, 600\u20ac<\/h3>\n<p class=\" block-img\"><img decoding=\"async\" src=\"https:\/\/www.imovirtual.com\/noticias\/wp-content\/uploads\/2022\/11\/1befd2fe-30fd-4c2e-9947-d1b2918b4efd_t2-alto-do-seixalinho.jpg\" alt=\"t2 para arrendar alto seixalinho\"><\/p>\n<p><a href=\"https:\/\/www.imovirtual.com\/pt\/anuncio\/excelente-apartamento-t2-com-99-m2-na-urbanizacao-da-esca-ID16pCO.html#0a60b80efd\" target=\"_blank\" rel=\"noopener\">Apartamento T2<\/a> com uma \u00e1rea de 99m\u00b2, situado no Alto do Seixalinho. Este im\u00f3vel \u00e9 composto por cozinha semi equipada, sala com Varanda, dois quartos com roupeiro, uma casa de banho. O Apartamento disp\u00f5e ainda de uma boa exposi\u00e7\u00e3o solar.<\/p>\n<\/p>\n<h2><strong>Apartamento T3<\/strong><\/h2>\n<h4>Encontre aqui todos os an\u00fancios de&nbsp;<a href=\"https:\/\/www.imovirtual.com\/arrendar\/apartamento\/?search%5Bfilter_enum_rooms_num%5D%5B0%5D=3&amp;search%5Border%5D=filter_float_price%3Aasc&amp;locations%5B0%5D%5Bregion_id%5D=15&amp;locations%5B0%5D%5Bsubregion_id%5D=220&amp;locations%5B1%5D%5Bregion_id%5D=11&amp;locations%5B1%5D%5Bsubregion_id%5D=162&amp;locations%5B2%5D%5Bregion_id%5D=11&amp;locations%5B2%5D%5Bsubregion_id%5D=154&amp;locations%5B3%5D%5Bregion_id%5D=11&amp;locations%5B3%5D%5Bsubregion_id%5D=153&amp;locations%5B4%5D%5Bregion_id%5D=11&amp;locations%5B4%5D%5Bsubregion_id%5D=163&amp;locations%5B5%5D%5Bregion_id%5D=11&amp;locations%5B5%5D%5Bsubregion_id%5D=157&amp;locations%5B6%5D%5Bregion_id%5D=11&amp;locations%5B6%5D%5Bsubregion_id%5D=158&amp;locations%5B7%5D%5Bregion_id%5D=11&amp;locations%5B7%5D%5Bsubregion_id%5D=161&amp;locations%5B8%5D%5Bregion_id%5D=11&amp;locations%5B8%5D%5Bsubregion_id%5D=156&amp;locations%5B9%5D%5Bregion_id%5D=15&amp;locations%5B9%5D%5Bsubregion_id%5D=219&amp;locations%5B10%5D%5Bregion_id%5D=15&amp;locations%5B10%5D%5Bsubregion_id%5D=221&amp;locations%5B11%5D%5Bregion_id%5D=15&amp;locations%5B11%5D%5Bsubregion_id%5D=224&amp;locations%5B12%5D%5Bregion_id%5D=15&amp;locations%5B12%5D%5Bsubregion_id%5D=223&amp;locations%5B13%5D%5Bregion_id%5D=15&amp;locations%5B13%5D%5Bsubregion_id%5D=225&amp;locations%5B14%5D%5Bregion_id%5D=15&amp;locations%5B14%5D%5Bsubregion_id%5D=227&amp;locations%5B15%5D%5Bregion_id%5D=15&amp;locations%5B15%5D%5Bsubregion_id%5D=229&amp;locations%5B16%5D%5Bregion_id%5D=15&amp;locations%5B16%5D%5Bsubregion_id%5D=228\" target=\"_blank\" rel=\"noopener\"><strong>Apartamentos T3 para arrendar na Grande Lisboa<\/strong><\/a>&nbsp;dispon\u00edveis no Imovirtual.<\/h4>\n<\/p>\n<h3>Pontinha, 650\u20ac<\/h3>\n<p class=\" block-img\"><img decoding=\"async\" src=\"https:\/\/www.imovirtual.com\/noticias\/wp-content\/uploads\/2022\/11\/5967586c-8093-4444-b173-30ef0b17a72a_apartamento-t3-pontinha.jpg\" alt=\"apartamento t3 para arrendar pontinha\"><\/p>\n<p><a href=\"https:\/\/www.imovirtual.com\/pt\/anuncio\/pontinha-t3-c-suite-ID16hus.html#05b32e81bb\" target=\"_blank\" rel=\"noopener\">Apartamento T3<\/a> totalmente remodelado, a estrear, com \u00e1reas generosas (135m2 de \u00e1rea e 30m2 de varanda), composto por sala, cozinha equipada com placa, forno, exaustor e termoacumulador, 3 quartos, um dos quais su\u00edte, uma casa de banho social, duas despensas e varanda.<\/p>\n<\/p>\n<h3>Amadora, 700\u20ac&nbsp;<\/h3>\n<p class=\" block-img\"><img decoding=\"async\" src=\"https:\/\/www.imovirtual.com\/noticias\/wp-content\/uploads\/2022\/11\/c1c87985-2ec1-46e6-a23d-26954bcd6390_t3-mina-de-agua.jpg\" alt=\"t3 mina de \u00e1gua amadora arrendar\"><\/p>\n<p><a href=\"https:\/\/www.imovirtual.com\/pt\/anuncio\/apartamento-t3-mina-de-agua-amadora-IDTHwn.html#2e719009e3\" target=\"_blank\" rel=\"noopener\">Apartamento T3<\/a> situado na Mina de \u00c1gua numa praceta muito tranquila, Amadora. Localizado num 2\u00baandar sem elevador, encontra-se totalmente renovado e mobilado.  Composto por cozinha totalmente equipada, despensa, sala acolhedora mobilada, quarto de solteiro com roupeiro, quarto de casal com roupeiro, WC renovado e \u00e1rea adicional como poss\u00edvel quarto ou escrit\u00f3rio, apartamento com excelente luminosidade, transportes e bons acessos.<\/p>\n<\/p>\n<h2><strong>Apartamento T4<\/strong><\/h2>\n<h4>Encontre aqui todos os an\u00fancios de&nbsp;<a href=\"https:\/\/www.imovirtual.com\/arrendar\/apartamento\/?search%5Bfilter_enum_rooms_num%5D%5B0%5D=4&amp;search%5Border%5D=filter_float_price%3Aasc&amp;locations%5B0%5D%5Bregion_id%5D=15&amp;locations%5B0%5D%5Bsubregion_id%5D=220&amp;locations%5B1%5D%5Bregion_id%5D=11&amp;locations%5B1%5D%5Bsubregion_id%5D=162&amp;locations%5B2%5D%5Bregion_id%5D=11&amp;locations%5B2%5D%5Bsubregion_id%5D=154&amp;locations%5B3%5D%5Bregion_id%5D=11&amp;locations%5B3%5D%5Bsubregion_id%5D=153&amp;locations%5B4%5D%5Bregion_id%5D=11&amp;locations%5B4%5D%5Bsubregion_id%5D=163&amp;locations%5B5%5D%5Bregion_id%5D=11&amp;locations%5B5%5D%5Bsubregion_id%5D=157&amp;locations%5B6%5D%5Bregion_id%5D=11&amp;locations%5B6%5D%5Bsubregion_id%5D=158&amp;locations%5B7%5D%5Bregion_id%5D=11&amp;locations%5B7%5D%5Bsubregion_id%5D=161&amp;locations%5B8%5D%5Bregion_id%5D=11&amp;locations%5B8%5D%5Bsubregion_id%5D=156&amp;locations%5B9%5D%5Bregion_id%5D=15&amp;locations%5B9%5D%5Bsubregion_id%5D=219&amp;locations%5B10%5D%5Bregion_id%5D=15&amp;locations%5B10%5D%5Bsubregion_id%5D=221&amp;locations%5B11%5D%5Bregion_id%5D=15&amp;locations%5B11%5D%5Bsubregion_id%5D=224&amp;locations%5B12%5D%5Bregion_id%5D=15&amp;locations%5B12%5D%5Bsubregion_id%5D=223&amp;locations%5B13%5D%5Bregion_id%5D=15&amp;locations%5B13%5D%5Bsubregion_id%5D=225&amp;locations%5B14%5D%5Bregion_id%5D=15&amp;locations%5B14%5D%5Bsubregion_id%5D=227&amp;locations%5B15%5D%5Bregion_id%5D=15&amp;locations%5B15%5D%5Bsubregion_id%5D=229&amp;locations%5B16%5D%5Bregion_id%5D=15&amp;locations%5B16%5D%5Bsubregion_id%5D=228\" target=\"_blank\" rel=\"noopener\"><strong>Apartamentos T4 para arrendar na Grande Lisboa<\/strong><\/a>&nbsp;dispon\u00edveis no Imovirtual.<\/h4>\n<\/p>\n<h3>Camarate, 950\u20ac<\/h3>\n<p class=\" block-img\"><img decoding=\"async\" src=\"https:\/\/www.imovirtual.com\/noticias\/wp-content\/uploads\/2022\/11\/fa49442e-06e6-4cf2-90d4-5c8bbe6366f0_apartamento-t4-camarate.jpg\" alt=\"apartamento t4 para arrendar em camarate\"><\/p>\n<p><a href=\"https:\/\/www.imovirtual.com\/pt\/anuncio\/t-4-com-garagem-e-arrecadacao-situado-em-camarate-IDZvBE.html#e802e0f546\" target=\"_blank\" rel=\"noopener\">Apartamento T4<\/a> com garagem e arrecada\u00e7\u00e3o, \u00e0s portas de Lisboa, na urbaniza\u00e7\u00e3o Parque das Oliveiras em Camarate, a 3 minutos do Eixo Norte Sul. O im\u00f3vel est\u00e1 em bom estado de conserva\u00e7\u00e3o, \u00e9 um 1\u00ba andar em pr\u00e9dio com elevador, tem tr\u00eas frentes, muita luz natural e \u00e9 constitu\u00eddo por: uma sala de 30 m2 com o pavimento em soalho flutuante e com ar condicionado; uma cozinha de 13 m2 com despensa, semi equipada (placa, forno, exaustor e esquentador); um hall de entrada de 10 m2 com o pavimento em soalho flutuante; duas casas de banho completas ( uma com poliban e outra com banheira e coluna de hidromassagem); hall dos quartos com roupeiro de duas portas; quatro quartos todos com roupeiro com o pavimento em soalho flutuante ( dois com varanda e dois com ar condicionado); uma garagem e uma arrecada\u00e7\u00e3o no piso (-1). O apartamento disp\u00f5e de caixilharia com vidro duplo, ar condicionado(sala, 2 quartos), porta blindada, v\u00eddeo porteiro, hidromassagem.<\/p>\n<\/p>\n<h3>Montijo, 800\u20ac<\/h3>\n<p><a href=\"https:\/\/www.imovirtual.com\/pt\/anuncio\/apartamento-t4-duplex-arrendamento-montijo-ID16rsw.html#3f0fd88d62\" target=\"_blank\" rel=\"noopener\">Apartamento T3+1<\/a> (aproveitamento de s\u00f3t\u00e3o com 50m2), num segundo andar, inserido num edif\u00edcio sem elevador, com apenas seis apartamentos, pr\u00f3ximo do Centro de Sa\u00fade, uma localiza\u00e7\u00e3o fant\u00e1stica, a 1.100m do acesso \u00e1 Ponte Vasco da Gama e a 1.600m do Alegro Montijo.<br \/>Apartamento com: duas varandas; sala com lareira; cozinha equipada; quarto sem roupeiro; quarto com roupeiro; aproveitamento de s\u00f3t\u00e3o com WC; pavimento cer\u00e2mico e em soalho flutuante; WC principal com m\u00f3vel, espelho e banheira; hall com tecto falso em pladur, porta blindada e v\u00eddeo porteiro; suite com roupeiro e WC com m\u00f3vel, espelho e poliban fechado.<\/p>\n<p class=\" block-img\"><img decoding=\"async\" src=\"https:\/\/www.imovirtual.com\/noticias\/wp-content\/uploads\/2022\/11\/3c23b667-0a08-4ca1-abcb-74566be5c538_Copia-de-Banners-Autores-2.png\" alt=\"Alexandre Lu\u00eds Autor Imovirtual\"><\/p>\n<h5><em>Tamb\u00e9m conhecido como &#8216;O Consultor&#8217;. Pode encontr\u00e1-lo a consultar o \u00faltimo estudo de mercado. N\u00e3o tem talento para vender, mas sabe tudo sobre Imobili\u00e1rio. Fala sobre quest\u00f5es relacionadas com o tema no Blog do Imovirtual.<\/em><\/h5>\n<\/p>\n<h4><strong>Leia tamb\u00e9m<\/strong><\/h4>\n<ul>\n<li>Oportunidades de Im\u00f3veis em <a href=\"https:\/\/www.imovirtual.com\/noticias\/imobiliario\/casas-em-almada\" target=\"_blank\" rel=\"noopener\"><strong>Almada<\/strong><\/a><\/li>\n<li>Casas com piscina para arrendar no <a href=\"https:\/\/www.imovirtual.com\/noticias\/imobiliario\/casas-com-piscina-para-alugar-no-porto\" target=\"_blank\" rel=\"noopener\"><strong>Porto<\/strong><\/a><\/li>\n<li><a href=\"https:\/\/www.imovirtual.com\/noticias\/imobiliario\/casas-em-fatima\" target=\"_blank\" rel=\"noopener\"><strong>F\u00e1tima<\/strong><\/a>: uma cidade al\u00e9m do turismo religioso<\/li>\n<\/ul>\n<\/p>\n<div class=\"css-h5fkc8\"><strong>Ultima actualiza\u00e7\u00e3o:<\/strong> 09 julho 2021<\/div>\n","protected":false},"excerpt":{"rendered":"<p>Casas para arrendar na \u00c1rea Metropolitana de Lisboa Encontrar casa para arrendar na Grande Lisboa n\u00e3o tem de ser um quebra-cabe\u00e7as. O Imovirtual disp\u00f5e de uma grande oferta de apartamentos para arrendamento com as mais variadas caracter\u00edsticas, tipologias e \u00e1reas nas diferentes zonas que rodeiam a capital do pa\u00eds. Para o ajudar no processo de &hellip;<\/p>\n","protected":false},"author":3,"featured_media":4103,"comment_status":"closed","ping_status":"open","sticky":false,"template":"","format":"standard","meta":{"footnotes":""},"categories":[37,5],"tags":[],"class_list":["post-4102","post","type-post","status-publish","format-standard","has-post-thumbnail","hentry","category-financas-e-imobiliario","category-imobiliario"],"_links":{"self":[{"href":"https:\/\/www.imovirtual.com\/noticias\/wp-json\/wp\/v2\/posts\/4102","targetHints":{"allow":["GET"]}}],"collection":[{"href":"https:\/\/www.imovirtual.com\/noticias\/wp-json\/wp\/v2\/posts"}],"about":[{"href":"https:\/\/www.imovirtual.com\/noticias\/wp-json\/wp\/v2\/types\/post"}],"author":[{"embeddable":true,"href":"https:\/\/www.imovirtual.com\/noticias\/wp-json\/wp\/v2\/users\/3"}],"replies":[{"embeddable":true,"href":"https:\/\/www.imovirtual.com\/noticias\/wp-json\/wp\/v2\/comments?post=4102"}],"version-history":[{"count":0,"href":"https:\/\/www.imovirtual.com\/noticias\/wp-json\/wp\/v2\/posts\/4102\/revisions"}],"wp:featuredmedia":[{"embeddable":true,"href":"https:\/\/www.imovirtual.com\/noticias\/wp-json\/wp\/v2\/media\/4103"}],"wp:attachment":[{"href":"https:\/\/www.imovirtual.com\/noticias\/wp-json\/wp\/v2\/media?parent=4102"}],"wp:term":[{"taxonomy":"category","embeddable":true,"href":"https:\/\/www.imovirtual.com\/noticias\/wp-json\/wp\/v2\/categories?post=4102"},{"taxonomy":"post_tag","embeddable":true,"href":"https:\/\/www.imovirtual.com\/noticias\/wp-json\/wp\/v2\/tags?post=4102"}],"curies":[{"name":"wp","href":"https:\/\/api.w.org\/{rel}","templated":true}]}}