{"id":410,"date":"2022-05-12T00:00:00","date_gmt":"2022-05-12T00:00:00","guid":{"rendered":"https:\/\/www.imovirtual.com\/noticias2\/2022\/05\/12\/jeff-bezos-portugal-mansoes\/"},"modified":"2024-08-28T10:29:03","modified_gmt":"2024-08-28T10:29:03","slug":"jeff-bezos-portugal-mansoes","status":"publish","type":"post","link":"https:\/\/www.imovirtual.com\/noticias\/imobiliario\/jeff-bezos-portugal-mansoes\/","title":{"rendered":"Jeff Bezos em Portugal: 5 mans\u00f5es para o milion\u00e1rio americano"},"content":{"rendered":"<p class=\"css-8qfla4\">\n<p class=\"css-m5h6m0 edperro0\">\n<h1><strong>Jeff Bezos em Portugal: 5 mans\u00f5es para o milion\u00e1rio americano<\/strong><\/h1>\n<p>Jeff Bezos esteve em Portugal com a namorada, Lauren S\u00e1nchez, para passar as f\u00e9rias da P\u00e1scoa. O <strong>multimilion\u00e1rio americano, empreendedor e dono da maior plataforma de e-commerce do mundo<\/strong>, a <a href=\"https:\/\/www.amazon.com\/\" target=\"_blank\" rel=\"noopener\">Amazon<\/a>, viajou por v\u00e1rios locais do nosso jardim \u00e0 beira-mar plantado, entre os quais Lisboa e a Praia da Comporta. Bezos e a companheira mostraram-se impressionados com a beleza do nosso pa\u00eds e dos lugares onde passaram, chegando mesmo a dizer que \u00e9 &#8220;t\u00e3o <strong>bonito quanto Seattle, mas \u00e9 em Portugal<\/strong>&#8220;. <\/p>\n<p>Mas e se a estadia do empres\u00e1rio americano n\u00e3o tivesse sido tempor\u00e1ria e Bezos decidi-se investir num im\u00f3vel em Portugal, como seria? O <a href=\"https:\/\/www.imovirtual.com\/\" target=\"_blank\" rel=\"noopener\"><strong>Imovirtual<\/strong><\/a> percorreu algumas das oportunidades dispon\u00edveis no nosso Portal e elegeu algumas \u00e0 altura do multimilion\u00e1rio. Tratam-se de <strong>verdadeiras mans\u00f5es que n\u00e3o est\u00e3o ao alcance de todas as carteiras, <\/strong>mas certamente que preencheriam as medidas do dono da Amazon. Ora veja.<\/p>\n<\/p>\n<h3>Pode interessar-lhe: <a href=\"https:\/\/www.imovirtual.com\/noticias\/lifestyle\/se-os-caes-pudessem-escolher-uma-casa\" target=\"_blank\" rel=\"noopener\"><em><strong>E se os c\u00e3es pudessem escolher uma casa?<\/strong><\/em><\/a><\/h3>\n<\/p>\n<h2><a href=\"https:\/\/www.imovirtual.com\/pt\/anuncio\/moradia-t5-venda-em-cascais-e-estoril-cascais-ID12H2Q.html#88aecad1b5\" target=\"_blank\" rel=\"noopener\"><strong>Moradia T5<\/strong><\/a><\/h2>\n<h3>Cascais<\/h3>\n<p><strong>16 500 000 \u20ac<\/strong><\/p>\n<p class=\" block-img\"><img decoding=\"async\" src=\"https:\/\/www.imovirtual.com\/noticias\/wp-content\/uploads\/2022\/11\/52445559-cc52-47b0-9884-1856fae909b9_Moraia-T5-Imovirtual.png\" alt=\"Moradia T5\"><\/p>\n<\/p>\n<h2><a href=\"https:\/\/www.imovirtual.com\/pt\/anuncio\/vila-com-vista-panoramica-soberba-sobre-o-mar-ID18cvy.html#88aecad1b5\" target=\"_blank\" rel=\"noopener\"><strong>Villa T5<\/strong><\/a><\/h2>\n<h3>Albufeira e Olhos de \u00c1gua<\/h3>\n<p><strong>24 500 000 \u20ac<\/strong><\/p>\n<p class=\" block-img\"><img decoding=\"async\" src=\"https:\/\/www.imovirtual.com\/noticias\/wp-content\/uploads\/2022\/11\/262311e6-f3f9-458d-9b83-b8005708446d_Vila-T5-Imovirtual.png\" alt=\"Villa T5 em Albufeira e Olhos de \u00c1gua\"><\/p>\n<\/p>\n<h2><a href=\"https:\/\/www.imovirtual.com\/pt\/anuncio\/moradia-de-luxo-com-vinha-ID189HI.html#88aecad1b5\" target=\"_blank\" rel=\"noopener\"><strong>Moradia T10+<\/strong><\/a><\/h2>\n<h3>Silves, Faro<\/h3>\n<p><strong>15 000 000 \u20ac<\/strong><\/p>\n<p class=\" block-img\"><img decoding=\"async\" src=\"https:\/\/www.imovirtual.com\/noticias\/wp-content\/uploads\/2022\/11\/1adf0064-c18f-4a57-bf09-a9d565a8199f_Moradia-T10-Imovirtual.png\" alt=\"Moradia T10+ em Silves, Faro\"><\/p>\n<\/p>\n<h2><a href=\"https:\/\/www.imovirtual.com\/pt\/anuncio\/moradia-contemporanea-localizada-na-zona-mais-nobre-do-tr-ID18EjS.html#4071028404\" target=\"_blank\" rel=\"noopener\"><strong>Moradia T7<\/strong><\/a><\/h2>\n<h3>Almancil, Loul\u00e9<\/h3>\n<p><strong>14 500 000 \u20ac<\/strong><\/p>\n<p class=\" block-img\"><img decoding=\"async\" src=\"https:\/\/www.imovirtual.com\/noticias\/wp-content\/uploads\/2022\/11\/43b7b7f6-0dc3-4b10-a1d3-7920e7e97712_Moradia-T7-em-Almancil.png\" alt=\"Moradia T7 em Almancil\"><\/p>\n<h2><a href=\"https:\/\/www.imovirtual.com\/pt\/anuncio\/moradia-t6-com-vista-mar-e-duas-piscinas-na-biscaia-cas-ID18tPr.html#4071028404\" target=\"_blank\" rel=\"noopener\"><strong>Moradia T6 <\/strong><\/a><\/h2>\n<h3>Alcabideche, Cascais<\/h3>\n<p>10 000 000 \u20ac<\/p>\n<p class=\" block-img\"><img decoding=\"async\" src=\"https:\/\/www.imovirtual.com\/noticias\/wp-content\/uploads\/2022\/11\/4b444f78-78ce-4729-81c4-34a9aa44f64f_Moradia-T6-em-Cascais.png\" alt=\"Moradia T6 em Cascais\"><\/p>\n<h2><a href=\"https:\/\/www.imovirtual.com\/pt\/anuncio\/apartamento-penthouse-t6-na-avenida-24-de-julho-the-promenade-ID187c5.html#c30a757dff\" target=\"_blank\" rel=\"noopener\"><strong>Apartamento Penthouse T6<\/strong><\/a><\/h2>\n<h3>Estrela, Lisboa<\/h3>\n<p>6 900 000 \u20ac<\/p>\n<p class=\" block-img\"><img decoding=\"async\" src=\"https:\/\/www.imovirtual.com\/noticias\/wp-content\/uploads\/2022\/11\/e8ec4161-8146-445e-8f39-9b2712f4be0f_Apartamento-T6-Estrela.png\" alt=\"Apartamento T6 na Estrela Lisboa\"><\/p>\n<h2><a href=\"https:\/\/www.imovirtual.com\/pt\/anuncio\/lisboa-parque-das-nacoes-penthouse-t4-1-penthouse-t3-ID15zLS.html#c30a757dff\" target=\"_blank\" rel=\"noopener\"><strong>Apartamento Penthouse T4+1<\/strong><\/a><\/h2>\n<h3>Parque das Na\u00e7\u00f5es, Lisboa<\/h3>\n<p>5 300 000 \u20ac<\/p>\n<p class=\" block-img\"><img decoding=\"async\" src=\"https:\/\/www.imovirtual.com\/noticias\/wp-content\/uploads\/2022\/11\/8d15b34a-6f37-46aa-80aa-ac7b5e02b345_Apartamento-T4-Penthouse.png\" alt=\"Apartamento T4 Penthouse em Lisboa\"><\/p>\n<\/p>\n<p class=\" block-img\"><img decoding=\"async\" src=\"https:\/\/www.imovirtual.com\/noticias\/wp-content\/uploads\/2022\/11\/bd5974cf-f0b2-4813-a690-c8359669947e_Copia-de-Banners-Autores.png\" alt=\"Ana Catarina Autor Imovirtual\"><\/p>\n<h5><em>Ana Catarina \u00e9 a mi\u00fada das tend\u00eancias. Gosta de ficar em casa a perder-se pelas p\u00e1ginas de um livro, mas tamb\u00e9m n\u00e3o dispensa um caf\u00e9 tardio com os amigos. Est\u00e1 sempre \u00e0 procura do \u00faltimo grito em Lifestyle para revelar no Blog do Imovirtual.<\/em><\/h5>\n<\/p>\n<h4><strong>Tamb\u00e9m lhe pode interessar<\/strong><\/h4>\n<ul>\n<li><a href=\"https:\/\/www.imovirtual.com\/noticias\/lifestyle\/como-escolher-ar-condicionado\" target=\"_blank\" rel=\"noopener\"><strong>Mudar de casa<\/strong><\/a>: dicas para organizar a mudan\u00e7a<\/li>\n<li><a href=\"https:\/\/www.imovirtual.com\/noticias\/lifestyle\/casas-parecem-mentira\" target=\"_blank\" rel=\"noopener\"><strong>Arquitetura<\/strong><\/a>: casas \u00fanicas que at\u00e9 parecem mentira<\/li>\n<li>Guia para cuidar das suas&nbsp;<a href=\"https:\/\/www.imovirtual.com\/noticias\/lifestyle\/guia-arvores-fruto\" target=\"_blank\" rel=\"noopener\"><strong>\u00e1rvores de fruto<\/strong><\/a><\/li>\n<\/ul>\n<\/p>\n<div class=\"css-h5fkc8\"><strong>Ultima actualiza\u00e7\u00e3o:<\/strong> 12 maio 2022<\/div>\n","protected":false},"excerpt":{"rendered":"<p>Jeff Bezos em Portugal: 5 mans\u00f5es para o milion\u00e1rio americano Jeff Bezos esteve em Portugal com a namorada, Lauren S\u00e1nchez, para passar as f\u00e9rias da P\u00e1scoa. O multimilion\u00e1rio americano, empreendedor e dono da maior plataforma de e-commerce do mundo, a Amazon, viajou por v\u00e1rios locais do nosso jardim \u00e0 beira-mar plantado, entre os quais Lisboa &hellip;<\/p>\n","protected":false},"author":3,"featured_media":411,"comment_status":"closed","ping_status":"open","sticky":false,"template":"","format":"standard","meta":{"footnotes":""},"categories":[37,5],"tags":[],"class_list":["post-410","post","type-post","status-publish","format-standard","has-post-thumbnail","hentry","category-financas-e-imobiliario","category-imobiliario"],"_links":{"self":[{"href":"https:\/\/www.imovirtual.com\/noticias\/wp-json\/wp\/v2\/posts\/410","targetHints":{"allow":["GET"]}}],"collection":[{"href":"https:\/\/www.imovirtual.com\/noticias\/wp-json\/wp\/v2\/posts"}],"about":[{"href":"https:\/\/www.imovirtual.com\/noticias\/wp-json\/wp\/v2\/types\/post"}],"author":[{"embeddable":true,"href":"https:\/\/www.imovirtual.com\/noticias\/wp-json\/wp\/v2\/users\/3"}],"replies":[{"embeddable":true,"href":"https:\/\/www.imovirtual.com\/noticias\/wp-json\/wp\/v2\/comments?post=410"}],"version-history":[{"count":0,"href":"https:\/\/www.imovirtual.com\/noticias\/wp-json\/wp\/v2\/posts\/410\/revisions"}],"wp:featuredmedia":[{"embeddable":true,"href":"https:\/\/www.imovirtual.com\/noticias\/wp-json\/wp\/v2\/media\/411"}],"wp:attachment":[{"href":"https:\/\/www.imovirtual.com\/noticias\/wp-json\/wp\/v2\/media?parent=410"}],"wp:term":[{"taxonomy":"category","embeddable":true,"href":"https:\/\/www.imovirtual.com\/noticias\/wp-json\/wp\/v2\/categories?post=410"},{"taxonomy":"post_tag","embeddable":true,"href":"https:\/\/www.imovirtual.com\/noticias\/wp-json\/wp\/v2\/tags?post=410"}],"curies":[{"name":"wp","href":"https:\/\/api.w.org\/{rel}","templated":true}]}}