{"id":402,"date":"2022-04-27T00:00:00","date_gmt":"2022-04-27T00:00:00","guid":{"rendered":"https:\/\/www.imovirtual.com\/noticias2\/2022\/04\/27\/imosintese-noticias-210422\/"},"modified":"2022-04-27T00:00:00","modified_gmt":"2022-04-27T00:00:00","slug":"imosintese-noticias-210422","status":"publish","type":"post","link":"https:\/\/www.imovirtual.com\/noticias\/novidades\/imosintese-noticias-210422\/","title":{"rendered":"IMOS\u00cdNTESE &#8211; NOT\u00cdCIAS 21\/04"},"content":{"rendered":"<p class=\"css-8qfla4\">\n<p class=\"css-m5h6m0 edperro0\">\n<h2><strong>Em parceria com o Di\u00e1rio Imobili\u00e1rio, o Imovirtual apresenta diariamente um resumo notici\u00e1rio dos acontecimentos mais relevantes do dia. Fique a par das \u00faltimas novidades do Mercado Imobili\u00e1rio:<\/strong><\/h2>\n<\/p>\n<h1><strong>Depois do Pal\u00e1cio de Versalles, a Kalam traz para Portugal o que melhor sabe fazer: Reabilitar<\/strong><\/h1>\n<p><strong>[Entrevista &#8211; Ram\u00f3n Mayo] &#8211;<\/strong> Interven\u00e7\u00f5es nas catedrais de Sig\u00fcenza,&nbsp;Pal\u00e1cio de Versalles, Paris,&nbsp;Santiago de Compostela,&nbsp;Coria \u2013 C\u00e1ceres,&nbsp;Cuenca,&nbsp;Plasencia,&nbsp;Tudela,&nbsp;Almer\u00eda,&nbsp;C\u00e1diz&nbsp;ou&nbsp;Sevilla e ainda o&nbsp;Hotel Ritz,&nbsp;Four Seasons&nbsp;e&nbsp;Hotel Asturias&nbsp;Madrid,&nbsp;Banco de Espanha&nbsp;em Madrid e Sevilha,&nbsp;Edif\u00edcio Metropolis&nbsp;em Madrid, s\u00e3o alguns exemplos de interven\u00e7\u00e3o da&nbsp;Kalam, empresa Internacional de constru\u00e7\u00e3o fundada em 1987 em Espanha, especializada nos sectores de&nbsp;edifica\u00e7\u00e3o,&nbsp;restauro de patrim\u00f3nio,&nbsp;restauro e conserva\u00e7\u00e3o de fachadas&nbsp;e&nbsp;reabilita\u00e7\u00e3o integral de edif\u00edcios,&nbsp;onde conta&nbsp;com mais de 30 obras realizadas em patrim\u00f3nio classificado pela&nbsp;UNESCO.<\/p>\n<h3><strong>Saiba mais <a href=\"https:\/\/www.diarioimobiliario.pt\/Entrevistas\/Depois-do-Palacio-de-Versalles-a-Kalam-traz-para-Portugal-o-que-melhor-sabe-fazer-Reabilitar\" target=\"_blank\" rel=\"noopener\">aqui<\/a><\/strong><\/h3>\n<\/p>\n<h1><strong>Convento do Beato vai ter 60 apartamentos e uma nova pra\u00e7a central<\/strong><\/h1>\n<p>O quarteir\u00e3o do Convento do Beato est\u00e1 a ser totalmente requalificado para integrar, al\u00e9m do ic\u00f3nico espa\u00e7o de eventos, um novo condom\u00ednio residencial denominado Beato Quarter.<\/p>\n<h3><strong>Saiba mais <a href=\"https:\/\/www.diarioimobiliario.pt\/Actualidade\/Convento-do-Beato-vai-ter-60-apartamentos-e-uma-nova-praca-central\" target=\"_blank\" rel=\"noopener\">aqui<\/a><\/strong><\/h3>\n<\/p>\n<h1><strong>Estrangeiros compraram casa na \u00c1rea Metropolitana de Lisboa pelo dobro do pre\u00e7o dos portugueses<\/strong><\/h1>\n<p>Na A.M. de Lisboa o pre\u00e7o mediano da habita\u00e7\u00e3o adquirida por compradores com domic\u00edlio fiscal no estrangeiro foi mais do dobro do pre\u00e7o da adquirida por compradores com domic\u00edlio no territ\u00f3rio nacional &#8211; INE.<\/p>\n<h3><strong>Saiba mais <a href=\"https:\/\/www.diarioimobiliario.pt\/Habitacao\/Estrangeiros-compraram-casa-na-Area-Metropolitana-de-Lisboa-pelo-dobro-do-preco-dos-portugueses\" target=\"_blank\" rel=\"noopener\">aqui<\/a><\/strong><\/h3>\n<\/p>\n<h1><strong>DistrictHive\u00ae: O hotel-c\u00e1psula que oferece autossufici\u00eancia, Intelig\u00eancia Artificial e conforto<\/strong><\/h1>\n<p>A revolu\u00e7\u00e3o no turismo j\u00e1 come\u00e7ou e est\u00e1 a surgir no cora\u00e7\u00e3o do Deserto de Gorafe, em Granada, Espanha. Ali, um projecto tur\u00edstico state of the art foi recentemente lan\u00e7ado com o objectivo de mudar o conceito tradicional que temos de alojamento de luxo para viajantes \u00e0 procura de se desconectarem do mundo, mergulhando completamente no meio ambiente. A revolu\u00e7\u00e3o chama-se DistrictHive\u00ae &nbsp;e chegou com a inten\u00e7\u00e3o de se expandir.<\/p>\n<h3><strong>Saiba mais <a href=\"https:\/\/www.diarioimobiliario.pt\/Turismo\/DistrictHive-R-O-hotel-capsula-que-oferece-autossuficiencia-Inteligencia-Artificial-e-conforto\" target=\"_blank\" rel=\"noopener\">aqui<\/a><\/strong><\/h3>\n<\/p>\n<h1><strong>Mercado de escrit\u00f3rios arranca em 2022 com resultados positivos e novas tend\u00eancias<\/strong><\/h1>\n<p>Neste per\u00edodo p\u00f3s-pandemia, em que se acentua a propens\u00e3o para o regresso aos escrit\u00f3rios e ao trabalho presencial, as empresas retomaram a sua procura por novos espa\u00e7os, adequados \u00e0 nova realidade e com melhores localiza\u00e7\u00f5es.<\/p>\n<h3><strong>Saiba mais <a href=\"https:\/\/www.diarioimobiliario.pt\/Actualidade\/Mercado-de-escritorios-arranca-em-2022-com-resultados-positivos-e-novas-tendencias\" target=\"_blank\" rel=\"noopener\">aqui<\/a><\/strong><\/h3>\n<\/p>\n<p><strong>Leia as anteriores Imos\u00edntese:<\/strong><\/p>\n<p><strong>\ud83d\udc49<a href=\"https:\/\/www.imovirtual.com\/noticias\/noticias\/imosintese-noticias-200422\" target=\"_blank\" rel=\"noopener\">IMOS\u00cdNTESE &#8211; NOT\u00cdCIAS 20\/04<\/a><\/strong><\/p>\n<p><strong>\ud83d\udc49<a href=\"https:\/\/www.imovirtual.com\/noticias\/noticias\/imosintese-noticias-190422\" target=\"_blank\" rel=\"noopener\">IMOS\u00cdNTESE &#8211; NOT\u00cdCIAS 19\/04<\/a><\/strong><\/p>\n<p><strong>\ud83d\udc49<a href=\"https:\/\/www.imovirtual.com\/noticias\/noticias\/imosintese-noticias-1804\" target=\"_blank\" rel=\"noopener\">IMOS\u00cdNTESE &#8211; NOT\u00cdCIAS 18\/04<\/a><\/strong><\/p>\n<\/p>\n<div class=\"css-h5fkc8\"><strong>Ultima actualiza\u00e7\u00e3o:<\/strong> 27 abril 2022<\/div>\n","protected":false},"excerpt":{"rendered":"<p>Em parceria com o Di\u00e1rio Imobili\u00e1rio, o Imovirtual apresenta diariamente um resumo notici\u00e1rio dos acontecimentos mais relevantes do dia. Fique a par das \u00faltimas novidades do Mercado Imobili\u00e1rio: Depois do Pal\u00e1cio de Versalles, a Kalam traz para Portugal o que melhor sabe fazer: Reabilitar [Entrevista &#8211; Ram\u00f3n Mayo] &#8211; Interven\u00e7\u00f5es nas catedrais de Sig\u00fcenza,&nbsp;Pal\u00e1cio de &hellip;<\/p>\n","protected":false},"author":3,"featured_media":100,"comment_status":"closed","ping_status":"open","sticky":false,"template":"","format":"standard","meta":{"footnotes":""},"categories":[4],"tags":[],"class_list":["post-402","post","type-post","status-publish","format-standard","has-post-thumbnail","hentry","category-novidades"],"_links":{"self":[{"href":"https:\/\/www.imovirtual.com\/noticias\/wp-json\/wp\/v2\/posts\/402","targetHints":{"allow":["GET"]}}],"collection":[{"href":"https:\/\/www.imovirtual.com\/noticias\/wp-json\/wp\/v2\/posts"}],"about":[{"href":"https:\/\/www.imovirtual.com\/noticias\/wp-json\/wp\/v2\/types\/post"}],"author":[{"embeddable":true,"href":"https:\/\/www.imovirtual.com\/noticias\/wp-json\/wp\/v2\/users\/3"}],"replies":[{"embeddable":true,"href":"https:\/\/www.imovirtual.com\/noticias\/wp-json\/wp\/v2\/comments?post=402"}],"version-history":[{"count":0,"href":"https:\/\/www.imovirtual.com\/noticias\/wp-json\/wp\/v2\/posts\/402\/revisions"}],"wp:featuredmedia":[{"embeddable":true,"href":"https:\/\/www.imovirtual.com\/noticias\/wp-json\/wp\/v2\/media\/100"}],"wp:attachment":[{"href":"https:\/\/www.imovirtual.com\/noticias\/wp-json\/wp\/v2\/media?parent=402"}],"wp:term":[{"taxonomy":"category","embeddable":true,"href":"https:\/\/www.imovirtual.com\/noticias\/wp-json\/wp\/v2\/categories?post=402"},{"taxonomy":"post_tag","embeddable":true,"href":"https:\/\/www.imovirtual.com\/noticias\/wp-json\/wp\/v2\/tags?post=402"}],"curies":[{"name":"wp","href":"https:\/\/api.w.org\/{rel}","templated":true}]}}