{"id":4012,"date":"2020-09-11T00:00:00","date_gmt":"2020-09-11T00:00:00","guid":{"rendered":"https:\/\/www.imovirtual.com\/noticias2\/2020\/09\/11\/rendas-das-casas-nao-aumentam-em-2021\/"},"modified":"2024-09-02T13:53:01","modified_gmt":"2024-09-02T13:53:01","slug":"rendas-das-casas-nao-aumentam-em-2021","status":"publish","type":"post","link":"https:\/\/www.imovirtual.com\/noticias\/novidades\/rendas-das-casas-nao-aumentam-em-2021\/","title":{"rendered":"Rendas das casas n\u00e3o aumentam em 2021"},"content":{"rendered":"<p class=\"css-8qfla4\">\n<p class=\"css-m5h6m0 edperro0\">\n<h1><strong>Rendas das casas n\u00e3o aumentam em 2021<\/strong><\/h1>\n<p>Depois de cinco anos seguidos a subirem, as rendas habitacionais e comerciais n\u00e3o v\u00e3o subir no pr\u00f3ximo ano. A causa para este congelamento \u00e9 a taxa de infla\u00e7\u00e3o ter sido nula em agosto.<\/p>\n<p>Est\u00e1 confirmado. As rendas n\u00e3o ir\u00e3o aumentar em 2021, depois de cinco anos consecutivos a subirem. E porqu\u00ea? Porque, de acordo com os dados do Instituto Nacional de Estat\u00edstica (INE), a infla\u00e7\u00e3o dos \u00faltimos 12 meses, a terminarem em agosto, ficou no negativo. Com este resultado, n\u00e3o ir\u00e1 haver atualiza\u00e7\u00f5es dos valores das rendas no pr\u00f3ximo ano.<\/p>\n<p>De acordo com a lei, os senhorios podem atualizar as rendas baseando-se nos valores da infla\u00e7\u00e3o. \u00c9 um facto que estas atualiza\u00e7\u00f5es s\u00e3o, normalmente, de apenas alguns euros. Naturalmente, dependendo sempre do valor da renda.<\/p>\n<p>Para se fazer esse c\u00e1lculo, \u00e9 necess\u00e1rio ter em conta a infla\u00e7\u00e3o dos \u00faltimos 12 meses, at\u00e9 agosto. Estando a infla\u00e7\u00e3o em n\u00fameros negativos, esse aumento n\u00e3o ir\u00e1 acontecer no pr\u00f3ximo ano.<\/p>\n<p>Olhando para os dados do INE, do m\u00eas de agosto, \u201co IPC [\u00edndice de Pre\u00e7os do Consumidor] registou uma <a href=\"https:\/\/www.imovirtual.com\/noticias\/noticias\/imosintese-noticias-2705\" target=\"_blank\" rel=\"noopener\">taxa de varia\u00e7\u00e3o<\/a> mensal de -0,03%\u201d. Esta informa\u00e7\u00e3o vem confirmar as estimativas lan\u00e7adas no final de agosto.<\/p>\n<p>De acordo com o jornal ECO, este congelamento \u00e9 feito depois da subida das rendas durante 5 anos. O aumento deste ano foi de 0,51%, de 1,15% em 2019, de 1,12% em 2018, de 0,54% em 2017. Em 2016 o aumento foi de 0,16%. A \u00faltima vez que houve um congelamento de rendas foi feito em 2015.<\/p>\n<p>Olhando ainda para a not\u00edcia avan\u00e7ada pelo ECO, o coeficiente de atualiza\u00e7\u00e3o das rendas diz respeito \u00e0s rendas habitacionais, de renda livre ou renda apiada, assim como as rendas n\u00e3o habitacionais.<\/p>\n<\/p>\n<p class=\" block-img\"><img decoding=\"async\" src=\"https:\/\/www.imovirtual.com\/noticias\/wp-content\/uploads\/2022\/11\/3c23b667-0a08-4ca1-abcb-74566be5c538_Copia-de-Banners-Autores-2.png\" alt=\"Alexandre Lu\u00eds Autor Imovirtual\"><\/p>\n<h5><em>Tamb\u00e9m conhecido como &#8216;O Consultor&#8217;. Pode encontr\u00e1-lo a consultar o \u00faltimo estudo de mercado. N\u00e3o tem talento para vender, mas sabe tudo sobre Imobili\u00e1rio. Fala sobre quest\u00f5es relacionadas com o tema no Blog do Imovirtual.<\/em><\/h5>\n<\/p>\n<h4><strong>Leia tamb\u00e9m<\/strong><\/h4>\n<ul>\n<li>Saiba como consultar os <a href=\"https:\/\/www.imovirtual.com\/noticias\/imobiliario\/saiba-como-consultar-os-recibos-de-renda-no-portal-financas\" target=\"_blank\" rel=\"noopener\"><strong>recibos de renda<\/strong><\/a> no Portal das Finan\u00e7as<\/li>\n<li>Afinal, como funcionam as <a href=\"https:\/\/www.imovirtual.com\/noticias\/imobiliario\/afinal-como-funcionam-as-caucoes-de-arrendamento-id174.html\" target=\"_blank\" rel=\"noopener\"><strong>cau\u00e7\u00f5es de arrendamento<\/strong><\/a>?<\/li>\n<li><a href=\"https:\/\/www.imovirtual.com\/noticias\/imobiliario\/arrendar-casa-completa-ou-por-quarto-vantagens-e-desvantagens-id169.html\" target=\"_blank\" rel=\"noopener\"><strong>Arrendar casa<\/strong><\/a> completa ou por quarto? &#8211; vantagens e desvantagens <\/li>\n<\/ul>\n<\/p>\n<div class=\"css-h5fkc8\"><strong>Ultima actualiza\u00e7\u00e3o:<\/strong> 01 julho 2021<\/div>\n","protected":false},"excerpt":{"rendered":"<p>Rendas das casas n\u00e3o aumentam em 2021 Depois de cinco anos seguidos a subirem, as rendas habitacionais e comerciais n\u00e3o v\u00e3o subir no pr\u00f3ximo ano. A causa para este congelamento \u00e9 a taxa de infla\u00e7\u00e3o ter sido nula em agosto. Est\u00e1 confirmado. As rendas n\u00e3o ir\u00e3o aumentar em 2021, depois de cinco anos consecutivos a &hellip;<\/p>\n","protected":false},"author":3,"featured_media":4014,"comment_status":"closed","ping_status":"open","sticky":false,"template":"","format":"standard","meta":{"footnotes":""},"categories":[35,4],"tags":[],"class_list":["post-4012","post","type-post","status-publish","format-standard","has-post-thumbnail","hentry","category-guia-de-arrendamento","category-novidades"],"_links":{"self":[{"href":"https:\/\/www.imovirtual.com\/noticias\/wp-json\/wp\/v2\/posts\/4012","targetHints":{"allow":["GET"]}}],"collection":[{"href":"https:\/\/www.imovirtual.com\/noticias\/wp-json\/wp\/v2\/posts"}],"about":[{"href":"https:\/\/www.imovirtual.com\/noticias\/wp-json\/wp\/v2\/types\/post"}],"author":[{"embeddable":true,"href":"https:\/\/www.imovirtual.com\/noticias\/wp-json\/wp\/v2\/users\/3"}],"replies":[{"embeddable":true,"href":"https:\/\/www.imovirtual.com\/noticias\/wp-json\/wp\/v2\/comments?post=4012"}],"version-history":[{"count":0,"href":"https:\/\/www.imovirtual.com\/noticias\/wp-json\/wp\/v2\/posts\/4012\/revisions"}],"wp:featuredmedia":[{"embeddable":true,"href":"https:\/\/www.imovirtual.com\/noticias\/wp-json\/wp\/v2\/media\/4014"}],"wp:attachment":[{"href":"https:\/\/www.imovirtual.com\/noticias\/wp-json\/wp\/v2\/media?parent=4012"}],"wp:term":[{"taxonomy":"category","embeddable":true,"href":"https:\/\/www.imovirtual.com\/noticias\/wp-json\/wp\/v2\/categories?post=4012"},{"taxonomy":"post_tag","embeddable":true,"href":"https:\/\/www.imovirtual.com\/noticias\/wp-json\/wp\/v2\/tags?post=4012"}],"curies":[{"name":"wp","href":"https:\/\/api.w.org\/{rel}","templated":true}]}}