{"id":3999,"date":"2021-07-10T00:00:00","date_gmt":"2021-07-10T00:00:00","guid":{"rendered":"https:\/\/www.imovirtual.com\/noticias2\/2021\/07\/10\/operadores-telecomunicacoes-portugal\/"},"modified":"2024-08-28T10:25:44","modified_gmt":"2024-08-28T10:25:44","slug":"operadores-telecomunicacoes-portugal","status":"publish","type":"post","link":"https:\/\/www.imovirtual.com\/noticias\/financas\/operadores-telecomunicacoes-portugal\/","title":{"rendered":"Portugal com pacotes de telecomunica\u00e7\u00f5es mais baratos e menos qualidade de servi\u00e7o"},"content":{"rendered":"<p class=\"css-8qfla4\">\n<p class=\"css-m5h6m0 edperro0\">\n<h1><strong>Telecomunica\u00e7\u00f5es: os pacotes dispon\u00edveis em Portugal<\/strong><\/h1>\n<p>Portugal \u00e9 dos pa\u00edses da Uni\u00e3o Europeia com os pacotes de servi\u00e7os fixos de telecomunica\u00e7\u00f5es mais baratos, mas com a qualidade de servi\u00e7o mais reduzida, sobretudo no que diz respeito \u00e0 dura\u00e7\u00e3o contratual, aos pacotes de minutos e aos dados m\u00f3veis. A conclus\u00e3o \u00e9 de um estudo da <a href=\"https:\/\/www.deco.proteste.pt\/casa-energia\/tarifarios-tv-net-telefone\/noticias\/telecomunicacoes-prazos-maximos-fidelizacao-dados-moveis-caros-portugal\" target=\"_blank\" rel=\"noopener\">DECO Proteste<\/a>, que analisou cerca de 2134 tarif\u00e1rios de 8 pa\u00edses, sendo que 298 dos quais pertencem ao nosso pa\u00eds A an\u00e1lise, feita entre mar\u00e7o e abril deste ano, baseou-se nos tarif\u00e1rios de televis\u00e3o, net, telefone fixo e m\u00f3vel nacionais comprando-a com a oferta semelhante em pa\u00edses como Alemanha, B\u00e9lgica, Espanha, Fran\u00e7a, It\u00e1lia, Pa\u00edses Baixos e Reino Unido. Para este estudo foram tidos em considera\u00e7\u00e3o &#8220;os custos mensais (fixos e\/ou associados ao consumo), considerando promo\u00e7\u00f5es em vigor, al\u00e9m das despesas com a instala\u00e7\u00e3o e a ativa\u00e7\u00e3o do servi\u00e7o por 24 meses&#8221;, explica a organiza\u00e7\u00e3o de defesa do consumidor portuguesa.<\/p>\n<p>Segundo o estudo da DECO, para o tarif\u00e1rio Internet fixa (100 Mbps), \u00e9 a operadora portuguesa NOWO que oferece o pacote mais barato (20\u20ac). Mas se considerarmos o per\u00edodo de fideliza\u00e7\u00e3o, o consumidor ter\u00e1 de ficar associado durante 24 meses para usufruir desse pre\u00e7o. Na vizinha Espanha, paga-se um pre\u00e7o semelhante e apenas \u00e9 necess\u00e1rio ter o servi\u00e7o durante 12 meses. No tarif\u00e1rio Televis\u00e3o + Net (200 Mbps) + Telefone, tamb\u00e9m \u00e9 a NOWO que conquista o pre\u00e7o mais baixo (28,44 euros, para uma fideliza\u00e7\u00e3o de 24 meses), mas em Fran\u00e7a paga-se mais por menos tempo (27,53 euros por 12 meses). J\u00e1 o tarif\u00e1rio Televis\u00e3o + Net (200 Mbps) + Telefone + Telem\u00f3vel (quatro cart\u00f5es) \u00e9 mais ligeiramente mais caro no operador franc\u00eas SFR (68,88\u20ac) mas o consumidor s\u00f3 tem de ficar vinculado durante 12 meses e pagar uma taxa de 49\u20ac se pretender sair mais cedo. J\u00e1 em Portugal o mesmo pacote custa 63,44 euros por 24 meses e os custos de rescis\u00e3o s\u00e3o incomport\u00e1veis. <\/p>\n<p>No campo dos pacotes de minutos e dados m\u00f3veis o caso muda de figura. De acordo com a DECO, &#8220;os servi\u00e7os m\u00f3veis inclu\u00eddos em pacotes ou opcionais s\u00e3o mais limitados em Portugal do que nos restantes pa\u00edses do estudo&#8221;. Por exemplo, enquanto os portugueses pagam 24,99 euros por um pacote de 10GB de dados m\u00f3veis, os ingleses desembolsam 4,99 euros por um tarif\u00e1rio ilimitado, enquanto os franceses pagam 8 euros por 20GB e os italianos dez vezes mais dados no seu tarif\u00e1rio (100GB).<\/p>\n<\/p>\n<h2><strong>O barato pode sair caro <\/strong><\/h2>\n<p>Contas feitas, conclui-se que os portugueses pagam menos pelos servi\u00e7os de telecomunica\u00e7\u00e3o comparativamente a outros pa\u00edses da Uni\u00e3o Europeia. Por\u00e9m, s\u00e3o obrigados a ficarem fidelizados com os mesmos durante mais tempo, para garantir o pre\u00e7o mais baixo. Isso implica suportar uma despesa de um servi\u00e7o que, muitas vezes, n\u00e3o \u00e9 prestado convenientemente e acarreta muitos desentendimentos entre operadoras, clientes e mesmo a pr\u00f3pria DECO. A organiza\u00e7\u00e3o de defesa do consumidor alega que as telecomunica\u00e7\u00f5es est\u00e3o frenquentemente no topo das queixas que recebem dos seus clientes. &#8220;Conflitos relacionados com o per\u00edodo de fideliza\u00e7\u00e3o e com a mudan\u00e7a de fornecedor, falhas na liga\u00e7\u00e3o da internet e problemas de fatura\u00e7\u00e3o t\u00eam sido uma constante.&#8221; justificam. <\/p>\n<p>Al\u00e9m disso a DECO Proteste salienta que os portugueses t\u00eam ainda de suportar a instala\u00e7\u00e3o e a ativa\u00e7\u00e3o do servi\u00e7o &#8220;geralmente, entre 270 e 400 euros, consoante os operadores, ou 125 euros, caso optem apenas pela instala\u00e7\u00e3o da internet&#8221;, especificam. <\/p>\n<\/p>\n<h2><strong>Ent\u00e3o e se pretender desistir de uma operadora para ir para outra?<\/strong><\/h2>\n<p>Na pr\u00e1tica pode mas os custos de rescis\u00e3o em Portugal s\u00e3o muito mais elevados do que noutros pa\u00edses da Uni\u00e3o Europeia. A DECO explica.<\/p>\n<ul>\n<li>Tarif\u00e1rios TV, Net e Voz: 12 meses &#8211; entre 290 e 389,75 euros; antes dos 12 meses: entre 580 e 779,50 euros, variando consoante o operador e a altura de cancelamento do contrato. <\/li>\n<li>Tarif\u00e1rios TV, Net, Voz e M\u00f3vel: 12 meses &#8211; 410 e 745,25 euros; antes dos 12 meses &#8211; entre 820 e 1490,50 euros.<\/li>\n<\/ul>\n<p>Se est\u00e1 a pensar em solicitar a instala\u00e7\u00e3o de um servi\u00e7o de telecomunica\u00e7\u00f5es na sua nova casa ou se o seu per\u00edodo de fideliza\u00e7\u00e3o terminou e pretende mudar de operador, considere todas as op\u00e7\u00f5es. A <a href=\"https:\/\/www.deco.proteste.pt\/casa-energia\/tarifarios-tv-net-telefone\/simule-e-poupe\/tarifarios-de-telecomunicacoes-quais-os-mais-baratos\/operadores\/todos-os-operadores\" target=\"_blank\" rel=\"noopener\">DECO Proteste<\/a> ajuda-o a determinar quais s\u00e3o os melhores tarif\u00e1rios dispon\u00edveis no mercado a decidir qual aquele que melhor se adapta \u00e0s suas necessidades. <\/p>\n<\/p>\n<p class=\" block-img\"><img decoding=\"async\" src=\"https:\/\/www.imovirtual.com\/noticias\/wp-content\/uploads\/2022\/11\/35ce8fdc-7f6c-4930-b514-06c8b6107a8e_Joao-Miguel-Banner-2.png\" alt=\"Jo\u00e3o Miguel Autor Imovirtual Blog\"><\/p>\n<h5><em>Jo\u00e3o Miguel \u00e9 o homem dos n\u00fameros. O jeito para os n\u00fameros sempre foi inato, assim como o talento para a escrita. J\u00e1 tentou fazer um  sem o outro, mas n\u00e3o foi bem sucedido na tarefa. Por isso, hoje escreve para a sec\u00e7\u00e3o &#8216;Finan\u00e7as&#8217; do Blog do Imovirtual. <\/em><\/h5>\n<\/p>\n<h4><strong>Leia tamb\u00e9m<\/strong><\/h4>\n<ul>\n<li>Saiba o que s\u00e3o os <a href=\"https:\/\/www.imovirtual.com\/noticias\/financas\/o-que-sao-os-intermediarios-de-credito\" target=\"_blank\" rel=\"noopener\"><strong>Intermedi\u00e1rios de cr\u00e9dito<\/strong><\/a> e o que fazem<\/li>\n<li>ImoExplica: <a href=\"https:\/\/www.imovirtual.com\/noticias\/financas\/imoexplica-impostos-imi-imt-is-comprar-casa\" target=\"_blank\" rel=\"noopener\"><strong>Impostos a pagar<\/strong><\/a> na compra de um im\u00f3vel<\/li>\n<li>Saiba calcular a <a href=\"https:\/\/www.imovirtual.com\/noticias\/financas\/calcular-taxa-juro\" target=\"_blank\" rel=\"noopener\"><strong>taxa de juro<\/strong><\/a><\/li>\n<\/ul>\n<\/p>\n<div class=\"css-h5fkc8\"><strong>Ultima actualiza\u00e7\u00e3o:<\/strong> 10 julho 2021<\/div>\n","protected":false},"excerpt":{"rendered":"<p>Telecomunica\u00e7\u00f5es: os pacotes dispon\u00edveis em Portugal Portugal \u00e9 dos pa\u00edses da Uni\u00e3o Europeia com os pacotes de servi\u00e7os fixos de telecomunica\u00e7\u00f5es mais baratos, mas com a qualidade de servi\u00e7o mais reduzida, sobretudo no que diz respeito \u00e0 dura\u00e7\u00e3o contratual, aos pacotes de minutos e aos dados m\u00f3veis. A conclus\u00e3o \u00e9 de um estudo da DECO &hellip;<\/p>\n","protected":false},"author":3,"featured_media":4002,"comment_status":"closed","ping_status":"open","sticky":false,"template":"","format":"standard","meta":{"footnotes":""},"categories":[6,37],"tags":[],"class_list":["post-3999","post","type-post","status-publish","format-standard","has-post-thumbnail","hentry","category-financas","category-financas-e-imobiliario"],"_links":{"self":[{"href":"https:\/\/www.imovirtual.com\/noticias\/wp-json\/wp\/v2\/posts\/3999","targetHints":{"allow":["GET"]}}],"collection":[{"href":"https:\/\/www.imovirtual.com\/noticias\/wp-json\/wp\/v2\/posts"}],"about":[{"href":"https:\/\/www.imovirtual.com\/noticias\/wp-json\/wp\/v2\/types\/post"}],"author":[{"embeddable":true,"href":"https:\/\/www.imovirtual.com\/noticias\/wp-json\/wp\/v2\/users\/3"}],"replies":[{"embeddable":true,"href":"https:\/\/www.imovirtual.com\/noticias\/wp-json\/wp\/v2\/comments?post=3999"}],"version-history":[{"count":0,"href":"https:\/\/www.imovirtual.com\/noticias\/wp-json\/wp\/v2\/posts\/3999\/revisions"}],"wp:featuredmedia":[{"embeddable":true,"href":"https:\/\/www.imovirtual.com\/noticias\/wp-json\/wp\/v2\/media\/4002"}],"wp:attachment":[{"href":"https:\/\/www.imovirtual.com\/noticias\/wp-json\/wp\/v2\/media?parent=3999"}],"wp:term":[{"taxonomy":"category","embeddable":true,"href":"https:\/\/www.imovirtual.com\/noticias\/wp-json\/wp\/v2\/categories?post=3999"},{"taxonomy":"post_tag","embeddable":true,"href":"https:\/\/www.imovirtual.com\/noticias\/wp-json\/wp\/v2\/tags?post=3999"}],"curies":[{"name":"wp","href":"https:\/\/api.w.org\/{rel}","templated":true}]}}