{"id":3969,"date":"2020-08-06T00:00:00","date_gmt":"2020-08-06T00:00:00","guid":{"rendered":"https:\/\/www.imovirtual.com\/noticias2\/2020\/08\/06\/os-5-parques-de-campismo-a-norte-para-as-suas-ferias\/"},"modified":"2020-08-06T00:00:00","modified_gmt":"2020-08-06T00:00:00","slug":"os-5-parques-de-campismo-a-norte-para-as-suas-ferias","status":"publish","type":"post","link":"https:\/\/www.imovirtual.com\/noticias\/lifestyle\/os-5-parques-de-campismo-a-norte-para-as-suas-ferias\/","title":{"rendered":"Os 5 parques de campismo a Norte para as suas f\u00e9rias"},"content":{"rendered":"<p class=\"css-8qfla4\">\n<p class=\"css-m5h6m0 edperro0\">\n<h1><strong>5 parques de campismo a Norte para as suas f\u00e9rias<\/strong><\/h1>\n<p>Em tempos de cuidados extra devido \u00e0 pandemia da Covid-19, ir de f\u00e9rias para zonas em que o ar livre e at\u00e9 a ruralidade imperam s\u00e3o cada vez mais uma op\u00e7\u00e3o a ter em conta. E neste particular os parques de campismo ganham uma maior relev\u00e2ncia, apesar de algumas restri\u00e7\u00f5es a que ainda est\u00e3o sujeitos.<\/p>\n<p>Junto ao mar ou na serra, no litoral ou no interior, o Norte de Portugal tem muitos locais <a href=\"https:\/\/www.imovirtual.com\/noticias\/imobiliario\/locais-idilicos-em-portugal-para-relaxar\" target=\"_blank\" rel=\"noopener\">id\u00edlicos<\/a> onde pode acampar ou passar uns dias num bungalow ou em muitas outras solu\u00e7\u00f5es de pernoita que os modernos parques de campismo t\u00eam para oferecer.<\/p>\n<p>E como a oferta \u00e9 muita e variada, deixamos cinco op\u00e7\u00f5es que por certo lhe prender\u00e3o a aten\u00e7\u00e3o e agu\u00e7ar\u00e3o o apetite.<\/p>\n<\/p>\n<h2><strong>Orbitur Rio Alto<\/strong><\/h2>\n<p>Situado no Rio Alto, Estela, na P\u00f3voa de Varzim, o Orbitur Rio Alto foi o primeiro parque de campismo do mundo a ser certificado para a qualidade de servi\u00e7o pela SGS ICS.<\/p>\n<p>Possui acesso direto \u00e0 praia, com passagem por baixo dum campo de golfe, em plena Costa Verde, e disp\u00f5e de \u00f3timas instala\u00e7\u00f5es.<\/p>\n<p>E se n\u00e3o quiser levar tenda, tem tamb\u00e9m uma zona de alv\u00e9olos para caravanas residenciais.<\/p>\n<p>Para al\u00e9m do acesso direto \u00e0 praia e da piscina, os campistas podem praticar diversos desportos como golfe, pesca ou windsurf, entre outros.<\/p>\n<\/p>\n<h2><strong>Parque Cerdeira<\/strong><\/h2>\n<p>Campismo, caravanismo, bungalows ou camaratas s\u00e3o as op\u00e7\u00f5es que pode tomar no Parque Cerdeira, em Terras do Bouro, onde encontra elevada qualidade, seguran\u00e7a e conforto em pleno Parque Nacional da Peneda-Ger\u00eas.<\/p>\n<p>Para al\u00e9m da oferta de alojamento e restaura\u00e7\u00e3o, o Parque da Cerdeira proporciona ainda um conjunto de atividades l\u00fadicas, que permitem aos clientes desfrutar de muitas das maravilhas do Ger\u00eas.<\/p>\n<p>As atividades proporcionadas s\u00e3o diversas e ajustadas a fam\u00edlias, a grupos ou em autonomia. Percursos pedestres, de bicicleta ou at\u00e9 de carro tamb\u00e9m fazem parte da oferta.<\/p>\n<\/p>\n<h2><strong>Quinta de Pentieiros<\/strong><\/h2>\n<p>Em Ponte de Lima pode encontrar a Quinta de Pentieiros, um espa\u00e7o que resultado da interven\u00e7\u00e3o em torno da recupera\u00e7\u00e3o do patrim\u00f3nio constru\u00eddo, da reconstru\u00e7\u00e3o de alguns im\u00f3veis, da constru\u00e7\u00e3o de raiz de outras infraestruturas e equipamentos e do aproveitamento da explora\u00e7\u00e3o agro-silvo-pastoril.<\/p>\n<p>Ali, para al\u00e9m do parque de campismo e de caravanismo, que inclui uma piscina, pode optar ainda por pernoitar no albergue ou nos bungalows e desfrutar da Quinta Pedag\u00f3gica e do Parque Florestal envolvente, garantia de uns dias bem passados no seio da natureza.<\/p>\n<\/p>\n<h2><strong>Nomad Planet<\/strong><\/h2>\n<p>Assume-se como uma \u00abstress free zone\u00bb (Zona livre de stresse) e prop\u00f5e a viv\u00eancia das sensa\u00e7\u00f5es da vida de n\u00f3mada e de momentos inesquec\u00edveis.<\/p>\n<p>Seja a dois, em fam\u00edlia ou entre amigos, pode desfrutar do conforto e da simplicidade dos yurts (tenda t\u00edpica dos mong\u00f3is) ou da toca do lobo (uma cabana no alto das \u00e1rvores), naquilo que ser\u00e1 uma experi\u00eancia \u00fanica e at\u00edpica numa natureza aut\u00eantica com vista panor\u00e2mica sobre o Parque Nacional Peneda-Ger\u00eas.<\/p>\n<p>A cereja em cima do bolo \u00e9 a possibilidade de sobrevoar o Parque Nacional em parapente.<\/p>\n<\/p>\n<h2><strong>Parque Biol\u00f3gico de Vinhais<\/strong><\/h2>\n<p>O Parque Biol\u00f3gico de Vinhais localiza-se no Viveiro Florestal de Prada, em pleno Parque Natural de Montesinho.<\/p>\n<p>Para desfrutar em pleno de todas as maravilhas da regi\u00e3o e ter um merecido descanso disp\u00f5e de v\u00e1rios tipos de alojamento, para al\u00e9m do parque de campismo para tendas, caravanas ou autocaravanas.<\/p>\n<p>Bungalows, Pods de madeira ou a Hospedaria do Parque, num total de 86 lugares dispon\u00edveis completam a oferta.<\/p>\n<p>No per\u00edodo que vivemos \u00e9 aconselh\u00e1vel consultar os hor\u00e1rios e a capacidade de alojamento, dadas as restri\u00e7\u00f5es da DGS.<\/p>\n<\/p>\n<p class=\" block-img\"><img decoding=\"async\" src=\"https:\/\/www.imovirtual.com\/noticias\/wp-content\/uploads\/2022\/11\/bd5974cf-f0b2-4813-a690-c8359669947e_Copia-de-Banners-Autores.png\" alt=\"Ana Catarina Autor Imovirtual\"><\/p>\n<h5><em>Ana Catarina \u00e9 a mi\u00fada das tend\u00eancias. Gosta de ficar em casa a perder-se pelas p\u00e1ginas de um livro, mas tamb\u00e9m n\u00e3o dispensa um caf\u00e9 tardio com os amigos. Est\u00e1 sempre \u00e0 procura do \u00faltimo grito em Lifestyle para revelar no Blog do Imovirtual.<\/em><\/h5>\n<\/p>\n<h4><strong>Tamb\u00e9m lhe pode interessar<\/strong><\/h4>\n<ul>\n<li>Conhe\u00e7a os encantos do <a href=\"https:\/\/www.imovirtual.com\/noticias\/lifestyle\/conheca-os-encantos-do-geres\" target=\"_blank\" rel=\"noopener\"><strong>Ger\u00eas<\/strong><\/a><\/li>\n<li>Fa\u00e7a um passeio pelas <a href=\"https:\/\/www.imovirtual.com\/noticias\/lifestyle\/faca-um-passeio-pelas-aldeias-de-xisto\" target=\"_blank\" rel=\"noopener\"><strong>Aldeias de Xisto<\/strong><\/a><\/li>\n<li>5 lugares a visitar no <a href=\"https:\/\/www.imovirtual.com\/noticias\/lifestyle\/lugares-visitar-ferias-verao-algarve\" target=\"_blank\" rel=\"noopener\"><strong>Algarve<\/strong><\/a><\/li>\n<\/ul>\n<\/p>\n<div class=\"css-h5fkc8\"><strong>Ultima actualiza\u00e7\u00e3o:<\/strong> 01 julho 2021<\/div>\n","protected":false},"excerpt":{"rendered":"<p>5 parques de campismo a Norte para as suas f\u00e9rias Em tempos de cuidados extra devido \u00e0 pandemia da Covid-19, ir de f\u00e9rias para zonas em que o ar livre e at\u00e9 a ruralidade imperam s\u00e3o cada vez mais uma op\u00e7\u00e3o a ter em conta. E neste particular os parques de campismo ganham uma maior &hellip;<\/p>\n","protected":false},"author":3,"featured_media":3974,"comment_status":"closed","ping_status":"open","sticky":false,"template":"","format":"standard","meta":{"footnotes":""},"categories":[3],"tags":[],"class_list":["post-3969","post","type-post","status-publish","format-standard","has-post-thumbnail","hentry","category-lifestyle"],"_links":{"self":[{"href":"https:\/\/www.imovirtual.com\/noticias\/wp-json\/wp\/v2\/posts\/3969","targetHints":{"allow":["GET"]}}],"collection":[{"href":"https:\/\/www.imovirtual.com\/noticias\/wp-json\/wp\/v2\/posts"}],"about":[{"href":"https:\/\/www.imovirtual.com\/noticias\/wp-json\/wp\/v2\/types\/post"}],"author":[{"embeddable":true,"href":"https:\/\/www.imovirtual.com\/noticias\/wp-json\/wp\/v2\/users\/3"}],"replies":[{"embeddable":true,"href":"https:\/\/www.imovirtual.com\/noticias\/wp-json\/wp\/v2\/comments?post=3969"}],"version-history":[{"count":0,"href":"https:\/\/www.imovirtual.com\/noticias\/wp-json\/wp\/v2\/posts\/3969\/revisions"}],"wp:featuredmedia":[{"embeddable":true,"href":"https:\/\/www.imovirtual.com\/noticias\/wp-json\/wp\/v2\/media\/3974"}],"wp:attachment":[{"href":"https:\/\/www.imovirtual.com\/noticias\/wp-json\/wp\/v2\/media?parent=3969"}],"wp:term":[{"taxonomy":"category","embeddable":true,"href":"https:\/\/www.imovirtual.com\/noticias\/wp-json\/wp\/v2\/categories?post=3969"},{"taxonomy":"post_tag","embeddable":true,"href":"https:\/\/www.imovirtual.com\/noticias\/wp-json\/wp\/v2\/tags?post=3969"}],"curies":[{"name":"wp","href":"https:\/\/api.w.org\/{rel}","templated":true}]}}