{"id":389,"date":"2022-05-14T00:00:00","date_gmt":"2022-05-14T00:00:00","guid":{"rendered":"https:\/\/www.imovirtual.com\/noticias2\/2022\/05\/14\/dicas-maquina-de-secar\/"},"modified":"2022-05-14T00:00:00","modified_gmt":"2022-05-14T00:00:00","slug":"dicas-maquina-de-secar","status":"publish","type":"post","link":"https:\/\/www.imovirtual.com\/noticias\/lifestyle\/dicas-maquina-de-secar\/","title":{"rendered":"5 dicas para tirar melhor partido da M\u00e1quina de Secar a Roupa"},"content":{"rendered":"<p class=\"css-8qfla4\">\n<p class=\"css-m5h6m0 edperro0\">\n<h1><strong>5 dicas para tirar melhor partido da M\u00e1quina de Secar a Roupa<\/strong><\/h1>\n<p>As <strong>M\u00e1quinas de Secar a Roupa <\/strong>s\u00e3o particularmente \u00fateis em dias de chuva, altura em que \u00e9 imposs\u00edvel secar convenientemente as suas pe\u00e7as de vestu\u00e1rio no estendal. Mas mesmo nos dias em que \u00e9 poss\u00edvel colocar a roupa ao sol este <a href=\"https:\/\/www.imovirtual.com\/noticias\/lifestyle\/eletrodomesticos-must-have\" target=\"_blank\" rel=\"noopener\">eletrodom\u00e9stico<\/a> pode ser uma \u00f3tima m\u00e3o extra para deixar tudo limpo e arrumado em metade do tempo. Claro que nem tudo s\u00e3o vantagens e sem d\u00favida que a utiliza\u00e7\u00e3o de uma secadora acaba por pesar na <a href=\"https:\/\/www.imovirtual.com\/noticias\/imobiliario\/como-poupar-na-fatura-da-luz\" target=\"_blank\" rel=\"noopener\">fatura da luz<\/a>, por conta do gasto energ\u00e9tico. Mas a verdade \u00e9 que<strong> em fam\u00edlias grandes ou com <a href=\"https:\/\/www.imovirtual.com\/noticias\/decoracao\/decorar-quarto-criancas\" target=\"_blank\" rel=\"noopener\">crian\u00e7as<\/a> este eletrodom\u00e9stico pode ser uma ajuda valiosa<\/strong>.<\/p>\n<p>Por norma, conseguir\u00e1 encontrar uma secadora para venda nas mesmas lojas que disponibilizam m\u00e1quinas de lavar. No entanto, saiba que <strong>existem modelos h\u00edbridos que juntam em si as duas fun\u00e7\u00f5es: lavar e secar a roupa<\/strong>. Naturalmente que estes aparelhos t\u00eam um custo mais elevado j\u00e1 que substituem duas m\u00e1quinas por apenas uma. Todavia, ser\u00e3o certamente <strong>a solu\u00e7\u00e3o mais indicada para quem tem uma <a href=\"https:\/\/www.imovirtual.com\/noticias\/imobiliario\/vantagens-desvantagens-tiny-house\" target=\"_blank\" rel=\"noopener\">casa pequena<\/a><\/strong> com pouco espa\u00e7o de instala\u00e7\u00e3o para eletrodom\u00e9sticos de grande porte. <\/p>\n<h3>Pode interessar-lhe: <a href=\"https:\/\/www.imovirtual.com\/noticias\/lifestyle\/lavandaria-truques-lavar-roupa\" target=\"_blank\" rel=\"noopener\"><em><strong>Lavandaria: truques para uma lavagem da roupa eficiente<\/strong><\/em><\/a><\/h3>\n<\/p>\n<p>Colocar uma secadora a trabalhar \u00e9 relativamente f\u00e1cil. <strong>O seu funcionamento \u00e9 semelhante ao de uma m\u00e1quina de lavar<\/strong>, embora o seu objetivo seja totalmente diferente. Basta colocar as roupas na tomba, selecionar o programa e esperar que este acabe. \u00c9 um processo bastante simples, mas h\u00e1 que ter em conta a alguns factores para evitar acidentes indesejados e garantir a sa\u00fade do eletrodom\u00e9stico. Confira as nossas dicas para conseguir tirar melhor partido da M\u00e1quina de Secar.<\/p>\n<\/p>\n<h2><strong>Leia as etiquetas da roupa <\/strong><\/h2>\n<p>\u00c9 muito importante que antes de colocar qualquer tipo de roupa na sua secadora <strong>confira as etiquetas das pe\u00e7as<\/strong>, j\u00e1 que estas cont\u00e9m informa\u00e7\u00f5es importantes sobre o processo de lavagem e secagem. S\u00e3o <strong>estas instru\u00e7\u00f5es que v\u00e3o determinar se cada tipo de tecido pode ser submetido aos ciclos da m\u00e1quina<\/strong>. Logicamente que todos estes cuidados ajudam a conservar o bom estado do vestu\u00e1rio e a evitar acidentes indesejados. Confira abaixo o quadro .legenda dos s\u00edmbolos das etiquetas da sua roupa. <\/p>\n<p class=\" block-img\"><img decoding=\"async\" src=\"https:\/\/www.imovirtual.com\/noticias\/wp-content\/uploads\/2022\/11\/3336292d-0fc0-461a-8fe9-a35a1d546aac_maquina-de-secar-simbolos.png\" alt=\"tabela de s\u00edmbolos m\u00e1quina de secar\"><\/p>\n<h2><strong>Escolha o programa adequado<\/strong><\/h2>\n<p>Na hora de colocar as suas roupas na m\u00e1quina de secar deve ter em aten\u00e7\u00e3o ao programa escolhido. Cada aparelho vai apresentar um<strong> conjunto diferente de programas<\/strong>, sendo que h\u00e1 alguns que s\u00e3o indicados para guardar a roupa depois da secagem sem que seja necess\u00e1rio engom\u00e1-la. A dura\u00e7\u00e3o e tempo dos ciclos tamb\u00e9m difere consoante o tipo de tecidos.<\/p>\n<\/p>\n<h2><strong>Fa\u00e7a uma separa\u00e7\u00e3o da roupa antes de cada secagem<\/strong><\/h2>\n<p>\u00c9 importante que <strong>separe a roupa consoante o tipo de tecido<\/strong>. Isto porque a secagem de tecidos mais densos ser\u00e1 certamente mais demorada do que a secagem dos tecidos mais finos. Assim, deve separar os tecidos consoante as suas caracter\u00edsticas para garantir uma secagem bem-sucedida. Idealmente, deve tamb\u00e9m fazer uma separa\u00e7\u00e3o das roupas mais finas e das mais pesadas, j\u00e1 que estas \u00faltimas t\u00eam tend\u00eancia a demorar mais tempo para secar.<\/p>\n<\/p>\n<h2><strong>N\u00e3o exceda a capacidade m\u00e1xima da m\u00e1quina<\/strong><\/h2>\n<p>Tal como acontece com as M\u00e1quinas de Lavar, tamb\u00e9m com as secadoras \u00e9 importante<strong> respeitar a carga m\u00e1xima do <a href=\"https:\/\/www.imovirtual.com\/noticias\/lifestyle\/eletrodomesticos-must-have\" target=\"_blank\" rel=\"noopener\">eletrodom\u00e9stico<\/a><\/strong>, designada pelos fabricantes. Isto porque, caso ultrapasse os limites do aparelho, al\u00e9m de n\u00e3o conseguir os resultado pretendidos, tamb\u00e9m corre o s\u00e9rio <strong>risco de danificar a sua M\u00e1quina de Secar<\/strong>.<\/p>\n<\/p>\n<h2><strong>Limpe a sua m\u00e1quina de secar<\/strong><\/h2>\n<p>A l\u00f3gica \u00e9 a mesma aplicada \u00e1s m\u00e1quinas de lavar a roupa: para garantir o bom funcionamento do aparelho \u00e9 necess\u00e1rio que fa\u00e7a uma<strong> limpeza regular ao filtro<\/strong>. Existem modelos que acendem uma luz de aviso quando \u00e9 necess\u00e1rio proceder \u00e0 higieniza\u00e7\u00e3o mas o ideal \u00e9 ir monitorizando o estado do equipamento. O <strong>condensador<\/strong> \u00e9 outro dos itens que deve ser limpo consoante as instru\u00e7\u00f5es do fabricante.<\/p>\n<p class=\" block-img\"><img decoding=\"async\" src=\"https:\/\/www.imovirtual.com\/noticias\/wp-content\/uploads\/2022\/11\/bd5974cf-f0b2-4813-a690-c8359669947e_Copia-de-Banners-Autores.png\" alt=\"Ana Catarina Autor Imovirtual\"><\/p>\n<h5><em>Ana Catarina \u00e9 a mi\u00fada das tend\u00eancias. Gosta de ficar em casa a perder-se pelas p\u00e1ginas de um livro, mas tamb\u00e9m n\u00e3o dispensa um caf\u00e9 tardio com os amigos. Est\u00e1 sempre \u00e0 procura do \u00faltimo grito em Lifestyle para revelar no Blog do Imovirtual.<\/em><\/h5>\n<\/p>\n<h4><strong>Mais sobre &#8216;Lifestyle&#8217;<\/strong><\/h4>\n<ul>\n<li><a href=\"https:\/\/www.imovirtual.com\/noticias\/lifestyle\/dicas-limpeza-primavera\" target=\"_blank\" rel=\"noopener\"><strong>Limpeza de primavera<\/strong><\/a>: como fazer<\/li>\n<li><a href=\"https:\/\/www.imovirtual.com\/noticias\/lifestyle\/lides-domesticas-truques\" target=\"_blank\" rel=\"noopener\"><strong>Truques de limpeza<\/strong><\/a>&nbsp;para facilitar as lides dom\u00e9sticas<\/li>\n<li>Visual Clutter: saiba como livrar-se da&nbsp;<a href=\"https:\/\/www.imovirtual.com\/en\/noticias\/decoracao\/visual-clutter-como-resolver\" target=\"_blank\" rel=\"noopener\"><strong>desorganiza\u00e7\u00e3o visual<\/strong><\/a><\/li>\n<\/ul>\n<\/p>\n<div class=\"css-h5fkc8\"><strong>Ultima actualiza\u00e7\u00e3o:<\/strong> 14 maio 2022<\/div>\n","protected":false},"excerpt":{"rendered":"<p>5 dicas para tirar melhor partido da M\u00e1quina de Secar a Roupa As M\u00e1quinas de Secar a Roupa s\u00e3o particularmente \u00fateis em dias de chuva, altura em que \u00e9 imposs\u00edvel secar convenientemente as suas pe\u00e7as de vestu\u00e1rio no estendal. Mas mesmo nos dias em que \u00e9 poss\u00edvel colocar a roupa ao sol este eletrodom\u00e9stico pode &hellip;<\/p>\n","protected":false},"author":3,"featured_media":390,"comment_status":"closed","ping_status":"open","sticky":false,"template":"","format":"standard","meta":{"footnotes":""},"categories":[3],"tags":[],"class_list":["post-389","post","type-post","status-publish","format-standard","has-post-thumbnail","hentry","category-lifestyle"],"_links":{"self":[{"href":"https:\/\/www.imovirtual.com\/noticias\/wp-json\/wp\/v2\/posts\/389","targetHints":{"allow":["GET"]}}],"collection":[{"href":"https:\/\/www.imovirtual.com\/noticias\/wp-json\/wp\/v2\/posts"}],"about":[{"href":"https:\/\/www.imovirtual.com\/noticias\/wp-json\/wp\/v2\/types\/post"}],"author":[{"embeddable":true,"href":"https:\/\/www.imovirtual.com\/noticias\/wp-json\/wp\/v2\/users\/3"}],"replies":[{"embeddable":true,"href":"https:\/\/www.imovirtual.com\/noticias\/wp-json\/wp\/v2\/comments?post=389"}],"version-history":[{"count":0,"href":"https:\/\/www.imovirtual.com\/noticias\/wp-json\/wp\/v2\/posts\/389\/revisions"}],"wp:featuredmedia":[{"embeddable":true,"href":"https:\/\/www.imovirtual.com\/noticias\/wp-json\/wp\/v2\/media\/390"}],"wp:attachment":[{"href":"https:\/\/www.imovirtual.com\/noticias\/wp-json\/wp\/v2\/media?parent=389"}],"wp:term":[{"taxonomy":"category","embeddable":true,"href":"https:\/\/www.imovirtual.com\/noticias\/wp-json\/wp\/v2\/categories?post=389"},{"taxonomy":"post_tag","embeddable":true,"href":"https:\/\/www.imovirtual.com\/noticias\/wp-json\/wp\/v2\/tags?post=389"}],"curies":[{"name":"wp","href":"https:\/\/api.w.org\/{rel}","templated":true}]}}