{"id":387,"date":"2022-04-27T00:00:00","date_gmt":"2022-04-27T00:00:00","guid":{"rendered":"https:\/\/www.imovirtual.com\/noticias2\/2022\/04\/27\/imosintese-noticias-260422\/"},"modified":"2022-04-27T00:00:00","modified_gmt":"2022-04-27T00:00:00","slug":"imosintese-noticias-260422","status":"publish","type":"post","link":"https:\/\/www.imovirtual.com\/noticias\/novidades\/imosintese-noticias-260422\/","title":{"rendered":"IMOS\u00cdNTESE &#8211; NOT\u00cdCIAS 26\/04"},"content":{"rendered":"<p class=\"css-8qfla4\">\n<p class=\"css-m5h6m0 edperro0\">\n<h2><strong>Em parceria com o Di\u00e1rio Imobili\u00e1rio, o Imovirtual apresenta diariamente um resumo notici\u00e1rio dos acontecimentos mais relevantes do dia. Fique a par das \u00faltimas novidades do Mercado Imobili\u00e1rio:<\/strong><\/h2>\n<\/p>\n<h1><strong>Santo Ant\u00f3nio continua como a zona mais cara para comprar casa em Lisboa<\/strong><\/h1>\n<p>Entre janeiro e dezembro de 2021, entre as 24 freguesias de Lisboa, apenas Santo Ant\u00f3nio (5 435&nbsp; euros\/m2 ) \u2013 que inclui a Avenida da Liberdade e \u00e1reas adjacentes \u2013 apresentou pre\u00e7os medianos de venda de alojamentos superiores a 4 500&nbsp; euros\/m2.<\/p>\n<h3><strong>Saiba mais <a href=\"https:\/\/www.diarioimobiliario.pt\/Habitacao\/Santo-Antonio-continua-como-a-zona-mais-cara-para-comprar-casa-em-Lisboa\" target=\"_blank\" rel=\"noopener\">aqui<\/a><\/strong><\/h3>\n<\/p>\n<h1><strong>Balc\u00e3o \u00danico do Pr\u00e9dio est\u00e1 dispon\u00edvel em 137 munic\u00edpios<\/strong><\/h1>\n<p>O Balc\u00e3o \u00danico do Pr\u00e9dio j\u00e1 est\u00e1 dispon\u00edvel em 137 munic\u00edpios e pretende alcan\u00e7ar os 153 concelhos que n\u00e3o disp\u00f5em de cadastro geom\u00e9trico r\u00fastico.<\/p>\n<h3><strong>Saiba mais <a href=\"https:\/\/www.diarioimobiliario.pt\/Actualidade\/Balcao-Unico-do-Predio-esta-disponivel-em-137-municipios\" target=\"_blank\" rel=\"noopener\">aqui<\/a><\/strong><\/h3>\n<\/p>\n<h1><strong>Programa de Renda Acess\u00edvel n\u00e3o tem ades\u00e3o esperada dos propriet\u00e1rios \u2013 Diz a DECO<\/strong><\/h1>\n<p>Passados tr\u00eas anos sobre a cria\u00e7\u00e3o do Programa de Arrendamento Acess\u00edvel (PAA), a DECOProteste \u2013 Defesa do Consumidor faz o balan\u00e7o de uma iniciativa que, segundo o Minist\u00e9rio das Infraestruturas e da Habita\u00e7\u00e3o, visa \u201crefor\u00e7ar a oferta p\u00fablica da habita\u00e7\u00e3o\u201d.<\/p>\n<h3><strong>Saiba mais <a href=\"https:\/\/www.diarioimobiliario.pt\/Habitacao\/Programa-de-Renda-Acessivel-nao-tem-adesao-esperada-dos-proprietarios-Diz-a-DECO\" target=\"_blank\" rel=\"noopener\">aqui<\/a><\/strong><\/h3>\n<\/p>\n<h1><strong>Actividade na Reabilita\u00e7\u00e3o Urbana volta a regredir em Mar\u00e7o mas cresce na carteira de encomendas<\/strong><\/h1>\n<p>N\u00edvel de actividade na Reabilita\u00e7\u00e3o Urbana&nbsp;em Mar\u00e7o, registou uma descida de 1,6%, em termos hom\u00f3logos, na&nbsp;carteira de encomendas mant\u00e9m-se est\u00e1vel, verificando-se um aumento de 0,7%.<\/p>\n<h3><strong>Saiba mais <a href=\"https:\/\/www.diarioimobiliario.pt\/Actualidade\/Reabilitacao\/Actividade-na-Reabilitacao-Urbana-volta-a-regredir-em-Marco-mas-cresce-na-carteira-de-encomendas\" target=\"_blank\" rel=\"noopener\">aqui<\/a><\/strong><\/h3>\n<\/p>\n<h1><strong>O fim da linha<\/strong><\/h1>\n<p><strong>[Artigo de Opini\u00e3o &#8211; Francisco Mota Ferreira]&nbsp;&#8211; <\/strong>Diz-se, a meu ver erradamente, que o imobili\u00e1rio \u00e9 o fim da linha para profissionais que, sendo ainda novos para se reformar, s\u00e3o demasiado velhos para transitarem para outra empresa ou fun\u00e7\u00e3o. Porque o mercado laboral acha que estes s\u00e3o mais caros que resmas de rec\u00e9m-licenciados que aceitam est\u00e1gios n\u00e3o remunerados ou o sal\u00e1rio m\u00ednimo ou porque tendo j\u00e1 uma experi\u00eancia consolidada podem fazer sombra a quem os contrata.<\/p>\n<h3><strong>Saiba mais <a href=\"https:\/\/www.diarioimobiliario.pt\/Opiniao\/O-fim-da-linha\" target=\"_blank\" rel=\"noopener\">aqui<\/a><\/strong><\/h3>\n<p><strong>Leia as anteriores Imos\u00edntese:<\/strong><\/p>\n<p><strong>\ud83d\udc49<a href=\"https:\/\/www.imovirtual.com\/noticias\/noticias\/imosintese-noticias-220422\" target=\"_blank\" rel=\"noopener\">IMOS\u00cdNTESE &#8211; NOT\u00cdCIAS 22\/04<\/a><\/strong><\/p>\n<p><strong>\ud83d\udc49<a href=\"https:\/\/www.imovirtual.com\/noticias\/noticias\/imosintese-noticias-210422\" target=\"_blank\" rel=\"noopener\">IMOS\u00cdNTESE &#8211; NOT\u00cdCIAS 21\/04<\/a><\/strong><\/p>\n<p><strong>\ud83d\udc49<a href=\"https:\/\/www.imovirtual.com\/noticias\/noticias\/imosintese-noticias-200422\" target=\"_blank\" rel=\"noopener\">IMOS\u00cdNTESE &#8211; NOT\u00cdCIAS 20\/04<\/a><\/strong><\/p>\n<\/p>\n<div class=\"css-h5fkc8\"><strong>Ultima actualiza\u00e7\u00e3o:<\/strong> 28 abril 2022<\/div>\n","protected":false},"excerpt":{"rendered":"<p>Em parceria com o Di\u00e1rio Imobili\u00e1rio, o Imovirtual apresenta diariamente um resumo notici\u00e1rio dos acontecimentos mais relevantes do dia. Fique a par das \u00faltimas novidades do Mercado Imobili\u00e1rio: Santo Ant\u00f3nio continua como a zona mais cara para comprar casa em Lisboa Entre janeiro e dezembro de 2021, entre as 24 freguesias de Lisboa, apenas Santo &hellip;<\/p>\n","protected":false},"author":3,"featured_media":100,"comment_status":"closed","ping_status":"open","sticky":false,"template":"","format":"standard","meta":{"footnotes":""},"categories":[4],"tags":[],"class_list":["post-387","post","type-post","status-publish","format-standard","has-post-thumbnail","hentry","category-novidades"],"_links":{"self":[{"href":"https:\/\/www.imovirtual.com\/noticias\/wp-json\/wp\/v2\/posts\/387","targetHints":{"allow":["GET"]}}],"collection":[{"href":"https:\/\/www.imovirtual.com\/noticias\/wp-json\/wp\/v2\/posts"}],"about":[{"href":"https:\/\/www.imovirtual.com\/noticias\/wp-json\/wp\/v2\/types\/post"}],"author":[{"embeddable":true,"href":"https:\/\/www.imovirtual.com\/noticias\/wp-json\/wp\/v2\/users\/3"}],"replies":[{"embeddable":true,"href":"https:\/\/www.imovirtual.com\/noticias\/wp-json\/wp\/v2\/comments?post=387"}],"version-history":[{"count":0,"href":"https:\/\/www.imovirtual.com\/noticias\/wp-json\/wp\/v2\/posts\/387\/revisions"}],"wp:featuredmedia":[{"embeddable":true,"href":"https:\/\/www.imovirtual.com\/noticias\/wp-json\/wp\/v2\/media\/100"}],"wp:attachment":[{"href":"https:\/\/www.imovirtual.com\/noticias\/wp-json\/wp\/v2\/media?parent=387"}],"wp:term":[{"taxonomy":"category","embeddable":true,"href":"https:\/\/www.imovirtual.com\/noticias\/wp-json\/wp\/v2\/categories?post=387"},{"taxonomy":"post_tag","embeddable":true,"href":"https:\/\/www.imovirtual.com\/noticias\/wp-json\/wp\/v2\/tags?post=387"}],"curies":[{"name":"wp","href":"https:\/\/api.w.org\/{rel}","templated":true}]}}