{"id":3832,"date":"2020-04-28T00:00:00","date_gmt":"2020-04-28T00:00:00","guid":{"rendered":"https:\/\/www.imovirtual.com\/noticias2\/2020\/04\/28\/lisboa-sao-vicente-id197\/"},"modified":"2020-04-28T00:00:00","modified_gmt":"2020-04-28T00:00:00","slug":"lisboa-sao-vicente-id197","status":"publish","type":"post","link":"https:\/\/www.imovirtual.com\/noticias\/relatorio-de-precos\/lisboa-sao-vicente-id197\/","title":{"rendered":"Lisboa: S\u00e3o Vicente"},"content":{"rendered":"<p class=\"css-8qfla4\">\n<p class=\"css-m5h6m0 edperro0\">\n<h1><strong>Tudo sobre a freguesia de S\u00e3o Vicente em Lisboa<\/strong><\/h1>\n<p>S\u00e3o Vicente nasceu da agrega\u00e7\u00e3o de tr\u00eas freguesias lisboetas &#8211; Gra\u00e7a, S\u00e3o Vicente de Fora e Santa Engr\u00e1cia &#8211; devido \u00e0 reorganiza\u00e7\u00e3o administrativa que ocorreu em setembro de 2013 na capital.<\/p>\n<p>Esta freguesia \u00e9 composta por cerca de 14 500 habitantes e engloba uma \u00e1rea total de 1,99 quil\u00f3metros quadrados.<\/p>\n<p>Est\u00e1 integrada no centro hist\u00f3rico da capital, onde se encontram a maioria das freguesias menos populosas de Lisboa, e \u00e9 rica em patrim\u00f3nio hist\u00f3rico e cultural. Os seus habitantes s\u00e3o ainda herdeiros de um orgulho barrista.<\/p>\n<p>Com uma localiza\u00e7\u00e3o central privilegiada, <a href=\"https:\/\/www.imovirtual.com\/comprar\/apartamento\/sao-vicente-lisboa\/?search%5Bregion_id%5D=11&amp;search%5Bsubregion_id%5D=153&amp;search%5Bcity_id%5D=11540547\" target=\"_blank\" rel=\"noopener\"><strong>S\u00e3o Vicente<\/strong><\/a> \u00e9 uma das freguesias da capital que enfrenta o atual desafio de equilibrar a sua <a href=\"https:\/\/www.imovirtual.com\/noticias\/financas\/partilha-de-bens-com-heranca-indivisa\" target=\"_blank\" rel=\"noopener\">heran\u00e7a<\/a> hist\u00f3rica, com as necessidades urbanas atuais e a sua crescente import\u00e2ncia tur\u00edstica.<\/p>\n<p>No per\u00edodo mais emblem\u00e1tico das celebra\u00e7\u00f5es populares da cidade, S\u00e3o Vicente celebra o Santo Ant\u00f3nio com um arraial que nasceu em 2014 e j\u00e1 se tornou uma refer\u00eancia em Lisboa, ombreando com Alfama e Mouraria.<\/p>\n<p>Centrados no Largo da Gra\u00e7a, o \u00fanico local da freguesia com capacidade de albergar um evento desta dimens\u00e3o, os Arraiais de S\u00e3o Vicente s\u00e3o sin\u00f3nimo de divers\u00e3o e alegria para os residentes e para os milhares de visitantes que neste per\u00edodo se juntam em S\u00e3o Vicente.<\/p>\n<p>No ver\u00e3o \u00e9 uma das zonas mais famosas pelas celebra\u00e7\u00f5es do Santo Ant\u00f3nio, trazendo a alegria e a divers\u00e3o aos milhares de visitantes que v\u00eam at\u00e9 aos arraiais de S\u00e3o Vicente no largo da Gra\u00e7a.<\/p>\n<p>&nbsp;<\/p>\n<h2><strong>Freguesia de S\u00e3o Vicente em n\u00fameros<\/strong><\/h2>\n<p>\u00c0 junta de freguesia de S\u00e3o Vicente pertencem cerca de 7.710 fam\u00edlias e 2.475 habita\u00e7\u00f5es. De acordo com os Censos de 2011, 57 % dessas fam\u00edlias s\u00e3o constitu\u00eddas por filhos e apenas 11% possuem algum membro em situa\u00e7\u00e3o de desemprego.<\/p>\n<p>Em compara\u00e7\u00e3o com os Censos de 2001, a freguesia sofreu uma perda de popula\u00e7\u00e3o, maioritariamente da faixa et\u00e1ria dos 15 aos 24 anos \u2013 uma quebra de 38%. Por\u00e9m, a maior parte da popula\u00e7\u00e3o continua a ter entre os 15 e os 64 anos.<\/p>\n<p>Embora demonstre alguma representatividade et\u00e1ria, esta zona apresenta um dos \u00edndices de envelhecimento mais altos do concelho e mais de 20 % dos residentes desta freguesia ultrapassam os 65 anos.<\/p>\n<p>Quanto \u00e0 forma\u00e7\u00e3o, a maioria dos habitantes \u2013 26% &#8211; apresenta apenas o primeiro ciclo do ensino b\u00e1sico completo e cerca de 19% conclu\u00edram o ensino superior. Apenas 3% da popula\u00e7\u00e3o \u00e9 analfabeta.<\/p>\n<p>&nbsp;<\/p>\n<h2><strong>Patrim\u00f3nio rico em hist\u00f3ria<\/strong><\/h2>\n<p>A freguesia de S\u00e3o Vicente \u00e9 conhecida pelas suas vilas oper\u00e1rias e p\u00e1tios hist\u00f3ricos que em cada esquina revelam um pouco da hist\u00f3ria de Lisboa. Nela \u00e9 tamb\u00e9m poss\u00edvel observar uma das vistas mais bonitas da capital atrav\u00e9s dos seus ilustres miradouros \u2013 o Miradouro Sophia de Melo Breyner Andresen e o Miradouro de Nossa Senhora do Monte.<\/p>\n<p>Esta zona alberga ainda alguns dos monumentos nacionais mais importantes, como o Pante\u00e3o Nacional, que homenageia e perpetua a mem\u00f3ria dos cidad\u00e3os portugueses que se destacaram, e a Esta\u00e7\u00e3o de Santa Apol\u00f3nia, onde foi realizada a primeira viagem de comboio em Portugal.<\/p>\n<p>&nbsp;<\/p>\n<h2><strong>Uma freguesia repleta de cultura<\/strong><\/h2>\n<p>A Junta de Freguesia de S\u00e3o Vicente realiza diversos projetos e iniciativas de cariz cultural, privilegiando a colabora\u00e7\u00e3o com entidades locais. Alguns dos eventos mais conhecidos s\u00e3o os Arraiais de S\u00e3o Vicente e o Festival de Folclore Usos e Costumes em Lisboa.<\/p>\n<p>O primeiro realiza-se no per\u00edodo mais emblem\u00e1tico das celebra\u00e7\u00f5es populares da cidade, em junho. A freguesia celebra o Santo Ant\u00f3nio com um arraial que nasceu em 2014 e que j\u00e1 se tornou uma refer\u00eancia na capital. E, o segundo realiza-se em setembro e \u00e9 um o festival que inclui um desfile etnogr\u00e1fico e a atua\u00e7\u00e3o de diversos ranchos folcl\u00f3ricos convidados.<\/p>\n<p>Esta zona \u00e9 ainda palco de um festival realizado em colabora\u00e7\u00e3o com a FNAC \u2013 o Fnac Live \u2013, que promove a divulga\u00e7\u00e3o de novos artistas atrav\u00e9s da concretiza\u00e7\u00e3o de concertos em diversos espa\u00e7os da freguesia, e um espet\u00e1culo de fado, tradi\u00e7\u00e3o da antiga freguesia de Santa Engr\u00e1cia, que se realiza anualmente nas escadas do Bairro Washington \u2013 o Fado nas Escadinhas.<\/p>\n<p>Pode tamb\u00e9m aproveitar para explorar locais secretos desta freguesia atrav\u00e9s de&nbsp;<a href=\"https:\/\/www.secretcitytrails.com\/product\/azulejos-e-contos-de-graca-e-alfama\/?utm_source=imovirtual&amp;utm_medium=blog&amp;utm_campaign=graca\" target=\"_blank\" rel=\"noopener\">jogos de descoberta<\/a>&nbsp;que o levaram ao encontro das melhores vistas sobre a cidade.<\/p>\n<\/p>\n<h2><strong>O que dizem os residentes?<\/strong><\/h2>\n<p>O Imovirtual desenvolveu recentemente um estudo sobre as freguesias de Portugal, \u201cIdeal Neighborhood\u201d. Esta pesquisa foi desenvolvida com a colabora\u00e7\u00e3o dos residentes das freguesias, que avaliaram de 0 a 5 v\u00e1rias categorias, como a seguran\u00e7a, a limpeza, o estacionamento, os espa\u00e7os de lazer e outros.<\/p>\n<p>Dentro do concelho de Lisboa, a freguesia de S\u00e3o Vicente est\u00e1 no 45\u00ba lugar com uma classifica\u00e7\u00e3o geral de 3,63 pontos. As classes em que melhor se destacam s\u00e3o: a seguran\u00e7a, o acesso aos transportes p\u00fablicos e a qualidade dos estabelecimentos de ensino. As categorias a que foram atribu\u00eddas pontua\u00e7\u00f5es mais baixas foram o acesso a estacionamento, o custo de vida e a variedade de espa\u00e7os de lazer.<\/p>\n<p>De acordo com o&nbsp;<a href=\"https:\/\/www.ine.pt\/xportal\/xmain?xpgid=ine_main&amp;xpid=INE&amp;xlang=pt\" target=\"_blank\" rel=\"noopener\">Instituto Nacional de Estat\u00edstica<\/a>, S\u00e3o Vicente \u00e9 uma das freguesias de Lisboa menos cara para se viver, pagando-se uma m\u00e9dia de 12,07 euros por metro quadrado- isto equivale a uma renda de 1207 euros por m\u00eas num apartamento de 100 metros.<\/p>\n<p>Se est\u00e1 a pensar em comprar ou arrendar casa em S\u00e3o Vicente, n\u00e3o se esque\u00e7a de consultar todas as ofertas dispon\u00edveis no nosso&nbsp;<a href=\"https:\/\/www.imovirtual.com\/\" target=\"_blank\" rel=\"noopener\">site<\/a>.<\/p>\n<p class=\" block-img\"><img decoding=\"async\" src=\"https:\/\/www.imovirtual.com\/noticias\/wp-content\/uploads\/2022\/11\/3c23b667-0a08-4ca1-abcb-74566be5c538_Copia-de-Banners-Autores-2.png\" alt=\"Alexandre Lu\u00eds Autor Imovirtual\"><\/p>\n<h5><em>Tamb\u00e9m conhecido como &#8216;O Consultor&#8217;. Pode encontr\u00e1-lo a consultar o \u00faltimo estudo de mercado. N\u00e3o tem talento para vender, mas sabe tudo sobre Imobili\u00e1rio. Fala sobre quest\u00f5es relacionadas com o tema no Blog do Imovirtual.<\/em><\/h5>\n<\/p>\n<h4><strong>Leia tamb\u00e9m<\/strong><\/h4>\n<ul>\n<li>Lisboa: <a href=\"https:\/\/www.imovirtual.com\/noticias\/imoblog\/lisboa-santa-maria-maior-freguesia-de-tradicoes-id101.html\" target=\"_blank\" rel=\"noopener\"><strong>Santa Maria Maior <\/strong><\/a>uma freguesia de Tradi\u00e7\u00f5es<\/li>\n<li><a href=\"https:\/\/www.imovirtual.com\/noticias\/imobiliario\/casas-em-lisboa-comprar-moradia-ou-apartamento\" target=\"_blank\" rel=\"noopener\"><strong>Casas em Lisboa<\/strong><\/a> \u2013 Onde Comprar Moradia ou Apartamento?<\/li>\n<li>Lisboa: <a href=\"https:\/\/www.imovirtual.com\/noticias\/imoblog\/lisboa-santo-antonio-id193.html\" target=\"_blank\" rel=\"noopener\"><strong>Santo Ant\u00f3nio<\/strong><\/a><\/li>\n<\/ul>\n<\/p>\n<div class=\"css-h5fkc8\"><strong>Ultima actualiza\u00e7\u00e3o:<\/strong> 30 junho 2021<\/div>\n","protected":false},"excerpt":{"rendered":"<p>Tudo sobre a freguesia de S\u00e3o Vicente em Lisboa S\u00e3o Vicente nasceu da agrega\u00e7\u00e3o de tr\u00eas freguesias lisboetas &#8211; Gra\u00e7a, S\u00e3o Vicente de Fora e Santa Engr\u00e1cia &#8211; devido \u00e0 reorganiza\u00e7\u00e3o administrativa que ocorreu em setembro de 2013 na capital. Esta freguesia \u00e9 composta por cerca de 14 500 habitantes e engloba uma \u00e1rea total &hellip;<\/p>\n","protected":false},"author":3,"featured_media":3835,"comment_status":"closed","ping_status":"open","sticky":false,"template":"","format":"standard","meta":{"footnotes":""},"categories":[2],"tags":[],"class_list":["post-3832","post","type-post","status-publish","format-standard","has-post-thumbnail","hentry","category-relatorio-de-precos"],"_links":{"self":[{"href":"https:\/\/www.imovirtual.com\/noticias\/wp-json\/wp\/v2\/posts\/3832","targetHints":{"allow":["GET"]}}],"collection":[{"href":"https:\/\/www.imovirtual.com\/noticias\/wp-json\/wp\/v2\/posts"}],"about":[{"href":"https:\/\/www.imovirtual.com\/noticias\/wp-json\/wp\/v2\/types\/post"}],"author":[{"embeddable":true,"href":"https:\/\/www.imovirtual.com\/noticias\/wp-json\/wp\/v2\/users\/3"}],"replies":[{"embeddable":true,"href":"https:\/\/www.imovirtual.com\/noticias\/wp-json\/wp\/v2\/comments?post=3832"}],"version-history":[{"count":0,"href":"https:\/\/www.imovirtual.com\/noticias\/wp-json\/wp\/v2\/posts\/3832\/revisions"}],"wp:featuredmedia":[{"embeddable":true,"href":"https:\/\/www.imovirtual.com\/noticias\/wp-json\/wp\/v2\/media\/3835"}],"wp:attachment":[{"href":"https:\/\/www.imovirtual.com\/noticias\/wp-json\/wp\/v2\/media?parent=3832"}],"wp:term":[{"taxonomy":"category","embeddable":true,"href":"https:\/\/www.imovirtual.com\/noticias\/wp-json\/wp\/v2\/categories?post=3832"},{"taxonomy":"post_tag","embeddable":true,"href":"https:\/\/www.imovirtual.com\/noticias\/wp-json\/wp\/v2\/tags?post=3832"}],"curies":[{"name":"wp","href":"https:\/\/api.w.org\/{rel}","templated":true}]}}