{"id":3826,"date":"2020-04-28T00:00:00","date_gmt":"2020-04-28T00:00:00","guid":{"rendered":"https:\/\/www.imovirtual.com\/noticias2\/2020\/04\/28\/lisboa-santo-antonio-id193\/"},"modified":"2020-04-28T00:00:00","modified_gmt":"2020-04-28T00:00:00","slug":"lisboa-santo-antonio-id193","status":"publish","type":"post","link":"https:\/\/www.imovirtual.com\/noticias\/relatorio-de-precos\/lisboa-santo-antonio-id193\/","title":{"rendered":"Lisboa: Santo Ant\u00f3nio"},"content":{"rendered":"<p class=\"css-8qfla4\">\n<p class=\"css-m5h6m0 edperro0\">\n<h1><strong>Tudo sobre a freguesia de Santo Ant\u00f3nio em Lisboa<\/strong><\/h1>\n<p><a href=\"https:\/\/www.imovirtual.com\/comprar\/apartamento\/santo-antonio-lisboa\/?search%5Bregion_id%5D=11&amp;search%5Bsubregion_id%5D=153&amp;search%5Bcity_id%5D=11540546\" target=\"_blank\" rel=\"noopener\"><strong>Santo Ant\u00f3nio<\/strong><\/a>&nbsp;nasceu da agrega\u00e7\u00e3o de tr\u00eas freguesias lisboetas &#8211; S. Jos\u00e9, Cora\u00e7\u00e3o de Jesus e S\u00e3o Mamede &#8211; devido \u00e0 reorganiza\u00e7\u00e3o administrativa que ocorreu em setembro de 2013 na capital.<\/p>\n<p>Esta freguesia \u00e9 composta por cerca de 11.800 habitantes e engloba uma \u00e1rea total de 1,49 quil\u00f3metros quadrados.<\/p>\n<p>Embora a sua nomenclatura seja recente, \u00e9 uma zona repleta de diversidade cultural e hist\u00f3rica, albergando at\u00e9 alguns dos edif\u00edcios mais emblem\u00e1ticos da capital.<\/p>\n<p>&nbsp;<\/p>\n<h2><strong>Um bairro familiar no cora\u00e7\u00e3o de Lisboa<\/strong><\/h2>\n<p>\u00c0 junta de freguesia de Santo Ant\u00f3nio pertencem cerca de 5.700 fam\u00edlias e 6.600 habita\u00e7\u00f5es. De acordo com os Censos de 2011, 62% dessas fam\u00edlias s\u00e3o constitu\u00eddas por filhos e apenas 9% possuem algum membro em situa\u00e7\u00e3o de desemprego.<\/p>\n<p>Em compara\u00e7\u00e3o com os Censos de 2001, a freguesia sofreu uma perda de popula\u00e7\u00e3o, maioritariamente da faixa et\u00e1ria dos 15 aos 24 anos. Por\u00e9m, a&nbsp;<strong>maior parte da popula\u00e7\u00e3o<\/strong>&nbsp;continua a ter&nbsp;<strong>entre os 15 e os 64 anos<\/strong>.<\/p>\n<p>Embora demonstre alguma representatividade et\u00e1ria, esta zona apresenta uma popula\u00e7\u00e3o envelhecida, sendo que mais de&nbsp;<strong>20% das pessoas ultrapassa os 65 anos<\/strong>.<\/p>\n<p>Quanto \u00e0 forma\u00e7\u00e3o, a maioria dos habitantes desta freguesia apresenta um n\u00edvel de ensino elevado, sendo que&nbsp;<strong>38% conclu\u00edram o ensino superior<\/strong>&nbsp;e apenas 2% s\u00e3o analfabetos.<\/p>\n<p>&nbsp;<\/p>\n<h2><strong>A Hist\u00f3ria da Freguesia de Santo Ant\u00f3nio<\/strong><\/h2>\n<p>As primeiras freguesias da capital surgem no final do s\u00e9culo XII. Na \u00e9poca considerava-se uma freguesia um terreno que fosse delimitado e onde habitassem indiv\u00edduos seguindo o mesmo culto e tendo como ponto principal um templo ou uma igreja matriz.<\/p>\n<p>Assim, em 1247 nasce a freguesia de S\u00e3o Mamede, onde se encontram alguns dos locais mais hist\u00f3ricos da capital \u2013 como o Jardim Bot\u00e2nico de Lisboa e o Edif\u00edcio da Imprensa Nacional.<\/p>\n<p>Em 1567, com o aumento da popula\u00e7\u00e3o consequente do sucesso do com\u00e9rcio mar\u00edtimo, foram criadas novas par\u00f3quias, nomeadamente a freguesia de S. Jos\u00e9, e em 1755, devido \u00e0 reorganiza\u00e7\u00e3o da capital ap\u00f3s o terramoto, surge ent\u00e3o a freguesia Cora\u00e7\u00e3o de Jesus, abrangendo a zona do Marqu\u00eas do Pombal e da Avenida da Liberdade.<\/p>\n<p>Desde 2013 que estas tr\u00eas freguesias &#8211; S. Jos\u00e9, S. Mamede e Cora\u00e7\u00e3o de Jesus &#8211; formam apenas uma, a de Santo Ant\u00f3nio, com um nome que homenageia o santo casamenteiro de Lisboa.<\/p>\n<p>&nbsp;<\/p>\n<h2><strong>Patrim\u00f3nio hist\u00f3rico<\/strong><\/h2>\n<p>A freguesia de Santo Ant\u00f3nio apresenta um vasto patrim\u00f3nio hist\u00f3rico, albergando monumentos como o Aqueduto das <a href=\"https:\/\/www.imovirtual.com\/noticias\/imoblog\/aguas-livres-uma-freguesia-em-evolucao\" target=\"_blank\" rel=\"noopener\">\u00c1guas Livres<\/a>, constru\u00eddo durante o s\u00e9culo XVIII, e a Est\u00e1tua do Marqu\u00eas de Pombal, edificada em 1934.&nbsp;<\/p>\n<p>\u00c9 tamb\u00e9m uma zona fortemente conectada \u00e0 cultura e \u00e0s artes, apresentando v\u00e1rios teatros \u2013 como o Teatro Tivoli e o Teatro Maria Vit\u00f3ria \u2013 e ainda a Cinemateca Portuguesa, o organismo que salvaguarda e a divulga o patrim\u00f3nio cinematogr\u00e1fico nacional.<\/p>\n<p>Al\u00e9m de tudo isto, esta freguesia guarda marcas do ilustre artista Almada Negreiros que ali viveu durante o s\u00e9culo XVIII.&nbsp;&nbsp;<\/p>\n<p>No que diz respeito a monumentos religiosos, pode encontrar em Santo Ant\u00f3nio a Igreja do Convento de Santo Ant\u00f3nio dos Capuchos e a Igreja de S\u00e3o Jos\u00e9 dos Carpinteiros, ambas do s\u00e9culo XVI, e a mais recente (1924) a Igreja de S. Mamede.<\/p>\n<p>A Avenida da Liberdade \u00e9 uma das principais avenidas da cidade de lisboa, que liga a Pra\u00e7a dos Restauradores \u00e0 Pra\u00e7a do Marqu\u00eas de Pombal. &nbsp;Na noite de v\u00e9spera do feriado de Santo Ant\u00f3nio de Lisboa , a Avenida da Liberdade \u00e9 ainda o palco principal dos desfiles tradicionais das festas da cidade que se executam,&nbsp;em que os <a href=\"https:\/\/www.imovirtual.com\/noticias\/financas\/os-bairros-mais-familiares-de-lisboa-id154.html\" target=\"_blank\" rel=\"noopener\">bairros de Lisboa<\/a> competem entre si pela &#8220;melhor marcha popular&#8221;. &nbsp;\u00c9 tamb\u00e9m considerada a 35.\u00aa avenida mais cara do mundo, tornando-se refer\u00eancia para as classes mais abastadas pela variada de lojas e hot\u00e9is de luxo nela presentes.<\/p>\n<p>Descubra&nbsp;as melhores vistas que esta freguesia tem para oferecer atrav\u00e9s de&nbsp;<a href=\"https:\/\/www.secretcitytrails.com\/product\/lisbon-riddles-rooftops-10-stops\/?utm_source=imovirtual&amp;utm_medium=blog&amp;utm_campaign=rooftops\">jogos de trilhos e descobertas<\/a>.<br \/>&nbsp;<\/p>\n<h2><strong>Qualidade de vida: como \u00e9 viver em Santo Ant\u00f3nio?<\/strong><\/h2>\n<p>O Imovirtual desenvolveu recentemente um estudo sobre as freguesias de Portugal,&nbsp;<strong>\u201cIdeal Neighborhood\u201d.<\/strong>&nbsp;Esta pesquisa foi desenvolvida com a colabora\u00e7\u00e3o dos residentes das freguesias, que avaliaram de 0 a 5 v\u00e1rias categorias, como a seguran\u00e7a, a limpeza, o estacionamento, os espa\u00e7os de lazer e outros.<\/p>\n<p>Dentro do concelho de Lisboa, a freguesia de Santo Ant\u00f3nio apresenta a vig\u00e9sima melhor classifica\u00e7\u00e3o geral, com 4,00 pontos. As classes em que melhor se destacam s\u00e3o: a seguran\u00e7a, o acesso aos transportes p\u00fablicos e a diversidade de lojas e restaurantes. As categorias a que foram atribu\u00eddas pontua\u00e7\u00f5es mais baixas foram o acesso a estacionamento e o custo de vida.<\/p>\n<p>De acordo com o&nbsp;<a href=\"https:\/\/www.ine.pt\/xportal\/xmain?xpgid=ine_main&amp;xpid=INE&amp;xlang=pt\">Instituto Nacional de Estat\u00edstica<\/a>, Santo Ant\u00f3nio \u00e9 a freguesia de&nbsp;<strong>Lisboa mais cara para se viver<\/strong>, pagando-se uma m\u00e9dia de 14,10 euros por metro quadrado &#8211; isto equivale a uma renda de 1.400\u20ac por m\u00eas num apartamento de 100 metros.<\/p>\n<p>&nbsp;<\/p>\n<h3>Se est\u00e1 a pensar em&nbsp;<a href=\"https:\/\/www.imovirtual.com\/comprar\/apartamento\/santo-antonio-lisboa\/?search%5Bfilter_float_price%3Ato%5D=1000000&amp;search%5Bdescription%5D=1&amp;search%5Bregion_id%5D=11&amp;search%5Bsubregion_id%5D=153&amp;search%5Bcity_id%5D=11540546\">comprar<\/a>&nbsp;ou&nbsp;<a href=\"https:\/\/www.imovirtual.com\/arrendar\/apartamento\/santo-antonio-lisboa\/?search%5Bfilter_float_price%3Ato%5D=1000000&amp;search%5Bdescription%5D=1&amp;search%5Bregion_id%5D=11&amp;search%5Bsubregion_id%5D=153&amp;search%5Bcity_id%5D=11540546#form\">arrendar<\/a>&nbsp;casa em Santo Ant\u00f3nio, n\u00e3o se esque\u00e7a de consultar todas as ofertas dispon\u00edveis no&nbsp;<a href=\"https:\/\/www.imovirtual.com\/\">Imovirtual<\/a><\/h3>\n<\/p>\n<p class=\" block-img\"><img decoding=\"async\" src=\"https:\/\/www.imovirtual.com\/noticias\/wp-content\/uploads\/2022\/11\/3c23b667-0a08-4ca1-abcb-74566be5c538_Copia-de-Banners-Autores-2.png\" alt=\"Alexandre Lu\u00eds Autor Imovirtual\"><\/p>\n<h5><em>Tamb\u00e9m conhecido como &#8216;O Consultor&#8217;. Pode encontr\u00e1-lo a consultar o \u00faltimo estudo de mercado. N\u00e3o tem talento para vender, mas sabe tudo sobre Imobili\u00e1rio. Fala sobre quest\u00f5es relacionadas com o tema no Blog do Imovirtual.<\/em><\/h5>\n<\/p>\n<h4><strong>Leia tamb\u00e9m<\/strong><\/h4>\n<ul>\n<li>Lisboa: <a href=\"https:\/\/www.imovirtual.com\/noticias\/imoblog\/lisboa-santa-maria-maior-freguesia-de-tradicoes-id101.html\" target=\"_blank\" rel=\"noopener\"><strong>Santa Maria Maior <\/strong><\/a>uma freguesia de Tradi\u00e7\u00f5es<\/li>\n<li><a href=\"https:\/\/www.imovirtual.com\/noticias\/imobiliario\/casas-em-lisboa-comprar-moradia-ou-apartamento\" target=\"_blank\" rel=\"noopener\"><strong>Casas em Lisboa<\/strong><\/a> \u2013 Onde Comprar Moradia ou Apartamento?<\/li>\n<li>Lisboa: <a href=\"https:\/\/www.imovirtual.com\/noticias\/imoblog\/lisboa-alvalade-id89.html\" target=\"_blank\" rel=\"noopener\"><strong>Alvalade<\/strong><\/a><\/li>\n<\/ul>\n<\/p>\n<div class=\"css-h5fkc8\"><strong>Ultima actualiza\u00e7\u00e3o:<\/strong> 30 junho 2021<\/div>\n","protected":false},"excerpt":{"rendered":"<p>Tudo sobre a freguesia de Santo Ant\u00f3nio em Lisboa Santo Ant\u00f3nio&nbsp;nasceu da agrega\u00e7\u00e3o de tr\u00eas freguesias lisboetas &#8211; S. Jos\u00e9, Cora\u00e7\u00e3o de Jesus e S\u00e3o Mamede &#8211; devido \u00e0 reorganiza\u00e7\u00e3o administrativa que ocorreu em setembro de 2013 na capital. Esta freguesia \u00e9 composta por cerca de 11.800 habitantes e engloba uma \u00e1rea total de 1,49 &hellip;<\/p>\n","protected":false},"author":3,"featured_media":3830,"comment_status":"closed","ping_status":"open","sticky":false,"template":"","format":"standard","meta":{"footnotes":""},"categories":[2],"tags":[],"class_list":["post-3826","post","type-post","status-publish","format-standard","has-post-thumbnail","hentry","category-relatorio-de-precos"],"_links":{"self":[{"href":"https:\/\/www.imovirtual.com\/noticias\/wp-json\/wp\/v2\/posts\/3826","targetHints":{"allow":["GET"]}}],"collection":[{"href":"https:\/\/www.imovirtual.com\/noticias\/wp-json\/wp\/v2\/posts"}],"about":[{"href":"https:\/\/www.imovirtual.com\/noticias\/wp-json\/wp\/v2\/types\/post"}],"author":[{"embeddable":true,"href":"https:\/\/www.imovirtual.com\/noticias\/wp-json\/wp\/v2\/users\/3"}],"replies":[{"embeddable":true,"href":"https:\/\/www.imovirtual.com\/noticias\/wp-json\/wp\/v2\/comments?post=3826"}],"version-history":[{"count":0,"href":"https:\/\/www.imovirtual.com\/noticias\/wp-json\/wp\/v2\/posts\/3826\/revisions"}],"wp:featuredmedia":[{"embeddable":true,"href":"https:\/\/www.imovirtual.com\/noticias\/wp-json\/wp\/v2\/media\/3830"}],"wp:attachment":[{"href":"https:\/\/www.imovirtual.com\/noticias\/wp-json\/wp\/v2\/media?parent=3826"}],"wp:term":[{"taxonomy":"category","embeddable":true,"href":"https:\/\/www.imovirtual.com\/noticias\/wp-json\/wp\/v2\/categories?post=3826"},{"taxonomy":"post_tag","embeddable":true,"href":"https:\/\/www.imovirtual.com\/noticias\/wp-json\/wp\/v2\/tags?post=3826"}],"curies":[{"name":"wp","href":"https:\/\/api.w.org\/{rel}","templated":true}]}}