{"id":380,"date":"2022-06-01T00:00:00","date_gmt":"2022-06-01T00:00:00","guid":{"rendered":"https:\/\/www.imovirtual.com\/noticias2\/2022\/06\/01\/imosintese-noticias-010622\/"},"modified":"2022-06-01T00:00:00","modified_gmt":"2022-06-01T00:00:00","slug":"imosintese-noticias-010622","status":"publish","type":"post","link":"https:\/\/www.imovirtual.com\/noticias\/novidades\/imosintese-noticias-010622\/","title":{"rendered":"IMOS\u00cdNTESE &#8211; NOT\u00cdCIAS 01\/06"},"content":{"rendered":"<p class=\"css-8qfla4\">\n<p class=\"css-m5h6m0 edperro0\">\n<h2><strong>Em parceria com o Di\u00e1rio Imobili\u00e1rio, o Imovirtual apresenta diariamente um resumo notici\u00e1rio dos acontecimentos mais relevantes do dia. Fique a par das \u00faltimas novidades do Mercado Imobili\u00e1rio:<\/strong><\/h2>\n<\/p>\n<h1><strong>Grupo Garland com novo centro log\u00edstico num investimento de 30 milh\u00f5es<\/strong><\/h1>\n<p>Localizado junto ao n\u00f3 de Valadares entre a A44 e a A29, concelho de Vila Nova de Gaia, a nova unidade permitir\u00e1 alavancar o neg\u00f3cio da \u00e1rea log\u00edstica do Grupo Garland e&nbsp;ser\u00e1 um dos primeiros centros log\u00edsticos em Portugal com certifica\u00e7\u00e3o internacional BREEAM New Construction.<\/p>\n<h3><strong>Saiba mais <a href=\"https:\/\/www.diarioimobiliario.pt\/Actualidade\/Grupo-Garland-com-novo-centro-logistico-num-investimento-de-30-milhoes\" target=\"_blank\" rel=\"noopener\">aqui<\/a><\/strong><\/h3>\n<\/p>\n<h1><strong>Sto cria primeiro Isolamento T\u00e9rmico Exterior composto por mat\u00e9rias-primas renov\u00e1veis e regener\u00e1veis<\/strong><\/h1>\n<p>O novo sistema de Isolamento T\u00e9rmico Exterior da Sto \u00e9 composto por um isolamento de l\u00e3 de rocha, rebocos ecol\u00f3gicos e uma pintura de fachada bi\u00f3nica.<\/p>\n<h3><strong>Saiba mais <a href=\"https:\/\/www.diarioimobiliario.pt\/Actualidade\/Sustentabilidade\/Sto-cria-primeiro-Isolamento-Termico-Exterior-composto-por-materias-primas-renovaveis-e-regeneraveis\" target=\"_blank\" rel=\"noopener\">aqui<\/a><\/strong><\/h3>\n<\/p>\n<h1><strong>Startup ib\u00e9rica fundada por dois portugueses aposta na multim\u00e9dia para mediadores imobili\u00e1rios<\/strong><\/h1>\n<p>Com \u201cADN\u201d portugu\u00eas e tecnologia propriet\u00e1ria, a nova app reva oferece um novo conceito de opera\u00e7\u00e3o aos mediadores, ao dar acesso \u00e0 cria\u00e7\u00e3o e edi\u00e7\u00e3o de v\u00eddeo de forma simples, intuitiva e r\u00e1pida, com m\u00faltiplas possibilidades de personaliza\u00e7\u00e3o e de destaque. A&nbsp;reva permite ainda acesso a uma plataforma de partilha e monitoriza\u00e7\u00e3o de visualiza\u00e7\u00f5es.<\/p>\n<h3><strong>Saiba mais <a href=\"https:\/\/www.diarioimobiliario.pt\/Actualidade\/Startup-iberica-fundada-por-dois-portugueses-aposta-na-multimedia-para-mediadores-imobiliarios\" target=\"_blank\" rel=\"noopener\">aqui<\/a><\/strong><\/h3>\n<\/p>\n<h1><strong>Crescimento m\u00e9dio dos pre\u00e7os de im\u00f3veis prime dever\u00e1 atingir 4,3% em 2022<\/strong><\/h1>\n<p>\u00c0 medida que a humanidade aprende a viver com a Covid-19 e as economias recuperam, prev\u00ea-se que o crescimento no sector residencial continue. O aumento m\u00e9dio dos pre\u00e7os de im\u00f3veis&nbsp;prime&nbsp;dever\u00e1 atingir 4,3% em 2022, embora as perspectivas variem de cidade para cidade.<\/p>\n<h3><strong>Saiba mais <a href=\"https:\/\/www.diarioimobiliario.pt\/Actualidade\/Internacional\/Crescimento-medio-dos-precos-de-imoveis-prime-devera-atingir-4-3-em-2022\" target=\"_blank\" rel=\"noopener\">aqui<\/a><\/strong><\/h3>\n<\/p>\n<h1><strong>Museu do Tesouro Real de Lisboa abriu ao p\u00fablico<\/strong><\/h1>\n<p>O Museu do Tesouro Real, na ala poente do Pal\u00e1cio Nacional da Ajuda, abriu hoje ao p\u00fablico \u00e0s 10 horas da manh\u00e3. As joias da Coroa e as pe\u00e7as da ourivesaria real portuguesa passam a estar expostas, pela primeira vez em morada pr\u00f3pria e permanente. O novo equipamento cultural da capital portuguesa tem como des\u00edgnio projectar Lisboa como um destino cada vez mais atractivo para residentes e visitantes de todas as partes do mundo.<\/p>\n<h3><strong>Saiba mais <a href=\"https:\/\/www.diarioimobiliario.pt\/Actualidade\/Museu-do-Tesouro-Real-de-Lisboa-abriu-ao-publico\" target=\"_blank\" rel=\"noopener\">aqui<\/a><\/strong><\/h3>\n<\/p>\n<p><strong>Leia as anteriores Imos\u00edntese:<\/strong><\/p>\n<p><strong>\ud83d\udc49<a href=\"https:\/\/www.imovirtual.com\/noticias\/noticias\/imosintese-noticias-310522\" target=\"_blank\" rel=\"noopener\">IMOS\u00cdNTESE &#8211; NOT\u00cdCIAS 31\/05<\/a><\/strong><\/p>\n<p><strong>\ud83d\udc49<a href=\"https:\/\/www.imovirtual.com\/noticias\/noticias\/imosintese-noticias-3005\" target=\"_blank\" rel=\"noopener\">IMOS\u00cdNTESE &#8211; NOT\u00cdCIAS 30\/05<\/a><\/strong><\/p>\n<p><strong>\ud83d\udc49<a href=\"https:\/\/www.imovirtual.com\/noticias\/noticias\/imosintese-noticias-270522\" target=\"_blank\" rel=\"noopener\">IMOS\u00cdNTESE &#8211; NOT\u00cdCIAS 27\/05<\/a><\/strong><\/p>\n<\/p>\n<div class=\"css-h5fkc8\"><strong>Ultima actualiza\u00e7\u00e3o:<\/strong> 01 junho 2022<\/div>\n","protected":false},"excerpt":{"rendered":"<p>Em parceria com o Di\u00e1rio Imobili\u00e1rio, o Imovirtual apresenta diariamente um resumo notici\u00e1rio dos acontecimentos mais relevantes do dia. Fique a par das \u00faltimas novidades do Mercado Imobili\u00e1rio: Grupo Garland com novo centro log\u00edstico num investimento de 30 milh\u00f5es Localizado junto ao n\u00f3 de Valadares entre a A44 e a A29, concelho de Vila Nova &hellip;<\/p>\n","protected":false},"author":3,"featured_media":100,"comment_status":"closed","ping_status":"open","sticky":false,"template":"","format":"standard","meta":{"footnotes":""},"categories":[4],"tags":[],"class_list":["post-380","post","type-post","status-publish","format-standard","has-post-thumbnail","hentry","category-novidades"],"_links":{"self":[{"href":"https:\/\/www.imovirtual.com\/noticias\/wp-json\/wp\/v2\/posts\/380","targetHints":{"allow":["GET"]}}],"collection":[{"href":"https:\/\/www.imovirtual.com\/noticias\/wp-json\/wp\/v2\/posts"}],"about":[{"href":"https:\/\/www.imovirtual.com\/noticias\/wp-json\/wp\/v2\/types\/post"}],"author":[{"embeddable":true,"href":"https:\/\/www.imovirtual.com\/noticias\/wp-json\/wp\/v2\/users\/3"}],"replies":[{"embeddable":true,"href":"https:\/\/www.imovirtual.com\/noticias\/wp-json\/wp\/v2\/comments?post=380"}],"version-history":[{"count":0,"href":"https:\/\/www.imovirtual.com\/noticias\/wp-json\/wp\/v2\/posts\/380\/revisions"}],"wp:featuredmedia":[{"embeddable":true,"href":"https:\/\/www.imovirtual.com\/noticias\/wp-json\/wp\/v2\/media\/100"}],"wp:attachment":[{"href":"https:\/\/www.imovirtual.com\/noticias\/wp-json\/wp\/v2\/media?parent=380"}],"wp:term":[{"taxonomy":"category","embeddable":true,"href":"https:\/\/www.imovirtual.com\/noticias\/wp-json\/wp\/v2\/categories?post=380"},{"taxonomy":"post_tag","embeddable":true,"href":"https:\/\/www.imovirtual.com\/noticias\/wp-json\/wp\/v2\/tags?post=380"}],"curies":[{"name":"wp","href":"https:\/\/api.w.org\/{rel}","templated":true}]}}