{"id":3787,"date":"2021-06-29T00:00:00","date_gmt":"2021-06-29T00:00:00","guid":{"rendered":"https:\/\/www.imovirtual.com\/noticias2\/2021\/06\/29\/casas-em-fatima\/"},"modified":"2024-08-28T10:29:50","modified_gmt":"2024-08-28T10:29:50","slug":"casas-em-fatima","status":"publish","type":"post","link":"https:\/\/www.imovirtual.com\/noticias\/imobiliario\/casas-em-fatima\/","title":{"rendered":"F\u00e1tima: uma cidade al\u00e9m do turismo religioso"},"content":{"rendered":"<p class=\"css-8qfla4\">\n<p class=\"css-m5h6m0 edperro0\">\n<p>\u00c9 ineg\u00e1vel que muito do crescimento de F\u00e1tima esteja diretamente associado ao Santu\u00e1rio. Esta liga\u00e7\u00e3o \u00e0 religi\u00e3o remota a 1917, quando L\u00facia, Jacinta e Francisco vislumbraram a Virgem Maria onde agora se localiza a conhecida Capela das Apari\u00e7\u00f5es, um ponto de interesse para os crentes e turistas curiosos. \u00c9 por este motivo que, hoje em dia, centenas de peregrinos de todo o mundo rumam \u00e0 pequena freguesia do concelho de Our\u00e9m para participar nas celebra\u00e7\u00f5es do 13 de maio, o dia que assinala o acontecimento que mudou o destino e a hist\u00f3ria de F\u00e1tima. <\/p>\n<p>Desengane-se quem pensa que a cidade vive apenas do Turismo Religioso. Nos \u00faltimos anos assistimos a uma moderniza\u00e7\u00e3o e expans\u00e3o que tamb\u00e9m se reflete na oferta de im\u00f3veis. A apenas 20 minutos de Leiria, 40 da capital de distrito, Santar\u00e9m, e 1h20 de <a href=\"https:\/\/www.imovirtual.com\/comprar\/apartamento\/lisboa\/?search%5Bregion_id%5D=11\" target=\"_blank\" rel=\"noopener\">Lisboa<\/a>, F\u00e1tima oferece a calma e tranquilidade das cidades da Beira Interior, ao mesmo tempo que disponibiliza infra-estruturaras, com\u00e9rcio, servi\u00e7os e pontos de interesse tur\u00edstico e cultural para que possa viver em pleno. Fique a conhecer algumas das oportunidades de im\u00f3veis para comprar, dispon\u00edveis no <a href=\"https:\/\/www.imovirtual.com\/\" target=\"_blank\" rel=\"noopener\">Imovirtual<\/a>, na terra do Santu\u00e1rio religioso mais conhecido pa\u00eds. <\/p>\n<\/p>\n<h2><strong>PARA COMPRAR<\/strong><\/h2>\n<\/p>\n<h3>APARTAMENTOS<\/h3>\n<\/p>\n<h4><strong>Apartamento T1+1<\/strong><\/h4>\n<p class=\" block-img\"><img decoding=\"async\" src=\"https:\/\/www.imovirtual.com\/noticias\/wp-content\/uploads\/2022\/11\/c86fbb9c-7dea-4ed6-9e6f-9d8e8aaa57a7_t11-fatima-2.png\" alt=\"apartamento t1+1 f\u00e1tima\"><\/p>\n<p>Apartamento T1+1 novo composto por sala, cozinha, 2 quartos sendo um deles suite, escrit\u00f3rio, WC de servi\u00e7o, varanda, terra\u00e7o, parqueamento na cave para 1 carro e arrecada\u00e7\u00e3o. <\/p>\n<h4><strong>Apartamento T2<\/strong><\/h4>\n<p class=\" block-img\"><img decoding=\"async\" src=\"https:\/\/images.prismic.io\/imovirtual\/34da0161-3367-468d-9cf9-224702aa58e5_t2+f%C3%A1tima.png\" alt=\"apartamento t2 f\u00e1tima\"><\/p>\n<p>Apartamento novo, inserido no Condom\u00ednio F\u00e1tima Twins. O im\u00f3vel disp\u00f5e de: hall de entrada com arrumos e v\u00eddeo porteiro; sala e cozinha em open space com acesso a varanda; cozinha equipada com eletrodom\u00e9sticos da marca AEG (placa de indu\u00e7\u00e3o, forno, exaustor, micro-ondas, frigor\u00edfico, m\u00e1quina de lavar loi\u00e7a e m\u00e1quina de lavar e secar roupa); 1 quarto com roupeiro embutido; 1 suite com closet e casa de banho (com loi\u00e7as suspensas, duche e espelho); 1 casa de banho de servi\u00e7o (com loi\u00e7as suspensas, duche e espelho); parqueamento na cave (1 viatura) e dentro do condom\u00ednio (1 viatura); e arrecada\u00e7\u00e3o no \u00faltimo piso. J\u00e1 o condom\u00ednio est\u00e1 equipado com piscina; parque infantil; gin\u00e1sio; sala com churrasqueiras e casas de banho; e campo de t\u00e9nis.<\/p>\n<h4><strong>Apartamento T3<\/strong><\/h4>\n<p class=\" block-img\"><img decoding=\"async\" src=\"https:\/\/images.prismic.io\/imovirtual\/e11af18f-e23e-4473-a636-77a30aacaedb_t3+f%C3%A1tima.png\" alt=\"apartamento t3 f\u00e1tima\"><\/p>\n<p>Apartamento T3 com 130m2 em excelente estado de conserva\u00e7\u00e3o, localizado perto de todos o comercio e servi\u00e7os. Oferece uma suite, sala, cozinha , 4 amplas varandas e excelente exposi\u00e7\u00e3o solar. Disp\u00f5e ainda de ar condicionado, pr\u00e9 instala\u00e7\u00e3o de aquecimento central, vidros duplos, sala com recuperador de calor, churrasqueira na varanda da cozinha e parqueamento para duas viaturas.<\/p>\n<\/p>\n<h4><strong>Encontre aqui todos os <a href=\"https:\/\/www.imovirtual.com\/comprar\/apartamento\/fatima-ourem\/?search%5Bregion_id%5D=14&amp;search%5Bsubregion_id%5D=217&amp;search%5Bcity_id%5D=14701574&amp;page=2\">apartamentos para comprar em F\u00e1tima<\/a><\/strong><\/h4>\n<\/p>\n<h3>MORADIAS<\/h3>\n<\/p>\n<h4><strong>Moradia T3<\/strong><\/h4>\n<p class=\" block-img\"><img decoding=\"async\" src=\"https:\/\/images.prismic.io\/imovirtual\/1bdffed5-8917-4244-b106-5d911757dea7_moradia+v3.png\" alt=\"moradia t3 f\u00e1tima\"><\/p>\n<p>Moradia T3 de arquitetura tradicional composta por 3 pisos. O piso inferior, destinado a garagem e arrumos, com port\u00f5es autom\u00e1ticos e porta de acesso pedonal, permite alojar 4 viaturas ou mais. Ainda no mesmo piso, tem uma sala de conv\u00edvio com uma cozinha totalmente equipada, uma sala destinada a garrafeira e um WC. No piso t\u00e9rreo, o hall de entrada que se une \u00e0 sala de jantar, estar e cozinha, num conceito &#8220;open space&#8221; e lavandaria com bastante arruma\u00e7\u00e3o. A cozinha tem acesso a um grande terra\u00e7o e no mesmo piso temos os 3 quartos, todos suite, com \u00e1reas generosas e grandes roupeiros. No piso superior, uma ampla sala com 85 m2, um wc completo e duas varandas. A moradia tem aquecimento central com caldeira a gas\u00f3leo e recuperador de calor. As janelas s\u00e3o em PVC com vidro duplo e oscilobatente, estores autom\u00e1ticos, pain\u00e9is solares, cilindro el\u00e9trico, musica ambiente, v\u00eddeo porteiro etc.<\/p>\n<\/p>\n<h4><strong>Moradia T4<\/strong><\/h4>\n<p class=\" block-img\"><img decoding=\"async\" src=\"https:\/\/images.prismic.io\/imovirtual\/6c4c9133-ea17-4153-9c9e-6c47a8fb6ce8_moradia+v4.png\" alt=\"moradia t4 f\u00e1tima\"><\/p>\n<p>Moradia T4, localizada em F\u00e1tima. Composta por dois pisos, garagem, piscina, terra\u00e7o e jardim. Com quatro quartos sendo dois deles suite, uma no piso t\u00e9rreo. Acabamentos contempor\u00e2neos e cozinha equipada.<\/p>\n<h4><strong>Moradia T5<\/strong><\/h4>\n<p class=\" block-img\"><img decoding=\"async\" src=\"https:\/\/images.prismic.io\/imovirtual\/871ea0e6-833d-41ad-805e-9a44963cf8cb_moradia+v5.png\" alt=\"moradia t5 f\u00e1tima\"><\/p>\n<p>Moradia T5 localizada numa zona nobre muito calma e a 5 minutos do Santu\u00e1rio de F\u00e1tima a 2 minutos da A1 , mas perto de escolas, supermercados, transportes p\u00fablicos, centro de sa\u00fade e servi\u00e7os diversos. Distribui\u00e7\u00e3o da \u00e1rea do im\u00f3vel: No R\/C, hall de entrada, corredor, cozinha, sala de jantar, sala, 3 quartos ( 2 suites ) com roupeiros, 3 casas de banho, varanda. No 1\u00ba Andar, corredor, 2 quartos com roupeiros e varandas . 1 casa de banho. Na cave, garagem para diversos carros, cozinha equipada com lareira, garrafeira, lavandaria. Com aquecimento central a g\u00e1s natural, pain\u00e9is solares, vidros duplos. Toda a moradia se encontra murada e com gradeamento com excelente exposi\u00e7\u00e3o solar.<\/p>\n<\/p>\n<h4><strong>Encontre aqui todas as <a href=\"https:\/\/www.imovirtual.com\/comprar\/moradia\/fatima-ourem\/?search%5Bregion_id%5D=14&amp;search%5Bsubregion_id%5D=217&amp;search%5Bcity_id%5D=14701574\" target=\"_blank\" rel=\"noopener\">moradias para comprar em F\u00e1tima<\/a><\/strong><\/h4>\n<h2><\/h2>\n<\/p>\n<p class=\" block-img\"><img decoding=\"async\" src=\"https:\/\/www.imovirtual.com\/noticias\/wp-content\/uploads\/2022\/11\/3c23b667-0a08-4ca1-abcb-74566be5c538_Copia-de-Banners-Autores-2.png\" alt=\"Alexandre Lu\u00eds Autor Imovirtual\"><\/p>\n<h5><em>Tamb\u00e9m conhecido como &#8216;O Consultor&#8217;. Pode encontr\u00e1-lo a consultar o \u00faltimo estudo de mercado. N\u00e3o tem talento para vender, mas sabe tudo sobre Imobili\u00e1rio. Fala sobre quest\u00f5es relacionadas com o tema no Blog do Imovirtual.<\/em><\/h5>\n<\/p>\n<h4><strong>Leia tamb\u00e9m<\/strong><\/h4>\n<ul>\n<li>Novos empreendimentos em <a href=\"https:\/\/www.imovirtual.com\/noticias\/imobiliario\/empreendimentos-avenidas-novas\" target=\"_blank\" rel=\"noopener\"><strong>Avenidas Novas<\/strong><\/a><\/li>\n<li>Casas com piscina para arrendar no <a href=\"https:\/\/www.imovirtual.com\/noticias\/imobiliario\/casas-com-piscina-para-alugar-no-porto\" target=\"_blank\" rel=\"noopener\"><strong>Porto<\/strong><\/a><\/li>\n<li>Mude de Casa, Mude de Vida: <a href=\"https:\/\/www.imovirtual.com\/noticias\/imobiliario\/mude-de-casa-mude-de-vida-vila-real\" target=\"_blank\" rel=\"noopener\"><strong>Vila Real<\/strong><\/a><\/li>\n<\/ul>\n<\/p>\n<div class=\"css-h5fkc8\"><strong>Ultima actualiza\u00e7\u00e3o:<\/strong> 29 junho 2021<\/div>\n","protected":false},"excerpt":{"rendered":"<p>\u00c9 ineg\u00e1vel que muito do crescimento de F\u00e1tima esteja diretamente associado ao Santu\u00e1rio. Esta liga\u00e7\u00e3o \u00e0 religi\u00e3o remota a 1917, quando L\u00facia, Jacinta e Francisco vislumbraram a Virgem Maria onde agora se localiza a conhecida Capela das Apari\u00e7\u00f5es, um ponto de interesse para os crentes e turistas curiosos. \u00c9 por este motivo que, hoje em &hellip;<\/p>\n","protected":false},"author":3,"featured_media":3790,"comment_status":"closed","ping_status":"open","sticky":false,"template":"","format":"standard","meta":{"footnotes":""},"categories":[37,5],"tags":[],"class_list":["post-3787","post","type-post","status-publish","format-standard","has-post-thumbnail","hentry","category-financas-e-imobiliario","category-imobiliario"],"_links":{"self":[{"href":"https:\/\/www.imovirtual.com\/noticias\/wp-json\/wp\/v2\/posts\/3787","targetHints":{"allow":["GET"]}}],"collection":[{"href":"https:\/\/www.imovirtual.com\/noticias\/wp-json\/wp\/v2\/posts"}],"about":[{"href":"https:\/\/www.imovirtual.com\/noticias\/wp-json\/wp\/v2\/types\/post"}],"author":[{"embeddable":true,"href":"https:\/\/www.imovirtual.com\/noticias\/wp-json\/wp\/v2\/users\/3"}],"replies":[{"embeddable":true,"href":"https:\/\/www.imovirtual.com\/noticias\/wp-json\/wp\/v2\/comments?post=3787"}],"version-history":[{"count":0,"href":"https:\/\/www.imovirtual.com\/noticias\/wp-json\/wp\/v2\/posts\/3787\/revisions"}],"wp:featuredmedia":[{"embeddable":true,"href":"https:\/\/www.imovirtual.com\/noticias\/wp-json\/wp\/v2\/media\/3790"}],"wp:attachment":[{"href":"https:\/\/www.imovirtual.com\/noticias\/wp-json\/wp\/v2\/media?parent=3787"}],"wp:term":[{"taxonomy":"category","embeddable":true,"href":"https:\/\/www.imovirtual.com\/noticias\/wp-json\/wp\/v2\/categories?post=3787"},{"taxonomy":"post_tag","embeddable":true,"href":"https:\/\/www.imovirtual.com\/noticias\/wp-json\/wp\/v2\/tags?post=3787"}],"curies":[{"name":"wp","href":"https:\/\/api.w.org\/{rel}","templated":true}]}}