{"id":376,"date":"2022-05-30T00:00:00","date_gmt":"2022-05-30T00:00:00","guid":{"rendered":"https:\/\/www.imovirtual.com\/noticias2\/2022\/05\/30\/preco-imoveis-comerciais-2021\/"},"modified":"2024-08-28T10:28:59","modified_gmt":"2024-08-28T10:28:59","slug":"preco-imoveis-comerciais-2021","status":"publish","type":"post","link":"https:\/\/www.imovirtual.com\/noticias\/imobiliario\/preco-imoveis-comerciais-2021\/","title":{"rendered":"Pre\u00e7o dos im\u00f3veis comerciais aumentou 5,1% em 2021"},"content":{"rendered":"<p class=\"css-8qfla4\">\n<p class=\"css-m5h6m0 edperro0\">\n<h1><strong>Pre\u00e7o dos im\u00f3veis comerciais aumentou 5,1% em 2021<\/strong><\/h1>\n<p>Os \u00faltimos dados do <strong><a href=\"https:\/\/www.ine.pt\/xportal\/xmain?xpid=INE&amp;xpgid=ine_destaques&amp;DESTAQUESdest_boui=539722026&amp;DESTAQUESmodo=2\" target=\"_blank\" rel=\"noopener\">Instituto Nacional de Estat\u00edstica<\/a> (INE)<\/strong> revelam que o pre\u00e7o das propriedades comerciais subiu 5,1% no ano passado, o maior aumento desde 2010. Esta subida <strong>acompanha a tend\u00eancia de aumento dos pre\u00e7os nas habita\u00e7\u00f5es<\/strong>, mas de forma menos acentuada, j\u00e1 que o mercado dos im\u00f3veis de habita\u00e7\u00e3o registou um aumento de 9,4%.<\/p>\n<p>Segundo do INE, em 2021, a <strong>taxa de crescimento entre os valores os im\u00f3veis comerciais e de habita\u00e7\u00e3o<\/strong> registou &#8220;o menor diferencial desde 2015, 4,3 pontos percentuais, menos 1,7 pontos percentuais face a 2020.<\/p>\n<p>A an\u00e1lise revelou que a subida dos pre\u00e7os dos im\u00f3veis comerciais vendidos no ano passado traduz um<strong> acr\u00e9scimo de 2,3 pontos percentuais face aos valores transacionados em 2020<\/strong>. O Instituto Nacional de Estat\u00edstica refere ainda que estes n\u00fameros vem quebrar &#8220;um per\u00edodo de dois anos consecutivos de desacelera\u00e7\u00e3o dos pre\u00e7os&#8221; deste tipo de propriedades.<\/p>\n<p>De referir que os c\u00e1lculos do INE para as propriedades comerciais vendidas t\u00eam como base a informa\u00e7\u00e3o enviada mensalmente pela <a href=\"https:\/\/www.portaldasfinancas.gov.pt\/at\/html\/index.html\" target=\"_blank\" rel=\"noopener\">Autoridade Tribut\u00e1ria<\/a> sobre o <strong><a href=\"https:\/\/www.imovirtual.com\/noticias\/financas\/imoexplica-impostos-imi-imt-is-comprar-casa\" target=\"_blank\" rel=\"noopener\">Imposto Municipal sobre as Transmiss\u00f5es Onerosas de Im\u00f3veis<\/a> (IMT)<\/strong> e sobre o imposto municipal sobre im\u00f3veis (IMI).<\/p>\n<\/p>\n<p class=\" block-img\"><img decoding=\"async\" src=\"https:\/\/www.imovirtual.com\/noticias\/wp-content\/uploads\/2022\/11\/3c23b667-0a08-4ca1-abcb-74566be5c538_Copia-de-Banners-Autores-2.png\" alt=\"Alexandre Lu\u00eds Autor Imovirtual\"><\/p>\n<h5><em>Tamb\u00e9m conhecido como &#8216;O Consultor&#8217;. Pode encontr\u00e1-lo a consultar o \u00faltimo estudo de mercado. N\u00e3o tem talento para vender, mas sabe tudo sobre Imobili\u00e1rio. Fala sobre quest\u00f5es relacionadas com o tema no Blog do Imovirtual.<\/em><\/h5>\n<\/p>\n<h4><strong>Leia tamb\u00e9m<\/strong><\/h4>\n<ul>\n<li><a href=\"https:\/\/www.imovirtual.com\/noticias\/noticias\/preco-casas-lisboa-ine\" target=\"_blank\" rel=\"noopener\"><strong>INE<\/strong><\/a>: Pre\u00e7o das casas aceleram significativamente em Lisboa<\/li>\n<li><a href=\"https:\/\/www.imovirtual.com\/noticias\/noticias\/preco-das-casas-2021\" target=\"_blank\" rel=\"noopener\"><strong>Pre\u00e7o das casas<\/strong><\/a>&nbsp;sobe 11,7% em Lisboa e 10,3% no Porto<\/li>\n<li><a href=\"https:\/\/www.imovirtual.com\/noticias\/noticias\/porto-quarteirao-carlos-alberto\" target=\"_blank\" rel=\"noopener\"><strong>C\u00e2mara do Porto<\/strong><\/a> abre concurso para reabilita\u00e7\u00e3o de edif\u00edcio no Quarteir\u00e3o de Carlos Alberto<\/li>\n<\/ul>\n<\/p>\n<div class=\"css-h5fkc8\"><strong>Ultima actualiza\u00e7\u00e3o:<\/strong> 30 maio 2022<\/div>\n","protected":false},"excerpt":{"rendered":"<p>Pre\u00e7o dos im\u00f3veis comerciais aumentou 5,1% em 2021 Os \u00faltimos dados do Instituto Nacional de Estat\u00edstica (INE) revelam que o pre\u00e7o das propriedades comerciais subiu 5,1% no ano passado, o maior aumento desde 2010. Esta subida acompanha a tend\u00eancia de aumento dos pre\u00e7os nas habita\u00e7\u00f5es, mas de forma menos acentuada, j\u00e1 que o mercado dos &hellip;<\/p>\n","protected":false},"author":3,"featured_media":377,"comment_status":"closed","ping_status":"open","sticky":false,"template":"","format":"standard","meta":{"footnotes":""},"categories":[37,5],"tags":[],"class_list":["post-376","post","type-post","status-publish","format-standard","has-post-thumbnail","hentry","category-financas-e-imobiliario","category-imobiliario"],"_links":{"self":[{"href":"https:\/\/www.imovirtual.com\/noticias\/wp-json\/wp\/v2\/posts\/376","targetHints":{"allow":["GET"]}}],"collection":[{"href":"https:\/\/www.imovirtual.com\/noticias\/wp-json\/wp\/v2\/posts"}],"about":[{"href":"https:\/\/www.imovirtual.com\/noticias\/wp-json\/wp\/v2\/types\/post"}],"author":[{"embeddable":true,"href":"https:\/\/www.imovirtual.com\/noticias\/wp-json\/wp\/v2\/users\/3"}],"replies":[{"embeddable":true,"href":"https:\/\/www.imovirtual.com\/noticias\/wp-json\/wp\/v2\/comments?post=376"}],"version-history":[{"count":0,"href":"https:\/\/www.imovirtual.com\/noticias\/wp-json\/wp\/v2\/posts\/376\/revisions"}],"wp:featuredmedia":[{"embeddable":true,"href":"https:\/\/www.imovirtual.com\/noticias\/wp-json\/wp\/v2\/media\/377"}],"wp:attachment":[{"href":"https:\/\/www.imovirtual.com\/noticias\/wp-json\/wp\/v2\/media?parent=376"}],"wp:term":[{"taxonomy":"category","embeddable":true,"href":"https:\/\/www.imovirtual.com\/noticias\/wp-json\/wp\/v2\/categories?post=376"},{"taxonomy":"post_tag","embeddable":true,"href":"https:\/\/www.imovirtual.com\/noticias\/wp-json\/wp\/v2\/tags?post=376"}],"curies":[{"name":"wp","href":"https:\/\/api.w.org\/{rel}","templated":true}]}}