{"id":369,"date":"2022-05-30T00:00:00","date_gmt":"2022-05-30T00:00:00","guid":{"rendered":"https:\/\/www.imovirtual.com\/noticias2\/2022\/05\/30\/mercado-imobiliario-em-numeros-barometro-mensal-de-maio22\/"},"modified":"2022-05-30T00:00:00","modified_gmt":"2022-05-30T00:00:00","slug":"mercado-imobiliario-em-numeros-barometro-mensal-de-maio22","status":"publish","type":"post","link":"https:\/\/www.imovirtual.com\/noticias\/relatorio-de-precos\/mercado-imobiliario-em-numeros-barometro-mensal-de-maio22\/","title":{"rendered":"Mercado Imobili\u00e1rio em N\u00fameros: Bar\u00f3metro Mensal de Maio"},"content":{"rendered":"<p class=\"css-8qfla4\">\n<p class=\"css-m5h6m0 edperro0\">\n<h1><strong>Varia\u00e7\u00e3o Mensal: Maio 2022 vs Abril 2022<\/strong><\/h1>\n<h3><strong>Venda | Apartamentos e Moradias<\/strong><\/h3>\n<p>O pre\u00e7o m\u00e9dio dos im\u00f3veis anunciados no Imovirtual para venda em Portugal foi de 395.984\u20ac em Maio de 2022. Assistimos assim a uma estabiliza\u00e7\u00e3o de 1,2% face ao m\u00eas anterior que registou um pre\u00e7o m\u00e9dio de 391.465\u20ac.<\/p>\n<p>No m\u00eas de Maio, o distrito que se destaca com o maior aumento de varia\u00e7\u00e3o percentual de pre\u00e7o face ao m\u00eas de Abril foi <strong>Regi\u00e3o Aut\u00f3noma da Madeira <\/strong>com um crescimento de 4,8% e 23% em compara\u00e7\u00e3o com Maio de 2021.<\/p>\n<p>Em segundo lugar temos <strong>Faro <\/strong>com uma varia\u00e7\u00e3o percentual de pre\u00e7o face ao m\u00eas anterior de 2,6%. <strong>Santar\u00e9m<\/strong>, <strong>Set\u00fabal<\/strong> e <strong>Leiria <\/strong>apresentaram uma varia\u00e7\u00e3o percentual de 2,5%, 2,44% e 2,43% respectivamente.<\/p>\n<p>O distrito com a maior queda na varia\u00e7\u00e3o percentual do pre\u00e7o face ao m\u00eas anterior \u00e9 <strong>Bragan\u00e7a <\/strong>com -11,3%, passando de 218.808\u20ac para 194.076\u20ac e <strong>Beja <\/strong>com -4% em compara\u00e7\u00e3o com Abril de 2022.<\/p>\n<p class=\" block-img\"><img decoding=\"async\" src=\"https:\/\/www.imovirtual.com\/noticias\/wp-content\/uploads\/2022\/11\/a6ac35ce-7703-4487-b747-31e77be6bb0a_Artboard-1.png\" alt=\"imovirtual\"><\/p>\n<p class=\" block-img\"><img decoding=\"async\" src=\"https:\/\/www.imovirtual.com\/noticias\/wp-content\/uploads\/2022\/11\/14c17201-bb86-4f6a-8a75-c5cc65d0a557_Artboard-19.png\" alt=\"imovirtual\"><\/p>\n<p class=\" block-img\"><img decoding=\"async\" src=\"https:\/\/www.imovirtual.com\/noticias\/wp-content\/uploads\/2022\/11\/45c17d4f-e26d-48e3-93b0-3f789e7ad0a1_Artboard-1-copy-2.png\" alt=\"imovirtual\"><\/p>\n<h3><strong>Arrendamento | Apartamentos e Moradias<\/strong><\/h3>\n<p>Em Portugal, o pre\u00e7o m\u00e9dio dos im\u00f3veis anunciados no Imovirtual no segmento de arrendamento manteve-se est\u00e1vel, com um aumento de 6,9%, passando de 1.274\u20ac em Abril para 1.362\u20ac em Maio.<\/p>\n<p><strong>Santar\u00e9m <\/strong>\u00e9 o distrito que teve o maior crescimento percentual de 23,4%, comparativamente a Abril, passando de 658\u20ac para 812\u20ac. <br \/><strong>Beja <\/strong>destaca-se tamb\u00e9m por um crescimento percentual de 20%, passando de 500\u20ac em Abril para 600\u20ac em Maio, assim como <strong>Faro <\/strong>com 15,4%, passando 1.241\u20ac para 1.432\u20ac.<\/p>\n<p>Contrariamente, <strong>\u00c9vora<\/strong> e <strong>Guarda <\/strong>apresentam uma queda percentual do pre\u00e7o m\u00e9dio dos im\u00f3veis de -13,9% e -8,3% respetivamente.<\/p>\n<p class=\" block-img\"><img decoding=\"async\" src=\"https:\/\/www.imovirtual.com\/noticias\/wp-content\/uploads\/2022\/11\/71c95cdd-a521-4adf-9cec-27fe0a39f89d_Artboard-1-copy-3.png\" alt=\"imovirtual\"><\/p>\n<p class=\" block-img\"><img decoding=\"async\" src=\"https:\/\/www.imovirtual.com\/noticias\/wp-content\/uploads\/2022\/11\/9d1e8b3e-c096-4d99-980d-caabebb86c7a_Artboard-1-copy-4.png\" alt=\"imovirtual\"><\/p>\n<p class=\" block-img\"><img decoding=\"async\" src=\"https:\/\/www.imovirtual.com\/noticias\/wp-content\/uploads\/2022\/11\/34b89a6d-47da-45f4-84c0-8c03a048526e_Artboard-1-copy-6.png\" alt=\"imovirtual\"><\/p>\n<h2><strong>Varia\u00e7\u00e3o Anual: Maio 2022 vs Maio 2021<\/strong><\/h2>\n<p>Para uma melhor an\u00e1lise da evolu\u00e7\u00e3o dos pre\u00e7os m\u00e9dios \u00e9 importante comparar tamb\u00e9m dois per\u00edodos hom\u00f3logos em anos seguidos com uma realidade social bastante distinta para compreender o impacto sentido.<\/p>\n<h3><strong>Venda | Apartamentos e Moradias<\/strong><\/h3>\n<p>Comparando os pre\u00e7os m\u00e9dios dos an\u00fancios dos im\u00f3veis no Imovirtual do m\u00eas de Maio de 2022 com igual per\u00edodo do ano anterior verifica-se um crescimento de 8%, passando de 367.201\u20ac para 395.984\u20ac.&nbsp;<\/p>\n<p>O distrito que registou a maior varia\u00e7\u00e3o percentual foi <strong>Set\u00fabal <\/strong>(23,8%), passando o pre\u00e7o m\u00e9dio de 290.235\u20ac no per\u00edodo hom\u00f3logo do ano anterior para 359.233\u20ac em Maio de 2022.<\/p>\n<p><strong>Regi\u00e3o Aut\u00f3noma da Madeira <\/strong>registou uma varia\u00e7\u00e3o percentual de 23%, passando de 349.926\u20ac para 430.419\u20ac.<\/p>\n<p><strong>Bragan\u00e7a<\/strong> \u00e9 o distrito com a maior quebra percentual no per\u00edodo considerado com -10,8% (de 217.465\u20ac em 2021 para 194.076\u20ac em 2022).<\/p>\n<p class=\" block-img\"><img decoding=\"async\" src=\"https:\/\/www.imovirtual.com\/noticias\/wp-content\/uploads\/2022\/11\/972526e3-c388-4130-8348-cbce310e8d9c_Artboard-8.png\" alt=\"imovirtual\"><\/p>\n<h3><strong>Arrendamento | Apartamentos e Moradias<\/strong><\/h3>\n<p>No segmento de arrendamento verificamos um crescimento acentuado de 33,9%, comparando os pre\u00e7os m\u00e9dios anunciados do m\u00eas de Maio de 2022 (1.362\u20ac) com igual per\u00edodo do ano anterior (1.017\u20ac).<\/p>\n<p><strong>Faro <\/strong>registou o maior aumento percentual de 73,4% no pre\u00e7o m\u00e9dio anunciado, passando a renda m\u00e9dia mensal de 826\u20ac para 1.432\u20ac em Maio de 2022. <strong>Viseu<\/strong> apresenta tamb\u00e9m um aumento percentual de 64,7% (de 484\u20ac para 797\u20ac) e <strong>Bragan\u00e7a<\/strong> de 63,9% (de 366\u20ac para 600\u20ac).&nbsp;<\/p>\n<p>O distrito que registou a maior quebra percentual foi <strong>Portalegre <\/strong>com -7,6% (de 382\u20ac para 353\u20ac).<\/p>\n<p class=\" block-img\"><img decoding=\"async\" src=\"https:\/\/www.imovirtual.com\/noticias\/wp-content\/uploads\/2022\/11\/5b4524d0-7060-4594-8be4-8a7faf099d1d_Artboard-8-copy.png\" alt=\"imovirtual\"><\/p>\n<\/p>\n<div class=\"css-h5fkc8\"><strong>Ultima actualiza\u00e7\u00e3o:<\/strong> 30 maio 2022<\/div>\n","protected":false},"excerpt":{"rendered":"<p>Varia\u00e7\u00e3o Mensal: Maio 2022 vs Abril 2022 Venda | Apartamentos e Moradias O pre\u00e7o m\u00e9dio dos im\u00f3veis anunciados no Imovirtual para venda em Portugal foi de 395.984\u20ac em Maio de 2022. Assistimos assim a uma estabiliza\u00e7\u00e3o de 1,2% face ao m\u00eas anterior que registou um pre\u00e7o m\u00e9dio de 391.465\u20ac. No m\u00eas de Maio, o distrito &hellip;<\/p>\n","protected":false},"author":3,"featured_media":370,"comment_status":"closed","ping_status":"open","sticky":false,"template":"","format":"standard","meta":{"footnotes":""},"categories":[2],"tags":[],"class_list":["post-369","post","type-post","status-publish","format-standard","has-post-thumbnail","hentry","category-relatorio-de-precos"],"_links":{"self":[{"href":"https:\/\/www.imovirtual.com\/noticias\/wp-json\/wp\/v2\/posts\/369","targetHints":{"allow":["GET"]}}],"collection":[{"href":"https:\/\/www.imovirtual.com\/noticias\/wp-json\/wp\/v2\/posts"}],"about":[{"href":"https:\/\/www.imovirtual.com\/noticias\/wp-json\/wp\/v2\/types\/post"}],"author":[{"embeddable":true,"href":"https:\/\/www.imovirtual.com\/noticias\/wp-json\/wp\/v2\/users\/3"}],"replies":[{"embeddable":true,"href":"https:\/\/www.imovirtual.com\/noticias\/wp-json\/wp\/v2\/comments?post=369"}],"version-history":[{"count":0,"href":"https:\/\/www.imovirtual.com\/noticias\/wp-json\/wp\/v2\/posts\/369\/revisions"}],"wp:featuredmedia":[{"embeddable":true,"href":"https:\/\/www.imovirtual.com\/noticias\/wp-json\/wp\/v2\/media\/370"}],"wp:attachment":[{"href":"https:\/\/www.imovirtual.com\/noticias\/wp-json\/wp\/v2\/media?parent=369"}],"wp:term":[{"taxonomy":"category","embeddable":true,"href":"https:\/\/www.imovirtual.com\/noticias\/wp-json\/wp\/v2\/categories?post=369"},{"taxonomy":"post_tag","embeddable":true,"href":"https:\/\/www.imovirtual.com\/noticias\/wp-json\/wp\/v2\/tags?post=369"}],"curies":[{"name":"wp","href":"https:\/\/api.w.org\/{rel}","templated":true}]}}