{"id":3674,"date":"2021-03-14T00:00:00","date_gmt":"2021-03-14T00:00:00","guid":{"rendered":"https:\/\/www.imovirtual.com\/noticias2\/2021\/03\/14\/mude-de-casa-mude-de-vida-coimbra\/"},"modified":"2024-08-28T10:30:05","modified_gmt":"2024-08-28T10:30:05","slug":"mude-de-casa-mude-de-vida-coimbra","status":"publish","type":"post","link":"https:\/\/www.imovirtual.com\/noticias\/imobiliario\/mude-de-casa-mude-de-vida-coimbra\/","title":{"rendered":"Mude de Casa, Mude de Vida: Coimbra"},"content":{"rendered":"<p class=\"css-8qfla4\">\n<p class=\"css-m5h6m0 edperro0\">\n<h1><strong>Casas em Coimbra<\/strong><\/h1>\n<p>Mudar de casa \u00e9 um processo moroso, cansativo e complexo. Da procura \u00e0 conclus\u00e3o do processo, s\u00e3o muitas as <a href=\"https:\/\/www.imovirtual.com\/en\/noticias\/imobiliario\/esta-a-vender-casa-prepare-a-sua-mudanca-id67.html\" target=\"_blank\" rel=\"noopener\">fases pelas quais ter\u00e1 de passar<\/a>. O Mercado Imobili\u00e1rio tem imensas op\u00e7\u00f5es de fant\u00e1sticos im\u00f3veis e por isso queremos facilitar a sua vida na hora da escolha. Na rubrica <strong><em><a href=\"https:\/\/www.imovirtual.com\/noticias\/imobiliario\/mude-de-casa-mude-de-vida-castelo-branco\" target=\"_blank\" rel=\"noopener\">Mude<\/a> de Casa, Mude de Vida<\/em><\/strong>, iremos sugerir oportunidades de casas para comprar e para arrendar numa determinada cidade, ao mesmo tempo que lhe damos a conhecer os empreendimentos que por l\u00e1 est\u00e3o a surgir.<\/p>\n<p>Esta semana, viajamos at\u00e9 Coimbra, cidade dos estudantes. Bem servida a n\u00edvel de servi\u00e7os, com\u00e9rcio, atra\u00e7\u00f5es culturais, escolas, hospitais e universidades \u2013 n\u00e3o fosse esta a casa da Universidade mais antiga do pa\u00eds \u2013 Coimbra \u00e9 um \u00f3timo lugar para viver e para criar boas mem\u00f3rias. Por isso, se est\u00e1 a pensar em mudar-se para a terra dos estudantes, em investir num im\u00f3vel na cidade ou simplesmente procura uma alternativa \u00e0 sua atual habita\u00e7\u00e3o, estas sugest\u00f5es de oportunidades s\u00e3o para si. <\/p>\n<\/p>\n<h3><strong>Para comprar<\/strong><\/h3>\n<\/p>\n<h4><strong><a href=\"https:\/\/www.imovirtual.com\/pt\/anuncio\/estudio-para-investimento-ao-parque-verde-vista-rio-universidade-ID157UF.html#58e7951ae3\" target=\"_blank\" rel=\"noopener\">Est\u00fadio<\/a> para investimento com vistas para o Parque Verde<\/strong><\/h4>\n<p class=\" block-img\"><img decoding=\"async\" src=\"https:\/\/www.imovirtual.com\/noticias\/wp-content\/uploads\/2022\/11\/2de71776-9f6d-4902-8dfe-6ad8c39fd1b2_Copia-de-Sem-nome-3.png\" alt=\"Est\u00fadio para investimento com vistas para o Parque Verde\"><\/p>\n<p>Est\u00fadio totalmente equipado, pronto a explorar, com bastante luminosidade. Vistas sobre o Parque Verde \/ Parque da Cidade e Universidade, em zona tranquila atualmente com forte dinamismo habitacional e de servi\u00e7os. Kitchenette equipada com frigor\u00edfico, forno, placa vitrocer\u00e2mica, exaustor, m\u00e1quina de lavar roupa, m\u00e1quina de caf\u00e9 e bastante arruma\u00e7\u00e3o.<\/p>\n<\/p>\n<h4><strong><a href=\"https:\/\/www.imovirtual.com\/pt\/anuncio\/fantastico-t1-empreendimento-garden-inn-i-ID13v8X.html#0a0133402b\" target=\"_blank\" rel=\"noopener\">Apartamento T1<\/a> no Empreendimento Garden Inn I<\/strong><\/h4>\n<p class=\" block-img\"><img decoding=\"async\" src=\"https:\/\/www.imovirtual.com\/noticias\/wp-content\/uploads\/2022\/11\/126af0c9-7380-41e8-8074-ed5e4515060c_Copia-de-Sem-nome-4.png\" alt=\"Apartamento T1 no Empreendimento Garder Inn I\"><\/p>\n<p>O empreendimento GARDEN INN destaca-se pela solu\u00e7\u00f5es construtivas, materiais e equipamentos que tornam os apartamentos em espa\u00e7os de requinte e de destaque, proporcionando uma elevada qualidade habitacional. Com 3 diferentes tipologias T1, T2, T3, todas as fra\u00e7\u00f5es possuem \u00e1reas generosas e garagens fechadas. <\/p>\n<\/p>\n<h4><strong><a href=\"https:\/\/www.imovirtual.com\/pt\/anuncio\/apartamento-novo-t2-com-garagem-junto-a-solum-ID123PE.html#58e7951ae3\" target=\"_blank\" rel=\"noopener\">Apartamento T2<\/a> novo com garagem junto \u00e0 Solum<\/strong><\/h4>\n<p class=\" block-img\"><img decoding=\"async\" src=\"https:\/\/www.imovirtual.com\/noticias\/wp-content\/uploads\/2022\/11\/14e157e6-3a9a-45dc-8a2b-f1cf6b6d7a2f_Copia-de-Sem-nome-2.png\" alt=\"Apartamento T2 novo com garagem junto \u00e0 Solum\"><\/p>\n<p>Apartamento T2 com garagem fechada na Solum. Totalmente equipado e com uma localiza\u00e7\u00e3o de excel\u00eancia, junto a escolas, universidades, hipermercado, jardins e servi\u00e7os.<\/p>\n<\/p>\n<h4><strong><a href=\"https:\/\/imovirtual.com\/pt\/anuncio\/t3-varanda-garagem-dupla-boas-areas-vale-das-flores-coimbra-IDZT8q.html#4d4d2b3f08\" target=\"_blank\" rel=\"noopener\">Apartamento T3<\/a> com garagem dupla<\/strong><\/h4>\n<p class=\" block-img\"><img decoding=\"async\" src=\"https:\/\/www.imovirtual.com\/noticias\/wp-content\/uploads\/2022\/11\/f7782954-09e0-4358-8853-98e5bb3a7207_Copia-de-Sem-nome-5.png\" alt=\"Apartamento T3 com garagem dupla\"><\/p>\n<p>Com uma \u00e1rea de 120 m2 o apartamento \u00e9 composto por tr\u00eas quartos sendo um deles suite, todos com roupeiro, cozinha equipada, sala de jantar com lareira com recuperador de calor, duas casas de banho completas. Tr\u00eas varandas, ar condicionado, pain\u00e9is solares, elevadores e garagem dupla em fase de acabamentos.<\/p>\n<\/p>\n<h4><strong><a href=\"https:\/\/www.imovirtual.com\/pt\/anuncio\/apartamento-t4-com-um-magnifico-terraco-em-santo-antoni-ID10Fc8.html#6f75a396bd\" target=\"_blank\" rel=\"noopener\">Apartamento T4<\/a> com terra\u00e7o em Santo Ant\u00f3nio dos Olivais<\/strong><\/h4>\n<p class=\" block-img\"><img decoding=\"async\" src=\"https:\/\/www.imovirtual.com\/noticias\/wp-content\/uploads\/2022\/11\/d1d3b849-4f60-468c-b384-624f1cbfc81f_Apartamento-T4-com-terraco-em-Santo-Antonio-dos-Olivais.png\" alt=\"Apartamento T4 com terra\u00e7o em Santo Ant\u00f3nio dos Olivais\"><\/p>\n<p>Constitu\u00eddo por tr\u00eas suites com roupeiro, uma suite com closet, uma sala, uma cozinha totalmente equipada com eletrodom\u00e9sticos da marca Bosch, cinco casas de banho e terra\u00e7o. Apartamento equipado com g\u00e1s canalizado, fibra \u00f3tica, v\u00eddeo porteiro, port\u00e3o seccionado com automatismo e sistema de alarme na zona comum de acesso ao estacionamento coberto, tetos falsos em todas as divis\u00f5es com ilumina\u00e7\u00e3o LED. Aspira\u00e7\u00e3o central, pain\u00e9is solares e esquentador, aparelhagem el\u00e9trica Ref. Effapel e ar condicionado tipo LG Standart<\/p>\n<\/p>\n<h3><strong>Para arrendar <\/strong><\/h3>\n<\/p>\n<h4><strong><a href=\"https:\/\/www.imovirtual.com\/pt\/anuncio\/estudio-baixa-ID131Ae.html#7ba1a3c3c8\" target=\"_blank\" rel=\"noopener\">Est\u00fadio<\/a> na Baixa de Coimbra <\/strong><\/h4>\n<p class=\" block-img\"><img decoding=\"async\" src=\"https:\/\/www.imovirtual.com\/noticias\/wp-content\/uploads\/2022\/11\/a48cb3c9-9d2a-4b09-a577-585d3e52908c_Estudio-na-Baixa.png\" alt=\"Est\u00fadio na Baixa de Coimbra\"><\/p>\n<p>Est\u00fadio totalmente equipado e mobilado com qualidade superior. Junto \u00e0 c\u00e2mara de Coimbra, acesso a todos os servi\u00e7os. Pr\u00e9dio com elevador. <\/p>\n<\/p>\n<h4><strong><a href=\"https:\/\/www.imovirtual.com\/pt\/anuncio\/apartamento-t1-novo-arrendamento-coimbra-ID150rn.html#8e5d6bcec0\" target=\"_blank\" rel=\"noopener\">Apartamento T1<\/a> em Santa Maria dos Olivais<\/strong><\/h4>\n<p class=\" block-img\"><img decoding=\"async\" src=\"https:\/\/www.imovirtual.com\/noticias\/wp-content\/uploads\/2022\/11\/eb5f69a9-fccb-44fc-a8e8-956ac4703c18_Copia-de-Sem-nome-6.png\" alt=\"Apartamento T1 em Santa Maria dos Olivais\"><\/p>\n<p>Apartamento T1 com Garagem completamente novo na zona dos Olivais em Coimbra. Disp\u00f5e de sala, cozinha, quarto, WC, varanda e terra\u00e7o. Outras comodidades incluem g\u00e1s canalizado, cozinha equipada, roupeiros, ar condicionado, vidros duplos com oscilo-batente, estores el\u00e9tricos, videoporteiro, porta blindada e port\u00e3o autom\u00e1tico.<\/p>\n<\/p>\n<h4><strong><a href=\"https:\/\/www.imovirtual.com\/pt\/anuncio\/apartamento-t2-triplex-novo-e-equipado-no-centro-de-coimbra-ID14awD.html#15282dac62\" target=\"_blank\" rel=\"noopener\">Apartamento T2<\/a> Triplex novo e equipado no centro de Coimbra<\/strong><\/h4>\n<p class=\" block-img\"><img decoding=\"async\" src=\"https:\/\/www.imovirtual.com\/noticias\/wp-content\/uploads\/2022\/11\/a7ab26ca-4d8e-49e1-9187-9c042a9294d2_Copia-de-Sem-nome-7.png\" alt=\"Apartamento T2 Triplex novo e equipado no centro de Coimbra\"><\/p>\n<p>Com dois quartos e 2 WC, novo, com cozinha equipada, com grandes \u00e1reas, vistas sobre a cidade e com excelente localiza\u00e7\u00e3o. Situa-se no centro da cidade, junto \u00e0 loja do cidad\u00e3o e \u00e0 C\u00e2mara Municipal de Coimbra, ao Parque Verde da cidade, \u00e0 esta\u00e7\u00e3o dos comboios e Universidades. Com grandes \u00e1reas e bons acessos.<\/p>\n<\/p>\n<h4><strong><a href=\"https:\/\/www.imovirtual.com\/pt\/anuncio\/apartamento-t3-universidade-coimbr-ID14pdu.html#84ca26c1d6\" target=\"_blank\" rel=\"noopener\">Apartamento T3<\/a> perto da Universidade de Coimbra <\/strong><\/h4>\n<p class=\" block-img\"><img decoding=\"async\" src=\"https:\/\/www.imovirtual.com\/noticias\/wp-content\/uploads\/2022\/11\/65e4359f-b61b-4441-b3dd-ff977c9a5825_Copia-de-Sem-nome-8.png\" alt=\"Apartamento T3 perto da Universidade de Coimbra\"><\/p>\n<p>Apartamento T3 Duplex, junto \u00e0 Universidade de Coimbra, com vista rio.  Disp\u00f5e de uma ampla sala, com \u00e1rea superior a 36 m2, com grandes envidra\u00e7ados e uma varanda com excelentes vistas. Poder\u00e1 estar confortavelmente sentado no sof\u00e1 e ter a companhia da Torre da Universidade de Coimbra, um dos maiores ex-libris da cidade. Na cozinha encontra arm\u00e1rios com amplo espa\u00e7o de arruma\u00e7\u00e3o. Lacados a branco com eletrodom\u00e9sticos embutidos, contrastam com o negro da pedra natural, em bancadas e paredes, dando-lhe um requinte particular. No piso superior encontra-se a \u00e1rea mais reservada, com 3 quartos, todos com amplas janelas e vista rio, sendo um deles suite, com roupeiros embutidos, WC privativo, com banheira e arrumo. Nesse piso disp\u00f5e ainda de mais um WC com base de duche, que serve os restantes quartos, bem como um outro arrumo. Estes WC disp\u00f5em, tamb\u00e9m, de ilumina\u00e7\u00e3o natural.<\/p>\n<\/p>\n<h4><strong><a href=\"https:\/\/www.imovirtual.com\/pt\/anuncio\/apartamento-t4-na-solum-ID15gh4.html#4265c4db2b\" target=\"_blank\" rel=\"noopener\">Apartamento T4<\/a> na Solum<\/strong><\/h4>\n<p class=\" block-img\"><img decoding=\"async\" src=\"https:\/\/www.imovirtual.com\/noticias\/wp-content\/uploads\/2022\/11\/a0be7933-6267-4f1f-9349-7dd2b4c8421e_Apartamento-T4-na-Solum.png\" alt=\"Apartamento T4 na Solum\"><\/p>\n<p>Apartamento T4 com garagem, completamente remodelado, localizado no centro da Solum. A remodela\u00e7\u00e3o deste apartamento resultou de uma obra de arquitetura. Esta casa encontra-se com uma \u00f3tima organiza\u00e7\u00e3o dos espa\u00e7os, separando bem a zona social da privada. Ainda dentro da zona social, existem dois ambientes distintos na sala (o de estar e o de jantar), bem como comunica\u00e7\u00e3o com a cozinha. Disp\u00f5e de cozinha completamente equipada, de zona de refei\u00e7\u00f5es e de tratamento de roupa.<\/p>\n<\/p>\n<h3><strong>Empreendimentos<\/strong><\/h3>\n<\/p>\n<h4><a href=\"https:\/\/www.imovirtual.com\/pt\/anuncio\/apartamentos-varandas-do-mondego-ID13iBR.html#228deb5665\" target=\"_blank\" rel=\"noopener\"><strong>Apartamentos Varandas do Mondego<\/strong><\/a><\/h4>\n<p class=\" block-img\"><img decoding=\"async\" src=\"https:\/\/www.imovirtual.com\/noticias\/wp-content\/uploads\/2022\/11\/c787d66a-f96e-474c-b77a-299987d26ac9_Apartamentos-Varandas-do-Mondego.png\" alt=\"Varandas do Mondego\"><\/p>\n<p>Conjunto residencial e de com\u00e9rcio e servi\u00e7os, composto por 2 estabelecimentos comerciais e 14 apartamentos de tipologias T2 e T3, cujas \u00e1reas brutas totais variam entre os 85 m\u00b2 e os 117 m\u00b2, todos eles com um lugar de estacionamento inclu\u00eddo.Situados no centro de Granja do Ulmeiro, a cerca de 50 metros da Junta de freguesia de Granja do Ulmeiro e a 100 metros de centro escolar.<\/p>\n<\/p>\n<h4><strong><a href=\"https:\/\/www.imovirtual.com\/pt\/anuncio\/carapinheira-apartments-ID12tpG.html#228deb5665\" target=\"_blank\" rel=\"noopener\">Carapinheira Apartments<\/a> <\/strong><\/h4>\n<p class=\" block-img\"><img decoding=\"async\" src=\"https:\/\/www.imovirtual.com\/noticias\/wp-content\/uploads\/2022\/11\/b6603a03-241b-4cc9-a417-bba82d0159ff_Copia-de-Sem-nome-9.png\" alt=\"Carapinheira Apartments\"><\/p>\n<p>Carapinheira Apartments \u00e9 um <a href=\"https:\/\/www.imovirtual.com\/noticias\/imoblog\/condominios-tudo-o-que-precisa-de-saber-by-condominio-deco-mais\" target=\"_blank\" rel=\"noopener\">condom\u00ednio<\/a> residencial, situado na Vila da Carapinheira&nbsp;(Montemor O Velho),&nbsp;entre a cidade de Coimbra e as praias da Figueira da Foz. Trata-se de um empreendimento de constru\u00e7\u00e3o recente, composto por 20 apartamentos novos a estrear, cada um com garagem box, situados ao n\u00edvel da cave, no piso -1. Distribu\u00eddo por 4 blocos, cada um com 3 pisos acima do solo (r\/c, 1\u00ba e 2\u00ba) e as tipologias dos apartamentos s\u00e3o T2, T3, T3 Duplex e T4, cujas \u00e1reas brutas totais variam entre 131 m\u00b2 e 224 m\u00b2, consoante o piso, o n\u00famero de quartos e o n\u00famero de varandas. Destaca-se ainda, de todos os apartamentos, as excelentes vistas, a \u00f3tima exposi\u00e7\u00e3o solar e os acabamentos de qualidade como videoporteiro e ch\u00e3o flutuante, conferindo-lhe assim maior conforto e tamb\u00e9m um maior n\u00edvel de seguran\u00e7a.<\/p>\n<p class=\" block-img\"><img decoding=\"async\" src=\"https:\/\/www.imovirtual.com\/noticias\/wp-content\/uploads\/2022\/11\/3c23b667-0a08-4ca1-abcb-74566be5c538_Copia-de-Banners-Autores-2.png\" alt=\"Alexandre Lu\u00eds Autor Imovirtual\"><\/p>\n<h5><em>Tamb\u00e9m conhecido como &#8216;O Consultor&#8217;. Pode encontr\u00e1-lo a consultar o \u00faltimo estudo de mercado. N\u00e3o tem talento para vender, mas sabe tudo sobre Imobili\u00e1rio. Fala sobre quest\u00f5es relacionadas com o tema no Blog do Imovirtual.<\/em><\/h5>\n<\/p>\n<h3><strong>Leia tamb\u00e9m<\/strong><\/h3>\n<ul>\n<li>Os <a href=\"https:\/\/www.imovirtual.com\/noticias\/imobiliario\/os-melhores-bairros-de-coimbra-para-viver\" target=\"_blank\" rel=\"noopener\"><strong>melhores bairros de Coimbra<\/strong><\/a> para viver<\/li>\n<li>Tenha aten\u00e7\u00e3o a estes pormenores ao comprar uma <a href=\"https:\/\/www.imovirtual.com\/noticias\/imobiliario\/dicas-para-comprar-casa-usada\" target=\"_blank\" rel=\"noopener\"><strong>casa usada<\/strong><\/a><\/li>\n<li>O Nosso <a href=\"https:\/\/www.imovirtual.com\/noticias\/imobiliario\/nosso-guia-para-comprar-moradia-ou-apartamento\" target=\"_blank\" rel=\"noopener\"><strong>Guia Para Comprar Moradia ou Apartamento<\/strong><\/a><\/li>\n<\/ul>\n<\/p>\n<div class=\"css-h5fkc8\"><strong>Ultima actualiza\u00e7\u00e3o:<\/strong> 11 agosto 2021<\/div>\n","protected":false},"excerpt":{"rendered":"<p>Casas em Coimbra Mudar de casa \u00e9 um processo moroso, cansativo e complexo. Da procura \u00e0 conclus\u00e3o do processo, s\u00e3o muitas as fases pelas quais ter\u00e1 de passar. O Mercado Imobili\u00e1rio tem imensas op\u00e7\u00f5es de fant\u00e1sticos im\u00f3veis e por isso queremos facilitar a sua vida na hora da escolha. Na rubrica Mude de Casa, Mude &hellip;<\/p>\n","protected":false},"author":3,"featured_media":3675,"comment_status":"closed","ping_status":"open","sticky":false,"template":"","format":"standard","meta":{"footnotes":""},"categories":[37,5],"tags":[],"class_list":["post-3674","post","type-post","status-publish","format-standard","has-post-thumbnail","hentry","category-financas-e-imobiliario","category-imobiliario"],"_links":{"self":[{"href":"https:\/\/www.imovirtual.com\/noticias\/wp-json\/wp\/v2\/posts\/3674","targetHints":{"allow":["GET"]}}],"collection":[{"href":"https:\/\/www.imovirtual.com\/noticias\/wp-json\/wp\/v2\/posts"}],"about":[{"href":"https:\/\/www.imovirtual.com\/noticias\/wp-json\/wp\/v2\/types\/post"}],"author":[{"embeddable":true,"href":"https:\/\/www.imovirtual.com\/noticias\/wp-json\/wp\/v2\/users\/3"}],"replies":[{"embeddable":true,"href":"https:\/\/www.imovirtual.com\/noticias\/wp-json\/wp\/v2\/comments?post=3674"}],"version-history":[{"count":0,"href":"https:\/\/www.imovirtual.com\/noticias\/wp-json\/wp\/v2\/posts\/3674\/revisions"}],"wp:featuredmedia":[{"embeddable":true,"href":"https:\/\/www.imovirtual.com\/noticias\/wp-json\/wp\/v2\/media\/3675"}],"wp:attachment":[{"href":"https:\/\/www.imovirtual.com\/noticias\/wp-json\/wp\/v2\/media?parent=3674"}],"wp:term":[{"taxonomy":"category","embeddable":true,"href":"https:\/\/www.imovirtual.com\/noticias\/wp-json\/wp\/v2\/categories?post=3674"},{"taxonomy":"post_tag","embeddable":true,"href":"https:\/\/www.imovirtual.com\/noticias\/wp-json\/wp\/v2\/tags?post=3674"}],"curies":[{"name":"wp","href":"https:\/\/api.w.org\/{rel}","templated":true}]}}