{"id":3660,"date":"2021-04-11T00:00:00","date_gmt":"2021-04-11T00:00:00","guid":{"rendered":"https:\/\/www.imovirtual.com\/noticias2\/2021\/04\/11\/conheca-as-novas-oportunidades-de-imoveis-em-faro\/"},"modified":"2024-08-28T10:30:01","modified_gmt":"2024-08-28T10:30:01","slug":"conheca-as-novas-oportunidades-de-imoveis-em-faro","status":"publish","type":"post","link":"https:\/\/www.imovirtual.com\/noticias\/imobiliario\/conheca-as-novas-oportunidades-de-imoveis-em-faro\/","title":{"rendered":"Mude de Casa, Mude de Vida: Faro"},"content":{"rendered":"<p class=\"css-8qfla4\">\n<p class=\"css-m5h6m0 edperro0\">\n<h1><strong>Casas em Faro<\/strong><\/h1>\n<p>Mudar de casa \u00e9 um processo moroso, cansativo e complexo. Da procura \u00e0 conclus\u00e3o do processo, s\u00e3o muitas as&nbsp;<a href=\"https:\/\/www.imovirtual.com\/en\/noticias\/imobiliario\/esta-a-vender-casa-prepare-a-sua-mudanca-id67.html\" target=\"_blank\" rel=\"noopener\">fases pelas quais ter\u00e1 de passar<\/a>. O Mercado Imobili\u00e1rio tem imensas op\u00e7\u00f5es de fant\u00e1sticos im\u00f3veis e por isso queremos facilitar a sua vida na hora da escolha. Na rubrica&nbsp;<strong><em><a href=\"https:\/\/www.imovirtual.com\/noticias\/imobiliario\/mude-de-casa-mude-de-vida-castelo-branco\" target=\"_blank\" rel=\"noopener\">Mude <\/a>de Casa, Mude de Vida<\/em><\/strong>, sugerimos oportunidades de casas para comprar e para arrendar numa determinada cidade, ao mesmo tempo que lhe damos a conhecer os empreendimentos que por l\u00e1 est\u00e3o a surgir.<\/p>\n<p>Esta semana viajamos at\u00e9 Faro, Algarve. Conhecido por ser um local de culto para os turistas, estrangeiros e nacionais, reunimos neste artigo algumas das oportunidades de im\u00f3veis para venda e arrendamento nas fant\u00e1sticas zonas do sul do pa\u00eds: Quarteira, Faro, Arma\u00e7\u00e3o de P\u00eara, Cabanas de Tavira, Olh\u00e3o e Albufeira, s\u00e3o algumas das possibilidades. Quer esteja a pensar em investir num im\u00f3vel para passar f\u00e9rias, para fazer as suas escapadinhas de fim-de-semana ou para se mudar em definitivo, h\u00e1 ofertas no <a href=\"https:\/\/www.imovirtual.com\/\" target=\"_blank\" rel=\"noopener\">Imovirtual<\/a> para todos os gostos!<\/p>\n<\/p>\n<h2><strong>Para comprar<\/strong><\/h2>\n<\/p>\n<h4><strong>Apartamento T0 em Arma\u00e7\u00e3o de P\u00eara<\/strong><\/h4>\n<p class=\" block-img\"><img decoding=\"async\" src=\"https:\/\/www.imovirtual.com\/noticias\/wp-content\/uploads\/2022\/11\/bac580c9-3d24-421f-a167-5dd9ba46ced3_armacao-de-pera.png\" alt=\"apartamento t0 para venda em arma\u00e7\u00e3o de p\u00eara\"><\/p>\n<p><a href=\"https:\/\/www.imovirtual.com\/pt\/anuncio\/apartamento-t0-no-centro-da-vila-de-armacao-de-pera-com-lugar-de-gara-ID14Zel.html#53527f22f1\" target=\"_blank\" rel=\"noopener\">Apartamento T0<\/a> em muito bom estado de conserva\u00e7\u00e3o e com uma \u00e1rea de 59 m2 \u00e9 composto por hall de entrada, sala, cozinha separada e equipada, casa de banho com banheira, uma despensa com roupeiro, varanda espa\u00e7osa e lugar de garagem. Localiza-se no centro da Vila de Arma\u00e7\u00e3o de P\u00eara, junto ao mercado, correios, bancos, supermercados, restaurantes, com\u00e9rcios e servi\u00e7os, e a 5 minutos a p\u00e9 da praia.<\/p>\n<h4><strong>Apartamento T1&nbsp;em Quarteira<\/strong><\/h4>\n<p class=\" block-img\"><img decoding=\"async\" src=\"https:\/\/www.imovirtual.com\/noticias\/wp-content\/uploads\/2022\/11\/39dfbf52-c93a-48eb-8235-82f88ff4e3ce_faro2.png\" alt=\"apartamento t1 em quarteira para venda\"><\/p>\n<p><a href=\"https:\/\/www.imovirtual.com\/pt\/anuncio\/quarteira-amplo-apartamento-t1-a-curta-distancia-a-pe-da-praia-ID14MUu.html#b2bbfaf435\" target=\"_blank\" rel=\"noopener\">Apartamento T1 <\/a>inserido num prestigiado condom\u00ednio privado com piscinas e amplos espa\u00e7os verdes a curta dist\u00e2ncia a p\u00e9 da Praia e pr\u00f3ximo de v\u00e1rios com\u00e9rcios e servi\u00e7os. Trata-se de um apartamento de linhas modernas no r\u00e9s-do-ch\u00e3o com \u00e1reas amplas e muita luz natural, oferece ainda bastante privacidade devido ao seu terra\u00e7o privativo. \u00c9 composto por sala de estar e jantar que d\u00e1 acesso ao terra\u00e7o ideal para refei\u00e7\u00f5es ao ar livre, cozinha totalmente equipada com moveis e eletrodom\u00e9sticos encastrados, um quarto em suite com roupeiro embutido e mais uma casa de banho. O apartamento \u00e9 equipado com vidros duplos e ar condicionado. Beneficia tamb\u00e9m de 2 piscinas, uma para os adultos e outra para as crian\u00e7as, um estacionamento privado em garagem fechada e uma arrecada\u00e7\u00e3o.<\/p>\n<h4><strong>Apartamento T2 nas Gambelas, Faro<\/strong><\/h4>\n<p class=\" block-img\"><img decoding=\"async\" src=\"https:\/\/www.imovirtual.com\/noticias\/wp-content\/uploads\/2022\/11\/712de98c-a298-4292-9c9e-2c80ea20b8d5_faro2.png\" alt=\"apartamento t2 em faro para venda\"><\/p>\n<p><a href=\"https:\/\/www.imovirtual.com\/pt\/anuncio\/apartamento-t2-com-elevador-e-garagem-nas-gambelas-faro-ID15D77.html#da23cf6bec\" target=\"_blank\" rel=\"noopener\">Apartamento de tipologia T2<\/a> com elevador, situado nas Gambelas, perto da Universidade do Algarve, do Hospital Privado, de todos os servi\u00e7os e comodidades para o quotidiano, estando tamb\u00e9m a uma curta viagem de carro ou bicicleta da Praia de Faro, do Aeroporto, do Forum Algarve e do centro da cidade de Faro. O im\u00f3vel \u00e9 constitu\u00eddo por Hall de entrada, uma enorme sala com acesso a uma excelente varanda e com ar condicionado, 2 quartos (1 deles com ar condicionado) com roupeiros embutidos, duas casas de banho sociais (uma delas com banheira), uma cozinha totalmente equipada e com acesso a uma varanda. O apartamento apresenta lugar de estacionamento e arrecada\u00e7\u00e3o na garagem, bem como pr\u00e9 instala\u00e7\u00e3o de aspira\u00e7\u00e3o central e uma excelente exposi\u00e7\u00e3o solar.<\/p>\n<\/p>\n<h4><strong>Apartamento T3 em Portim\u00e3o<\/strong><\/h4>\n<p class=\" block-img\"><img decoding=\"async\" src=\"https:\/\/www.imovirtual.com\/noticias\/wp-content\/uploads\/2022\/11\/6d1276f3-88d3-427b-8442-90e38c06488d_portimao.png\" alt=\"apartamento t3 em portim\u00e3o para venda\"><\/p>\n<p>Localizado numa zona residencial, pr\u00f3ximo&nbsp;das escolas,&nbsp;a 5 minutos da Praia da rocha e de todos os servi\u00e7os, encontra-se este <a href=\"https:\/\/www.imovirtual.com\/pt\/anuncio\/t3-num-res-do-chao-com-varanda-e-terraco-com-250-7m2-em-portimao-cons-ID13W8o.html#419b6144c1\" target=\"_blank\" rel=\"noopener\">Apartamento T3<\/a> com constru\u00e7\u00e3o e acabamentos de alta qualidade. O Im\u00f3vel disp\u00f5e de luzes embutidas no tecto, bons isolamentos ac\u00fasticos e t\u00e9rmicos, \u00e1reas bastante generosas quer interiores quer de varandas, cozinha equipada, ar condicionado nos quartos e na sala e dom\u00f3tica, com detec\u00e7\u00e3o de g\u00e1s, inunda\u00e7\u00e3o e intrus\u00e3o. O apartamento conta ainda com varandas e terra\u00e7o com 83.7m2 e garagem individual.<\/p>\n<\/p>\n<h4><strong>Apartamento T4 Penthouse em Faro<\/strong><\/h4>\n<p class=\" block-img\"><img decoding=\"async\" src=\"https:\/\/www.imovirtual.com\/noticias\/wp-content\/uploads\/2022\/11\/d8825ea2-1848-463a-a029-fe4633857965_faro.png\" alt=\"apartamento t4 para venda em faro\"><\/p>\n<p>Inserido em pr\u00e9dio constru\u00eddo em 2019, este <a href=\"https:\/\/www.imovirtual.com\/pt\/anuncio\/apartamento-t4-penthouse-novo-com-jacuzzi-faro-ID15Asi.html#6003cb72ca\" target=\"_blank\" rel=\"noopener\">Apartamento T4 Penthouse<\/a>, disp\u00f5e de uma sala ampla com grandes janelas e cheia de luz natural, cozinha totalmente equipada e em open space, 4 quartos, sendo um deles em suite com closet e jacuzzi no terra\u00e7o e 3 casas de banho, sendo uma delas de servi\u00e7o, junto \u00e0 zona social. Tem varandas amplas e ao longo do apartamento nas duas frentes; barbecue junto \u00e0 cozinha; janelas equipadas com cortinas tipo black out el\u00e9tricas;<br \/>ar condicionado em todas as divis\u00f5es em sistema de condutas, pavimento aquecido nas casas de banho; e tetos falsos com luzes embutidas. O im\u00f3vel oferece ainda pain\u00e9is solares para as \u00e1guas quentesm, lugar de estacionamento e arrecada\u00e7\u00e3o na cave.<\/p>\n<\/p>\n<h2><strong>Para arrendar<\/strong><\/h2>\n<\/p>\n<h4><strong>Apartamento T1 em Montenegro, Faro<\/strong><\/h4>\n<p class=\" block-img\"><img decoding=\"async\" src=\"https:\/\/www.imovirtual.com\/noticias\/wp-content\/uploads\/2022\/11\/66abc672-2e5b-4f50-8407-d8b7f2616cc8_arrendfaro1.png\" alt=\"apartamento t1 para arrendar em faro\"><\/p>\n<p>Inserido num pr\u00e9dio com arquitetura moderna, este <a href=\"https:\/\/www.imovirtual.com\/pt\/anuncio\/apartamento-t1-no-centro-de-montenegro-ID15DSv.html#4a709e891c\" target=\"_blank\" rel=\"noopener\">Apartamento T1<\/a> localiza-se no centro de Montenegro em Faro, numa zona habitacional tranquila. Disp\u00f5e de cozinha totalmente equipada, ar condicionado, estores el\u00e9tricos e muita luz natural.<\/p>\n<\/p>\n<h4><strong>Apartamento T2 em Cabanas de Tavira<\/strong><\/h4>\n<p class=\" block-img\"><img decoding=\"async\" src=\"https:\/\/www.imovirtual.com\/noticias\/wp-content\/uploads\/2022\/11\/b32a9cad-883b-4d7b-8a33-1e50d322188c_arrendfaro2.png\" alt=\"apartamento t2 em cabanas de tavira para arrendar\"><\/p>\n<p>Este <a href=\"https:\/\/www.imovirtual.com\/pt\/anuncio\/apartamento-t2-para-arrendamento-anual-a-partir-de-setembro-ID14UCh.html#c57b91fa3b\" target=\"_blank\" rel=\"noopener\">Apartamento T2<\/a> em Cabanas de Tavira est\u00e1 dispon\u00edvel para arrendamento de longa dura\u00e7\u00e3o, a partir de Setembro. Foi recentemente recuperado e disp\u00f5e de dois quartos, WC, cozinha equipada, sala, despensa e p\u00e1tio partilhado. Existe a possibilidade de acesso ao terra\u00e7o no topo do pr\u00e9dio.<\/p>\n<h4><strong>Apartamento T3 em Olh\u00e3o<\/strong><\/h4>\n<p class=\" block-img\"><img decoding=\"async\" src=\"https:\/\/www.imovirtual.com\/noticias\/wp-content\/uploads\/2022\/11\/7298f0fe-3916-4897-81bc-e0c1d361ffa6_arrendfaro3.png\" alt=\"apartamento \"><\/p>\n<p><a href=\"https:\/\/www.imovirtual.com\/pt\/anuncio\/arrendamento-anual-apartamento-t3-olhao-ID14r0Y.html#fed17b3a71\" target=\"_blank\" rel=\"noopener\">Apartamento T3<\/a> localizado no \u00faltimo andar, com terra\u00e7o descoberto de 67,5m2, elevador e lugar de garagem. Situado em Marim &#8211; Quinta da Nau, em Olh\u00e3o disp\u00f5e de amplas vistas sobre a cidade e o envolvente Parque Natural da Ria Formosa. O im\u00f3vel conta com uma \u00e1rea total de 143,5 m2 e divide-se em sala comum, com acesso ao amplo terra\u00e7o, cozinha mobiliada e equipada com despensa, sala de refei\u00e7\u00f5es e acesso ao terra\u00e7o com BBQ, 3 quartos com roupeiros, 1 deles em suite, com casa de banho privativa e outra casa de banho comum. Para al\u00e9m do amplo terra\u00e7o, o apartamento conta ainda com mais 3 varandas.<\/p>\n<\/p>\n<h2><strong>Empreendimentos<\/strong><\/h2>\n<\/p>\n<h2><strong>Ferragudo Design Villas<\/strong><\/h2>\n<p class=\" block-img\"><img decoding=\"async\" src=\"https:\/\/www.imovirtual.com\/noticias\/wp-content\/uploads\/2022\/11\/ebe51d15-85d6-42b2-8c2d-c48421027cba_ferragudo-desgin-villas.png\" alt=\"ferragudo design villas\"><\/p>\n<p>Em Ferragudo, terra de pescadores, intimamente ligada ao rio e ao mar, nascem as <a href=\"https:\/\/www.imovirtual.com\/pt\/anuncio\/ferragudo-design-villas-ID14ZgG.html#17637aa966\" target=\"_blank\" rel=\"noopener\">Ferragudo Design Villas<\/a>, um condom\u00ednio privado de moradias com piscina, jacuzzis exteriores, jardins, barbecue e car-port. Casas contempor\u00e2neas, com muita luminosidade, largas varandas com enormes v\u00e3os, terra\u00e7os e jacuzzis individuais. Estas moradias de tr\u00eas quartos, dois dos quais em suite, tr\u00eas casas de banho, ampla sala de estar com cozinha integrada, deck em madeira ex\u00f3tica, barbecue, jardim e espa\u00e7o de estacionamento individual com tomada para electric-car, oferecem todo o conforto de um lar.<\/p>\n<\/p>\n<h2><strong>Edif\u00edcio Emerson Plaza<\/strong><\/h2>\n<p class=\" block-img\"><img decoding=\"async\" src=\"https:\/\/www.imovirtual.com\/noticias\/wp-content\/uploads\/2022\/11\/9d65a110-2c43-4478-85c6-a4bbe5961928_emerson-plaza.png\" alt=\"edif\u00edcio emerson plaza portim\u00e3o\"><\/p>\n<p>O <a href=\"https:\/\/www.imovirtual.com\/pt\/anuncio\/edificio-emerson-plaza-ID15zFe.html#17637aa966\" target=\"_blank\" rel=\"noopener\">Emerson Plaza<\/a> \u00e9 um condom\u00ednio privado, com uma localiza\u00e7\u00e3o privilegiada, a poucos passos das praias como Praia da Rocha e Praia do Vau e apenas a cinco minutos de carro at\u00e9 ao centro de Portim\u00e3o ou de Alvor. Modernos e sofisticados, estes 22 apartamentos de dois e de tr\u00eas quartos est\u00e3o estrategicamente posicionados para que possa beneficiar da tranquilidade do campo e ao mesmo tempo das magn\u00edficas Vistas de Mar e Natureza. Todos os apartamentos est\u00e3o virados para o mar, um convite para desfrutar das muitas horas do sol que o Algarve tem para oferecer, seja na varanda ou na piscina, rodeada de jardins e zonas verdes.<\/p>\n<\/p>\n<h2><strong>Condom\u00ednio Lumina Portim\u00e3o<\/strong><\/h2>\n<p class=\" block-img\"><img decoding=\"async\" src=\"https:\/\/www.imovirtual.com\/noticias\/wp-content\/uploads\/2022\/11\/5cc047c3-3328-4af1-81db-169ef1d57d19_lumina-portimao.png\" alt=\"condom\u00ednio lumina portim\u00e1o\"><\/p>\n<p>O <a href=\"https:\/\/www.imovirtual.com\/pt\/anuncio\/condominio-lumina-portimao-ID12iAI.html#17637aa966\" target=\"_blank\" rel=\"noopener\">Lumina Portim\u00e3o<\/a> \u00e9 um edif\u00edcio composto por 94 apartamentos novos a estrear, localizado numa zona residencial da cidade de Portim\u00e3o, a poucos metros das principais vias de acesso, do hipermercado Continente e da Piscina Municipal e a menos de 2km das magn\u00edficas Praias da Rocha, Vau e Tr\u00eas Castelos. Distribu\u00eddos por 12 pisos acima do solo, os apartamentos, de tipologias t1 e t2, t\u00eam \u00e1reas brutas de constru\u00e7\u00e3o que variam entre os 50.3 M\u00b2 e os 121 m2, equipados com pr\u00e9-instala\u00e7\u00e3o de ar condicionado, vidros duplos, cozinhas ou kitchenettes semi-equipadas, quartos com piso flutuante e ainda, em algumas unidades, roupeiros embutidos. Nos dois pisos inferiores, est\u00e3o reservados os lugares de estacionamento. O Lumina Portim\u00e3o tem uma \u00f3tima exposi\u00e7\u00e3o solar, uma piscina exterior e sala de condom\u00ednio para utiliza\u00e7\u00e3o comum tornando-se assim numa \u00f3tima op\u00e7\u00e3o para todo o tipo de compradores, desde os que o procuram para habita\u00e7\u00e3o permanente, at\u00e9 aos que nele encontram uma op\u00e7\u00e3o para arrendamento permanente ou sazonal.<\/p>\n<\/p>\n<h2><strong>Pine Cliffs Residence<\/strong><\/h2>\n<p class=\" block-img\"><img decoding=\"async\" src=\"https:\/\/www.imovirtual.com\/noticias\/wp-content\/uploads\/2022\/11\/c6f16ddb-6f34-4a66-9c53-f1a209d8a730_pine-cliffs.png\" alt=\"pine cliffs residence albufeira\"><\/p>\n<p>O <a href=\"https:\/\/www.imovirtual.com\/pt\/anuncio\/pine-cliffs-residence-ID15yHv.html#17637aa966\" target=\"_blank\" rel=\"noopener\">Pine Cliffs Residence<\/a> \u00e9 composto por apartamentos de luxo, T2 e T3, localizados no meio de um magn\u00edfico pinhal com uma bela paisagem com vista para o mar e junto ao campo de golfe Pine Cliffs Resort. Os apartamentos t\u00eam acabamentos de alta qualidade e est\u00e3o mobilados e totalmente equipados. H\u00e1 tamb\u00e9m um servi\u00e7o de portaria e seguran\u00e7a 24 horas.<\/p>\n<\/p>\n<p class=\" block-img\"><img decoding=\"async\" src=\"https:\/\/www.imovirtual.com\/noticias\/wp-content\/uploads\/2022\/11\/3c23b667-0a08-4ca1-abcb-74566be5c538_Copia-de-Banners-Autores-2.png\" alt=\"Alexandre Lu\u00eds Autor Imovirtual\"><\/p>\n<h5><em>Tamb\u00e9m conhecido como &#8216;O Consultor&#8217;. Pode encontr\u00e1-lo a consultar o \u00faltimo estudo de mercado. N\u00e3o tem talento para vender, mas sabe tudo sobre Imobili\u00e1rio. Fala sobre quest\u00f5es relacionadas com o tema no Blog do Imovirtual.<\/em><\/h5>\n<\/p>\n<h2><strong>Veja tamb\u00e9m<\/strong><\/h2>\n<ul>\n<li>Mude de Casa, Mude de Vida: <a href=\"https:\/\/www.imovirtual.com\/noticias\/imobiliario\/mude-de-casa-mude-de-vida-setubal\" target=\"_blank\" rel=\"noopener\"><strong>Set\u00fabal<\/strong><\/a><\/li>\n<li>Mude de Casa, Mude de Vida: <a href=\"https:\/\/www.imovirtual.com\/noticias\/imobiliario\/mude-de-casa-mude-de-vida-coimbra\" target=\"_blank\" rel=\"noopener\"><strong>Coimbra<\/strong><\/a><\/li>\n<li>Guia Passo a Passo &#8211; <a href=\"https:\/\/www.imovirtual.com\/noticias\/imobiliario\/guia-como-vender-a-sua-casa\" target=\"_blank\" rel=\"noopener\"><strong>Como Vender a Sua Casa<\/strong><\/a><\/li>\n<\/ul>\n<\/p>\n<div class=\"css-h5fkc8\"><strong>Ultima actualiza\u00e7\u00e3o:<\/strong> 09 agosto 2021<\/div>\n","protected":false},"excerpt":{"rendered":"<p>Casas em Faro Mudar de casa \u00e9 um processo moroso, cansativo e complexo. Da procura \u00e0 conclus\u00e3o do processo, s\u00e3o muitas as&nbsp;fases pelas quais ter\u00e1 de passar. O Mercado Imobili\u00e1rio tem imensas op\u00e7\u00f5es de fant\u00e1sticos im\u00f3veis e por isso queremos facilitar a sua vida na hora da escolha. Na rubrica&nbsp;Mude de Casa, Mude de Vida, &hellip;<\/p>\n","protected":false},"author":3,"featured_media":3661,"comment_status":"closed","ping_status":"open","sticky":false,"template":"","format":"standard","meta":{"footnotes":""},"categories":[37,5],"tags":[],"class_list":["post-3660","post","type-post","status-publish","format-standard","has-post-thumbnail","hentry","category-financas-e-imobiliario","category-imobiliario"],"_links":{"self":[{"href":"https:\/\/www.imovirtual.com\/noticias\/wp-json\/wp\/v2\/posts\/3660","targetHints":{"allow":["GET"]}}],"collection":[{"href":"https:\/\/www.imovirtual.com\/noticias\/wp-json\/wp\/v2\/posts"}],"about":[{"href":"https:\/\/www.imovirtual.com\/noticias\/wp-json\/wp\/v2\/types\/post"}],"author":[{"embeddable":true,"href":"https:\/\/www.imovirtual.com\/noticias\/wp-json\/wp\/v2\/users\/3"}],"replies":[{"embeddable":true,"href":"https:\/\/www.imovirtual.com\/noticias\/wp-json\/wp\/v2\/comments?post=3660"}],"version-history":[{"count":0,"href":"https:\/\/www.imovirtual.com\/noticias\/wp-json\/wp\/v2\/posts\/3660\/revisions"}],"wp:featuredmedia":[{"embeddable":true,"href":"https:\/\/www.imovirtual.com\/noticias\/wp-json\/wp\/v2\/media\/3661"}],"wp:attachment":[{"href":"https:\/\/www.imovirtual.com\/noticias\/wp-json\/wp\/v2\/media?parent=3660"}],"wp:term":[{"taxonomy":"category","embeddable":true,"href":"https:\/\/www.imovirtual.com\/noticias\/wp-json\/wp\/v2\/categories?post=3660"},{"taxonomy":"post_tag","embeddable":true,"href":"https:\/\/www.imovirtual.com\/noticias\/wp-json\/wp\/v2\/tags?post=3660"}],"curies":[{"name":"wp","href":"https:\/\/api.w.org\/{rel}","templated":true}]}}