{"id":3640,"date":"2021-07-26T00:00:00","date_gmt":"2021-07-26T00:00:00","guid":{"rendered":"https:\/\/www.imovirtual.com\/noticias2\/2021\/07\/26\/lei-obras-casa\/"},"modified":"2024-08-28T10:29:46","modified_gmt":"2024-08-28T10:29:46","slug":"lei-obras-casa","status":"publish","type":"post","link":"https:\/\/www.imovirtual.com\/noticias\/imobiliario\/lei-obras-casa\/","title":{"rendered":"Obras em casa: o que diz a lei"},"content":{"rendered":"<p class=\"css-8qfla4\">\n<p class=\"css-m5h6m0 edperro0\">\n<h1><strong>Quer fazer obras em casa? Saiba o que diz a lei<\/strong><\/h1>\n<p>N\u00e3o h\u00e1 como negar: obras em casa s\u00e3o sin\u00f3nimo de dores de cabe\u00e7a. H\u00e1 sempre um infind\u00e1vel n\u00famero de quest\u00f5es a tratar e a ter em conta, n\u00e3o s\u00f3 a n\u00edvel de or\u00e7amentos, o que por si s\u00f3 j\u00e1 constitu\u00ed uma dor de cabe\u00e7as para as fam\u00edlias, mas sobretudo no que diz respeito a burocracias. Se viver numa <a href=\"https:\/\/www.imovirtual.com\/comprar\/moradia\/?search%5Bdescription%5D=1&amp;search%5Border%5D=filter_float_price%3Aasc\" target=\"_blank\" rel=\"noopener\">moradia<\/a>, as circunst\u00e2ncias ficam ligeiramente atenuadas, mas para quem vive num <a href=\"https:\/\/www.imovirtual.com\/comprar\/apartamento\/?search%5Bdescription%5D=1&amp;search%5Border%5D=filter_float_price%3Aasc\" target=\"_blank\" rel=\"noopener\">apartamento<\/a>, os afazares incluem ter de lidar com os vizinhos, o condom\u00ednio e eventualmente as autoridades locais. Dependendo do tipo de obra que pretende fazer, provavelmente ter\u00e1 de lidar com estes elementos. Assim conv\u00e9m estar a par da lei e daquilo que pode ou n\u00e3o fazer dentro da sua casa sem pedir autoriza\u00e7\u00e3o a terceiros. Ora veja.<\/p>\n<\/p>\n<h2><strong>Tenho de pedir autoriza\u00e7\u00e3o aos vizinhos para fazer obras de melhoria em casa?<\/strong><\/h2>\n<p>Se quiser mudar o ch\u00e3o da sala, pintar as paredes ou remodelar a cozinha n\u00e3o tem de pedir autoriza\u00e7\u00e3o aos vizinhos e \u00e0 assembleia de condom\u00ednio. Todavia, recorde-se que a lei prev\u00ea limites de propriedade, o que significa que a sua liberdade acaba onde come\u00e7a a da outra pessoa. Isto significa que, exemplificando: se um cano romper na sua fra\u00e7\u00e3o e causar danos na fra\u00e7\u00e3o diretamente abaixo da sua, ter\u00e1 de tomar conta do sucedido, agindo o mais r\u00e1pido poss\u00edvel e pagando os preju\u00edzos ou uma indemniza\u00e7\u00e3o para compensar o inc\u00f3modo. <\/p>\n<\/p>\n<h6><em>&#8220;1. A propriedade dos im\u00f3veis abrange o espa\u00e7o a\u00e9reo correspondente \u00e0 superf\u00edcie, bem como o subsolo, com tudo o que neles se cont\u00e9m e n\u00e3o esteja desintegrado do dom\u00ednio por lei ou neg\u00f3cio jur\u00eddico.<br \/>2. O propriet\u00e1rio n\u00e3o pode, todavia, proibir os actos de terceiro que, pela altura ou profundidade a que t\u00eam lugar, n\u00e3o haja interesse em impedir.&#8221;<\/em><\/h6>\n<h6><strong><em>Artigo 1344.\u00ba, Decreto-Lei n.\u00ba 47344<\/em><\/strong><\/h6>\n<\/p>\n<h2><strong>Obras em casa e a <a href=\"https:\/\/www.imovirtual.com\/noticias\/imobiliario\/condominio-regras-sobre-ruido\" target=\"_blank\" rel=\"noopener\">Lei do Ru\u00eddo<\/a>: como funciona?<\/strong><\/h2>\n<p>As obras de recupera\u00e7\u00e3o, remodela\u00e7\u00e3o ou conserva\u00e7\u00e3o realizadas no interior do edif\u00edcio que constituam fonte de ru\u00eddo apenas podem ser realizadas em dias \u00fateis, entre as 8 e as 20 horas, n\u00e3o se encontrando sujeitas \u00e0 emiss\u00e3o de licen\u00e7a especial de ru\u00eddo.<\/p>\n<p>Todavia, o respons\u00e1vel pela execu\u00e7\u00e3o das obras, deve informar previamente o <a href=\"https:\/\/www.imovirtual.com\/noticias\/imobiliario\/condominio-saiba-se-o-administrador-e-obrigado-aceitar-cargo\" target=\"_blank\" rel=\"noopener\">administrador<\/a>&nbsp;do condom\u00ednio, bem como afixar em local acess\u00edvel aos restantes utilizadores do edif\u00edcio, a dura\u00e7\u00e3o prevista do procedimento e, quando poss\u00edvel, o per\u00edodo hor\u00e1rio no qual se prev\u00ea que ocorra a maior intensidade de ru\u00eddo.<\/p>\n<\/p>\n<h2><strong>Quero instalar uma marquise. Tenho de falar com a assembleia de condom\u00ednio? <\/strong><\/h2>\n<p>A pol\u00e9mica que estalou no passado m\u00eas de Maio por conta da marquise de <a href=\"https:\/\/www.imovirtual.com\/noticias\/lifestyle\/famosos-cristiano-ronaldo-marquise-rua-castilho\" target=\"_blank\" rel=\"noopener\">Cristiano Ronaldo<\/a>, veio chamar \u00e0 aten\u00e7\u00e3o sobre esta mat\u00e9ria. No caso de querer instalar uma marquise ou ligar uma fra\u00e7\u00e3o a um s\u00f3t\u00e3o deve solicitar autoriza\u00e7\u00e3o da assembleia de cond\u00f3minos<strong> <\/strong>e, em alguns casos, da C\u00e2mara Municipal da \u00e1rea de resid\u00eancia. Isto porque qualquer uma destas situa\u00e7\u00f5es envolve outro tipo de condicionante, em particular a linha arquitet\u00f3nica original do edif\u00edcio, a sua est\u00e9tica e\/ou a seguran\u00e7a.<\/p>\n<\/p>\n<h3>Encontre aqui todos os <a href=\"https:\/\/www.imovirtual.com\/comprar\/q-marquise\/?search%5Bdescription%5D=1&amp;search%5Border%5D=filter_float_price%3Aasc\" target=\"_blank\" rel=\"noopener\"><strong>im\u00f3veis com marquise<\/strong><\/a> dispon\u00edveis no Imovirtual<\/h3>\n<\/p>\n<h2><strong>O que diz a lei sobre obras de jun\u00e7\u00e3o e divis\u00e3o de fra\u00e7\u00f5es?<\/strong><\/h2>\n<p>Os propriet\u00e1rios de fra\u00e7\u00f5es cont\u00edguas &#8211; lado a lado &#8211; que pretendam efetuar obras para jun\u00e7\u00e3o das mesmas podem faz\u00ea-lo sem ter de solicitar uma autoriza\u00e7\u00e3o. Mas devem atender a tr\u00eas pormenores:<\/p>\n<ul>\n<li>O edif\u00edcio n\u00e3o pode estar classificado como patrim\u00f3nio arquitet\u00f3nico ou hist\u00f3rico;<\/li>\n<li>As altera\u00e7\u00f5es n\u00e3o devem interferir com a estrutura;<\/li>\n<li>Deve ser entregue na C\u00e2mara Municipal a necess\u00e1ria informa\u00e7\u00e3o sobre a obra.<\/li>\n<\/ul>\n<p>Para quem pretende dividir uma fra\u00e7\u00e3o o caso muda de figura, sendo obrigat\u00f3rio consultar o t\u00edtulo constitutivo da propriedade horizontal para perceber se a obra \u00e9 permitida. Tamb\u00e9m \u00e9 necess\u00e1rio solicitar autoriza\u00e7\u00e3o de todos os <a href=\"https:\/\/www.imovirtual.com\/en\/noticias\/imoblog\/condominios-tudo-o-que-precisa-de-saber-by-condominio-deco-mais\" target=\"_blank\" rel=\"noopener\">cond\u00f3minos<\/a>, que devem aprovar a obra sem qualquer voto contra e posteriormente o propriet\u00e1rio ter\u00e1 de ter\u00e1 de pedir o licenciamento da obra \u00e0 autarquia, fazendo-se munir da ata da assembleia que lhe concedeu a autoriza\u00e7\u00e3o.<\/p>\n<p>Em ambos os casos, o autor da obra ter\u00e1 de efetuar uma altera\u00e7\u00e3o ao t\u00edtulo constitutivo, por meio de escritura p\u00fablica ou documento particular autenticado, e comunicar ao administrador no prazo de 10 dias.<\/p>\n<p class=\" block-img\"><img decoding=\"async\" src=\"https:\/\/www.imovirtual.com\/noticias\/wp-content\/uploads\/2022\/11\/3c23b667-0a08-4ca1-abcb-74566be5c538_Copia-de-Banners-Autores-2.png\" alt=\"Alexandre Lu\u00eds Autor Imovirtual\"><\/p>\n<h5><em>Tamb\u00e9m conhecido como &#8216;O Consultor&#8217;. Pode encontr\u00e1-lo a consultar o \u00faltimo estudo de mercado. N\u00e3o tem talento para vender, mas sabe tudo sobre Imobili\u00e1rio. Fala sobre quest\u00f5es relacionadas com o tema no Blog do Imovirtual.<\/em><\/h5>\n<\/p>\n<h4><strong>Confira tamb\u00e9m<\/strong><\/h4>\n<ul>\n<li><a href=\"https:\/\/www.imovirtual.com\/noticias\/imobiliario\/melhorias-simples-para-aumentar-valor-da-sua-casa\" target=\"_blank\" rel=\"noopener\"><strong>Melhorias simples<\/strong><\/a> que podem aumentar o valor da sua casa<\/li>\n<li>Como preparar a <a href=\"https:\/\/www.imovirtual.com\/noticias\/financas\/como-preparar-a-mudanca-id58.html\" target=\"_blank\" rel=\"noopener\"><strong>mudan\u00e7a<\/strong><\/a>?<\/li>\n<li>Documentos e <a href=\"https:\/\/www.imovirtual.com\/en\/noticias\/imobiliario\/documentos-e-regularizacao-da-situacao-id37.html\" target=\"_blank\" rel=\"noopener\"><strong>regulariza\u00e7\u00e3o da situa\u00e7\u00e3o de um im\u00f3vel<\/strong><\/a><\/li>\n<\/ul>\n<\/p>\n<div class=\"css-h5fkc8\"><strong>Ultima actualiza\u00e7\u00e3o:<\/strong> 26 julho 2021<\/div>\n","protected":false},"excerpt":{"rendered":"<p>Quer fazer obras em casa? Saiba o que diz a lei N\u00e3o h\u00e1 como negar: obras em casa s\u00e3o sin\u00f3nimo de dores de cabe\u00e7a. H\u00e1 sempre um infind\u00e1vel n\u00famero de quest\u00f5es a tratar e a ter em conta, n\u00e3o s\u00f3 a n\u00edvel de or\u00e7amentos, o que por si s\u00f3 j\u00e1 constitu\u00ed uma dor de cabe\u00e7as &hellip;<\/p>\n","protected":false},"author":3,"featured_media":3641,"comment_status":"closed","ping_status":"open","sticky":false,"template":"","format":"standard","meta":{"footnotes":""},"categories":[37,5],"tags":[],"class_list":["post-3640","post","type-post","status-publish","format-standard","has-post-thumbnail","hentry","category-financas-e-imobiliario","category-imobiliario"],"_links":{"self":[{"href":"https:\/\/www.imovirtual.com\/noticias\/wp-json\/wp\/v2\/posts\/3640","targetHints":{"allow":["GET"]}}],"collection":[{"href":"https:\/\/www.imovirtual.com\/noticias\/wp-json\/wp\/v2\/posts"}],"about":[{"href":"https:\/\/www.imovirtual.com\/noticias\/wp-json\/wp\/v2\/types\/post"}],"author":[{"embeddable":true,"href":"https:\/\/www.imovirtual.com\/noticias\/wp-json\/wp\/v2\/users\/3"}],"replies":[{"embeddable":true,"href":"https:\/\/www.imovirtual.com\/noticias\/wp-json\/wp\/v2\/comments?post=3640"}],"version-history":[{"count":0,"href":"https:\/\/www.imovirtual.com\/noticias\/wp-json\/wp\/v2\/posts\/3640\/revisions"}],"wp:featuredmedia":[{"embeddable":true,"href":"https:\/\/www.imovirtual.com\/noticias\/wp-json\/wp\/v2\/media\/3641"}],"wp:attachment":[{"href":"https:\/\/www.imovirtual.com\/noticias\/wp-json\/wp\/v2\/media?parent=3640"}],"wp:term":[{"taxonomy":"category","embeddable":true,"href":"https:\/\/www.imovirtual.com\/noticias\/wp-json\/wp\/v2\/categories?post=3640"},{"taxonomy":"post_tag","embeddable":true,"href":"https:\/\/www.imovirtual.com\/noticias\/wp-json\/wp\/v2\/tags?post=3640"}],"curies":[{"name":"wp","href":"https:\/\/api.w.org\/{rel}","templated":true}]}}