{"id":3606,"date":"2021-07-09T00:00:00","date_gmt":"2021-07-09T00:00:00","guid":{"rendered":"https:\/\/www.imovirtual.com\/noticias2\/2021\/07\/09\/7-maravilhas-do-mundo-em-portugal\/"},"modified":"2021-07-09T00:00:00","modified_gmt":"2021-07-09T00:00:00","slug":"7-maravilhas-do-mundo-em-portugal","status":"publish","type":"post","link":"https:\/\/www.imovirtual.com\/noticias\/lifestyle\/7-maravilhas-do-mundo-em-portugal\/","title":{"rendered":"7 maravilhas do mundo em Portugal"},"content":{"rendered":"<p class=\"css-8qfla4\">\n<p class=\"css-m5h6m0 edperro0\">\n<h1><strong>Como seriam estas 7 maravilhas do mundo se fossem em Portugal?<\/strong><\/h1>\n<p>\u00c9 ineg\u00e1vel, estamos todos com muita vontade de fazer as malas e voltar a viajar pelo mundo. Ainda n\u00e3o o podemos fazer em total seguran\u00e7a e a verdade \u00e9 que as principais cidades e atra\u00e7\u00f5es tur\u00edsticas n\u00e3o t\u00eam a aflu\u00eancia de outrora. Mas, se a montanha n\u00e3o vai a Maom\u00e9, vai Maom\u00e9 \u00e0 montanha e foi isso que fizemos no Imovirtual \u2013 trouxemos 7 maravilhas do mundo, que podem n\u00e3o ser as oficiais, mas que n\u00e3o deixam de ser impressionantes obras de arte, para o nosso belo Portugal.<\/p>\n<p>No nosso pa\u00eds existem in\u00fameras obras arquitet\u00f3nicas que n\u00e3o deixam ningu\u00e9m indiferente, como \u00e9 o caso do Cristo Rei, tamb\u00e9m famoso no Brasil e da Ponte 25 de Abril, t\u00e3o parecida com a conhecida Golden Gate Bridge em S\u00e3o Francisco. Por\u00e9m, decidimos trazer 7 dos monumentos mais emblem\u00e1ticos do mundo para Portugal e torn\u00e1mo-los um pouco nossos. J\u00e1 imaginaste o que \u00e9 poderes visitar a Torre Eiffel na Pra\u00e7a do Com\u00e9rcio? Pode parecer um pouco estranho, mas ao mesmo tempo curioso e nesta altura em que devemos evitar viagens pelo mundo, era mesmo o ideal!&nbsp;<\/p>\n<p>Cada um destes monumentos foi pensado e adaptado para corresponder a uma cidade portuguesa. Todos eles constru\u00eddos com materiais que nos identificam enquanto povo, como os azulejos ou mesmo a cal\u00e7ada portuguesa. Vem conhec\u00ea-los:<\/p>\n<\/p>\n<h2><strong>Torre Eiffel: Lisboa&nbsp;<\/strong><\/h2>\n<p class=\" block-img\"><img decoding=\"async\" src=\"https:\/\/www.imovirtual.com\/noticias\/wp-content\/uploads\/2022\/11\/b8e52204-2634-4f9b-931c-8fc5da367b49_7.png\" alt=\"torre eiffel em lisboa\"><\/p>\n<p>Na capital francesa ergue-se um monumento que ficar\u00e1 para sempre na hist\u00f3ria do pa\u00eds. Um s\u00edmbolo para os parisienses e para toda a Fran\u00e7a. E um dos edif\u00edcios mais ic\u00f3nicos e famosos em todo o mundo.&nbsp;<\/p>\n<p><a href=\"https:\/\/www.eurodicas.com.br\/como-morar-em-portugal\/\" target=\"_blank\" rel=\"noopener\">Em Portugal<\/a>, temos o s\u00edtio perfeito para colocar esta magnificente constru\u00e7\u00e3o: no centro da Pra\u00e7a mais famosa da Lusit\u00e2nia e numa das maiores da Europa, a Pra\u00e7a do Com\u00e9rcio. \u00c9 a porta que d\u00e1 acesso direto ao Rio Tejo e \u00e0 baixa da nossa capital. Ainda muito conhecida pelos lisboetas pelo seu anterior nome, Terreiro do Pa\u00e7o, \u00e9 um local que n\u00e3o deixa ningu\u00e9m indiferente pela sua amplitude e beleza arquitet\u00f3nica, com os arcos a enfeit\u00e1-la.<\/p>\n<p>Se a Torre Eiffel viesse para Portugal n\u00e3o seria o \u00fanico monumento constru\u00eddo por Eiffel por estas bandas, sendo que conta com mais de 80 projetos com a assinatura do mesmo no nosso pa\u00eds. O mais famoso \u00e9 a ponte Maria Pia no Porto. No entanto, a Torre Eiffel em <a href=\"https:\/\/www.imovirtual.com\/comprar\/apartamento\/lisboa\/?search%5Bdescription%5D=1&amp;search%5Border%5D=filter_float_price%3Aasc&amp;search%5Bregion_id%5D=11&amp;search%5Bsubregion_id%5D=153\" target=\"_blank\" rel=\"noopener\">Lisboa<\/a> n\u00e3o seria uma t\u00edpica constru\u00e7\u00e3o deste famoso engenheiro. Seria uma constru\u00e7\u00e3o que qualquer portugu\u00eas reconheceria como sua. Seria uma torre revestida de azulejos, uma das marcas representativas da cultura portuguesa. Usado como elemento arquitet\u00f3nico e decorativo, para representar um acontecimento hist\u00f3rico, ou apenas para revestir a fachada de um apartamento, \u00e9 um elemento que decora o nosso pa\u00eds de norte a sul.<\/p>\n<p>Qualquer pessoa iria querer desesperadamente um <a href=\"https:\/\/www.imovirtual.com\/comprar\/apartamento\/santa-maria-maior-lisboa\/?search%5Bdescription%5D=1&amp;search%5Border%5D=filter_float_price%3Aasc&amp;search%5Bregion_id%5D=11&amp;search%5Bsubregion_id%5D=153&amp;search%5Bcity_id%5D=11540545\" target=\"_blank\" rel=\"noopener\">apartamento no Rossio<\/a> para conseguir chegar bem cedo \u00e0 Torre Eiffel e evitar filas intermin\u00e1veis. Um <a href=\"https:\/\/www.imovirtual.com\/comprar\/apartamento\/misericordia-lisboa\/q-bairro-alto\/?search%5Bfilter_enum_rooms_num%5D%5B0%5D=2&amp;search%5Bdescription%5D=1&amp;search%5Border%5D=filter_float_price%3Aasc&amp;search%5Bregion_id%5D=11&amp;search%5Bsubregion_id%5D=153&amp;search%5Bcity_id%5D=11540541\" target=\"_blank\" rel=\"noopener\">T2 no Bairro Alto<\/a> teria uma maravilhosa e estonteante vista para o rio com a Torre Eiffel a adornar toda a paisagem. Ou ent\u00e3o um <a href=\"https:\/\/www.imovirtual.com\/comprar\/apartamento\/almada-cova-da-piedade-pragal-e-cacilhas-almada\/?search%5Bfilter_enum_rooms_num%5D%5B0%5D=1&amp;search%5Bdescription%5D=1&amp;search%5Border%5D=filter_float_price%3Aasc&amp;search%5Bregion_id%5D=15&amp;search%5Bsubregion_id%5D=220&amp;search%5Bcity_id%5D=15731724\" target=\"_blank\" rel=\"noopener\">T1 em Cacilhas<\/a> para um casal rom\u00e2ntico todos os dias fazer a travessia do Rio Tejo at\u00e9 chegar \u00e0 famosa e bela torre.<\/p>\n<\/p>\n<h2><strong>Est\u00e1tua da Liberdade: Porto<\/strong><\/h2>\n<p class=\" block-img\"><img decoding=\"async\" src=\"https:\/\/www.imovirtual.com\/noticias\/wp-content\/uploads\/2022\/11\/d0d7f5e2-6923-4c48-95e4-c88a1adeb149_6.png\" alt=\"est\u00e1tua da liberdade no porto\"><\/p>\n<p>\u201cAntiga, Mui Nobre, Sempre Leal e Invicta\u201d, a express\u00e3o que de certeza j\u00e1 deve ter ouvido de algu\u00e9m que se referia \u00e0 cidade do <a href=\"https:\/\/www.imovirtual.com\/comprar\/apartamento\/porto\/?search%5Bdescription%5D=1&amp;search%5Border%5D=filter_float_price%3Aasc&amp;search%5Bregion_id%5D=13&amp;search%5Bsubregion_id%5D=190\" target=\"_blank\" rel=\"noopener\">Porto<\/a>. Mas o que significa afinal a palavra invicta? Significa nada mais, nada menos que invenc\u00edvel. Esta denomina\u00e7\u00e3o da cidade tem origem n\u2019 O Cerco do Porto, que aconteceu durante as Guerras Liberais (1832 \u2013 1834). Durante mais de um ano as tropas liberais estiveram cercadas. Foi esta resist\u00eancia que fez com que os liberais, comandados por D. Pedro, vencessem esta longa batalha. Tornando assim, aos olhos de D. Maria II, sucessora do trono, a cidade invenc\u00edvel.&nbsp;<\/p>\n<p>Sem d\u00favida que o Porto merecia que se erguesse uma est\u00e1tua emblem\u00e1tica representativa desta grande e imensa vit\u00f3ria, que mudou o rumo da hist\u00f3ria de Portugal. Para isso, na vis\u00e3o do Imovirtual, n\u00e3o h\u00e1 est\u00e1tua que fa\u00e7a mais sentido do que a Est\u00e1tua da Liberdade, que passaria a representar a vit\u00f3ria dos liberais, perante os absolutistas.&nbsp;<\/p>\n<p>Esta est\u00e1tua seria feita de madeira, mas n\u00e3o de uma madeira qualquer. O Vinho do Porto \u00e9 um s\u00edmbolo ineg\u00e1vel n\u00e3o s\u00f3 desta cidade, como tamb\u00e9m do nosso pa\u00eds. Portanto, a nossa Est\u00e1tua da Liberdade seria feita da madeira das pipas do Vinho do Porto, com um cinto de metal para estilizar a bela figura da senhora.&nbsp;<\/p>\n<p>Imagine agora o que seria arrendar um <a href=\"https:\/\/www.imovirtual.com\/arrendar\/apartamento\/porto\/?search%5Bdescription%5D=1&amp;search%5Border%5D=filter_float_price%3Aasc&amp;search%5Bregion_id%5D=13&amp;search%5Bsubregion_id%5D=190\" target=\"_blank\" rel=\"noopener\">apartamento no Porto<\/a> com uma vista magn\u00edfica sobre a cidade e ao fundo poder contemplar a Est\u00e1tua da Liberdade. Ou um <a href=\"https:\/\/www.imovirtual.com\/arrendar\/apartamento\/lordelo-do-ouro-e-massarelos-porto\/?search%5Bdescription%5D=1&amp;search%5Border%5D=filter_float_price%3Aasc&amp;search%5Bregion_id%5D=13&amp;search%5Bsubregion_id%5D=190&amp;search%5Bcity_id%5D=13643794\" target=\"_blank\" rel=\"noopener\">T2 pr\u00f3ximo do Miradouro de Santa Catarina<\/a> onde podia contemplar o rio a unir-se ao mar e a Est\u00e1tua a enfeitar a paisagem (maravilhoso!).&nbsp;<\/p>\n<\/p>\n<h2><strong>Coliseu: Viana do Castelo<\/strong><\/h2>\n<p class=\" block-img\"><img decoding=\"async\" src=\"https:\/\/www.imovirtual.com\/noticias\/wp-content\/uploads\/2022\/11\/b124003c-1edc-47ce-a9da-52a096ea200d_5.png\" alt=\"coliseu de roma em viana do castelo\"><\/p>\n<p>O Coliseu \u00e9 o maior e mais famoso s\u00edmbolo do Imp\u00e9rio Romano. Foi criado como um espa\u00e7o de entretenimento do povo. Era um anfiteatro onde se assistia a espet\u00e1culos e onde os gladiadores romanos lutavam.&nbsp;<\/p>\n<p>C\u00e1 em Portugal somos mais pacatos e as lutas nunca fizeram parte da nossa cultura. No entanto, os vest\u00edgios do Imp\u00e9rio Romano no nosso pa\u00eds s\u00e3o muitos. \u00c9 na cidade minhota de <a href=\"https:\/\/www.imovirtual.com\/comprar\/apartamento\/viana-do-castelo\/?search%5Bdescription%5D=1&amp;search%5Border%5D=filter_float_price%3Aasc&amp;search%5Bregion_id%5D=16&amp;search%5Bsubregion_id%5D=239\" target=\"_blank\" rel=\"noopener\">Viana do Castelo<\/a>, que podemos encontrar a Cit\u00e2nia de Santa Luzia, um dos castros mais importantes para o estudo da Romaniza\u00e7\u00e3o do Alto Minho.<\/p>\n<p>Assim, decidimos transportar o famoso Coliseu para esta cidade, exatamente para o Monte de Santa Luzia, onde se encontram as ru\u00ednas das antigas povoa\u00e7\u00f5es romanas.<\/p>\n<p>Seria decorado com uma das mais famosas e belas artes pela qual Portugal, mais concretamente Viana do Castelo, \u00e9 conhecido: a Filigrana. \u00c9 uma arte milenar e foi durante o Imp\u00e9rio Romano que a palavra teve origem. Este Coliseu n\u00e3o iria deixar ningu\u00e9m indiferente e nos finais de tarde, o sol refletiria nos finos fios de ouro e toda a cidade emanaria um brilho intenso.&nbsp;<\/p>\n<p>Toda a avenida de Viana do Castelo ganharia uma nova vida e um <a href=\"https:\/\/www.imovirtual.com\/comprar\/apartamento\/viana-do-castelo-santa-maria-maior-e-monserrate-e-meadela-viana-do-castelo\/?search%5Bdescription%5D=1&amp;search%5Border%5D=filter_float_price%3Aasc&amp;search%5Bregion_id%5D=16&amp;search%5Bsubregion_id%5D=239&amp;search%5Bcity_id%5D=16786480\" target=\"_blank\" rel=\"noopener\">apartamento no centro da cidade<\/a> com vista direta para o Monte de Santa Luzia teria uma luz natural intensa e m\u00e1gica.&nbsp;<\/p>\n<\/p>\n<h2><strong>Red Square: Braga<\/strong><\/h2>\n<p class=\" block-img\"><img decoding=\"async\" src=\"https:\/\/www.imovirtual.com\/noticias\/wp-content\/uploads\/2022\/11\/3eddf3c8-323c-4cef-bdc2-17aa99f23a26_4.png\" alt=\"red square em braga\"><\/p>\n<p>A Red Square ou Pra\u00e7a Vermelha \u00e9 um dos monumentos mais belos do mundo. Um edif\u00edcio grandioso, com uma arquitetura <em>sui generis<\/em>, pintado com cores vibrantes que harmonizam na perfei\u00e7\u00e3o. Monumento considerado patrim\u00f3nio mundial, \u00e9 o cora\u00e7\u00e3o e a alma de Moscovo e da R\u00fassia.<\/p>\n<p>Com estas informa\u00e7\u00f5es, em Portugal, s\u00f3 nos conseguimos lembrar de uma cidade onde existe um monumento igualmente grandioso e onde a Red Square encaixaria na perfei\u00e7\u00e3o: em <a href=\"https:\/\/www.imovirtual.com\/comprar\/apartamento\/braga\/?search%5Bdescription%5D=1&amp;search%5Border%5D=filter_float_price%3Aasc&amp;search%5Bregion_id%5D=3&amp;search%5Bsubregion_id%5D=36\" target=\"_blank\" rel=\"noopener\">Braga<\/a>, no famoso Bom Jesus.<\/p>\n<p>O Bom Jesus \u00e9 o sacromonte mais simb\u00f3lico e grandioso de toda a Europa e, tal como a Red Square, foi classificado pela UNESCO como Patrim\u00f3nio Cultural Mundial da Humanidade. Obviamente, ao trazer a Pra\u00e7a Vermelha para aqui o n\u00famero de visitantes ia explodir porque Moscovo n\u00e3o tem a vista do nosso Bom Jesus de Braga.<\/p>\n<p>Seria uma Red Square de cores fortes e vibrantes, de cer\u00e2mica com as cores do famoso Galo de Barcelos (cidade que fica a dois passos de Braga). O Galo de Barcelos \u00e9 o s\u00edmbolo de Portugal, tanto que em qualquer montra de uma loja de <em>souvenirs<\/em> de norte a sul do pa\u00eds encontram-se galos de Barcelos de todos os tamanhos e feitios. \u00c9 inconfund\u00edvel, e um monumento t\u00e3o pr\u00f3ximo da cidade de origem do Galo s\u00f3 poderia ser feito com as cores dele.<\/p>\n<p>Agora pense s\u00f3 como seria viver no centro da cidade de Braga e no monte que se avista de quase todos os pontos da cidade, em vez de se vislumbrar o Bom Jesus, que j\u00e1 \u00e9 um edif\u00edcio imponente, contemplar-se-ia a Pra\u00e7a Vermelha em azul, amarelo, preto, vermelho e branco, incr\u00edvel, n\u00e3o \u00e9? As rendas das casas iriam disparar e um <a href=\"https:\/\/www.imovirtual.com\/arrendar\/apartamento\/braga\/?search%5Bfilter_enum_rooms_num%5D%5B0%5D=1&amp;search%5Bdescription%5D=1&amp;search%5Border%5D=filter_float_price%3Aasc&amp;search%5Bregion_id%5D=3&amp;search%5Bsubregion_id%5D=36\" target=\"_blank\" rel=\"noopener\">T1 em Braga<\/a> ia passar a ser um achado. E um <a href=\"https:\/\/www.imovirtual.com\/comprar\/apartamento\/braga\/?search%5Bfilter_enum_rooms_num%5D%5B0%5D=3&amp;search%5Bfilter_enum_characteristics%5D%5B0%5D=terraco&amp;search%5Bdescription%5D=1&amp;search%5Border%5D=filter_float_price%3Aasc&amp;search%5Bregion_id%5D=3&amp;search%5Bsubregion_id%5D=36\" target=\"_blank\" rel=\"noopener\">T3 com terra\u00e7o<\/a> para passar as noites de ver\u00e3o com a Pra\u00e7a como paisagem de fundo, um sonho.<\/p>\n<\/p>\n<h2><strong>Taj Mahal: Coimbra<\/strong><\/h2>\n<p class=\" block-img\"><img decoding=\"async\" src=\"https:\/\/www.imovirtual.com\/noticias\/wp-content\/uploads\/2022\/11\/c3e8dd8b-df1f-452c-93f7-6d07526881e5_3.png\" alt=\"taj mahal em coimbra\"><\/p>\n<p>Por tr\u00e1s de um monumento t\u00e3o majestoso, emblem\u00e1tico e sublime s\u00f3 poderia ter estado uma hist\u00f3ria de amor. O Taj Mahal foi mandado construir pelo imperador Shan Jahan para honrar a mem\u00f3ria da sua terceira esposa, a mulher mais amada pelo imperador. Viveram um amor durante 19 anos at\u00e9 \u00e0 morte da princesa, que faleceu ao dar \u00e0 luz o 14.\u00ba filho do casal. A morte da amada abalou de tal forma Jahan que teve a necessidade de homenage\u00e1-la com a constru\u00e7\u00e3o do imponente Taj Mahal (grande prova de amor, n\u00e3o?).&nbsp;<\/p>\n<p>Foi tamb\u00e9m em Portugal que se deu uma das hist\u00f3rias de amor mais marcantes: o fatal amor entre D. Pedro e D. In\u00eas, conhecidos como o Romeu e Julieta lusitanos. Os dois viveram um amor proibido durante 10 anos no antigo Pa\u00e7o de Santa Clara, em <a href=\"https:\/\/www.imovirtual.com\/comprar\/apartamento\/coimbra\/?search%5Bdescription%5D=1&amp;search%5Border%5D=filter_float_price%3Aasc&amp;search%5Bregion_id%5D=6&amp;search%5Bsubregion_id%5D=73\" target=\"_blank\" rel=\"noopener\">Coimbra<\/a>. Foi na Quinta das L\u00e1grimas, parque da cidade dos estudantes e poetas, que In\u00eas teve o seu tr\u00e1gico final. O rei D. Afonso IV, o maior opositor desta uni\u00e3o, mandou assassinar D. In\u00eas.&nbsp;<\/p>\n<p>Perante duas hist\u00f3rias de amor t\u00e3o belas e tr\u00e1gicas, D. Pedro poderia, tal como Jahan, mandar erguer um Taj Mahal portugu\u00eas. Como n\u00e3o aconteceu, o Imovirtual vai faz\u00ea-lo. Seria um monumento igualmente suntuoso e imponente, mas em vez de se usarem pedras preciosas e m\u00e1rmore para o construir, usar-se-ia o t\u00e3o famoso barro portugu\u00eas. O barro que recorda a nossa inf\u00e2ncia, os momentos de conv\u00edvio passados em volta da mesa. O barro decorado com cora\u00e7\u00f5es, flores e todos os apontamentos rom\u00e2nticos que caracterizam n\u00e3o s\u00f3 a nossa na\u00e7\u00e3o, como estas duas hist\u00f3rias de amor.&nbsp;<\/p>\n<p>J\u00e1 imaginou o que era poder comprar ou arrendar um apartamento em Coimbra ao lado do Taj Mahal? Se tem uma veia rom\u00e2ntica, procure j\u00e1 o seu <a href=\"https:\/\/www.imovirtual.com\/comprar\/apartamento\/coimbra\/?search%5Bfilter_enum_rooms_num%5D%5B0%5D=1&amp;search%5Bdescription%5D=1&amp;search%5Border%5D=filter_float_price%3Aasc&amp;search%5Bregion_id%5D=6&amp;search%5Bsubregion_id%5D=73\" target=\"_blank\" rel=\"noopener\">T1 na cidade das letras<\/a>.<\/p>\n<h2><strong>Pir\u00e2mides de Giz\u00e9: Santar\u00e9m<\/strong><\/h2>\n<p class=\" block-img\"><img decoding=\"async\" src=\"https:\/\/www.imovirtual.com\/noticias\/wp-content\/uploads\/2022\/11\/4340cc65-3884-4bf3-8ee4-25d6453c0fcb_2.png\" alt=\"pir\u00e2mide de giz\u00e9 em santar\u00e9m\"><\/p>\n<p>As pir\u00e2mides de Giz\u00e9 s\u00e3o talvez o monumento mais distinto e magn\u00e2nimo do mundo. Causador de grande curiosidade pela inc\u00f3gnita da sua origem e pela forma como tais pir\u00e2mides poderam ter sido constru\u00eddas h\u00e1 tantos milhares de anos.&nbsp;<\/p>\n<p>\u00c9 no Planalto de Giz\u00e9, a 18 quil\u00f3metros do Cairo que podemos encontrar estas t\u00e3o conhecidas Pir\u00e2mides. Ora, <a href=\"https:\/\/www.imovirtual.com\/comprar\/apartamento\/santarem\/?search%5Bdescription%5D=1&amp;search%5Border%5D=filter_float_price%3Aasc&amp;search%5Bregion_id%5D=14&amp;search%5Bsubregion_id%5D=212\" target=\"_blank\" rel=\"noopener\">Santar\u00e9m<\/a> localiza-se precisamente no alto de um planalto e, tal como o Egipto, \u00e9 uma regi\u00e3o de Portugal muito quente e extremamente seca, quase recordando um deserto. Pois bem, n\u00e3o haveria melhor local no pa\u00eds para encaixar as pir\u00e2mides de Giz\u00e9 a n\u00e3o ser nesta bela cidade ribatejana.<\/p>\n<p>Para al\u00e9m disto, Santar\u00e9m \u00e9 composto por quinze mosteiros e cerca de quarenta ermidas, o que demonstra uma opul\u00eancia art\u00edstica e cultural \u00fanica. E ent\u00e3o se substitu\u00edssemos todas essas ermidas e mosteiros por pir\u00e2mides? S\u00e3o os tr\u00eas locais de culto e adora\u00e7\u00e3o, para n\u00e3o falar de que antigamente, em Portugal, existia a tradi\u00e7\u00e3o de enterrar reis, bispos e figuras c\u00e9lebres em mosteiros e igrejas, tal como no Egipto antigo enterravam os fara\u00f3s nas pir\u00e2mides.&nbsp;<\/p>\n<p>Um grande monumento como este em Portugal s\u00f3 poderia ser feito de uma grande heran\u00e7a hist\u00f3rica lusitana: a cal\u00e7ada portuguesa. Uma manifesta\u00e7\u00e3o da cultura, em padr\u00f5es perfeitamente sim\u00e9tricos, representativos ou n\u00e3o dos grandes feitos portugueses, a preto e branco. O palco de muitos percursos pedonais ao longo dos anos, a cal\u00e7ada portuguesa ornamenta o nosso pa\u00eds com a sua geometria harmoniosa que n\u00e3o deixa ningu\u00e9m indiferente.&nbsp;<\/p>\n<p>Viver em Santar\u00e9m teria talvez um custo mais elevado, mas morar numa casa com vista para uma pir\u00e2mide valeria a infla\u00e7\u00e3o. Vender uma casa ou apartamento seria um grande lucro e para quem quisesse comprar, talvez um <a href=\"https:\/\/www.imovirtual.com\/comprar\/apartamento\/santarem\/?search%5Bfilter_enum_rooms_num%5D%5B0%5D=1&amp;search%5Bdescription%5D=1&amp;search%5Border%5D=filter_float_price%3Aasc&amp;search%5Bregion_id%5D=14&amp;search%5Bsubregion_id%5D=212\" target=\"_blank\" rel=\"noopener\">T1 <\/a>ou <a href=\"https:\/\/www.imovirtual.com\/comprar\/apartamento\/santarem\/?search%5Bfilter_enum_rooms_num%5D%5B0%5D=2&amp;search%5Bdescription%5D=1&amp;search%5Border%5D=filter_float_price%3Aasc&amp;search%5Bregion_id%5D=14&amp;search%5Bsubregion_id%5D=212\" target=\"_blank\" rel=\"noopener\">T2<\/a> no centro da cidade, de prefer\u00eancia com vista para as incr\u00edveis pir\u00e2mides. Ou ent\u00e3o, lucrar com um airbnb, porque de certeza que a aflu\u00eancia a Santar\u00e9m iria explodir.<\/p>\n<\/p>\n<h2><strong>\u00d3pera de Sydney: Faro<\/strong><\/h2>\n<p class=\" block-img\"><img decoding=\"async\" src=\"https:\/\/www.imovirtual.com\/noticias\/wp-content\/uploads\/2022\/11\/08263264-256a-4d3f-a67b-dc016577697a_1.png\" alt=\"\u00f3pera de sydney em faro\"><\/p>\n<p>Sydney e Faro, o que t\u00eam em comum? Duas cidades junto ao mar, de grande import\u00e2ncia comercial para cada pa\u00eds e onde a l\u00edngua predominante \u00e9 o ingl\u00eas (<em>just kidding<\/em>).&nbsp;<\/p>\n<p>A constru\u00e7\u00e3o da \u00d3pera de Sydney mudou os paradigmas da arquitetura a n\u00edvel mundial. \u00c9 um dos mais extraordin\u00e1rios edif\u00edcios em todo o mundo, nas orlas do Oceano Pac\u00edfico. Considerado Patrim\u00f3nio da Humanidade desde 2007.&nbsp;<\/p>\n<p>Em Portugal, encaixar-se-ia na perfei\u00e7\u00e3o na capital do Algarve, em Faro. Mais concretamente, na Ilha da Culatra, tamb\u00e9m conhecida como Ilha do Farol, pertencente ao concelho de <a href=\"https:\/\/www.imovirtual.com\/comprar\/apartamento\/faro\/?search%5Bdescription%5D=1&amp;search%5Border%5D=filter_float_price%3Aasc&amp;search%5Bregion_id%5D=8&amp;search%5Bsubregion_id%5D=106\" target=\"_blank\" rel=\"noopener\">Faro<\/a>. Uma ilha m\u00e1gica, iluminada \u00e0 noite pela luz de um farol que guia os pescadores em busca da costa. Com a \u00d3pera localizada na orla desta ilha, mais facilmente seria avistada e atrair\u00eda as aten\u00e7\u00f5es mundiais que n\u00e3o iriam querer perder uma visita a t\u00e3o bela cidade e monumento.&nbsp;<\/p>\n<p>Por\u00e9m, em Portugal a \u00d3pera teria que ter um toque portugu\u00eas. Seria decorada com apontamentos em corti\u00e7a, material que tanto representa o nosso pa\u00eds. N\u00e3o falando que a corti\u00e7a \u00e9 um elemento ideal para tornar a ac\u00fastica dos espa\u00e7os perfeita. Ora bem, uma \u00d3pera com uma excelente ac\u00fastica \u00e9 o essencial para assistir a qualquer espet\u00e1culo.<\/p>\n<p>Arrendar ou comprar uma casa em Faro passaria a ser um desejo ainda mais forte, n\u00e3o apenas por estar ao lado das longas e magn\u00edficas praias algarvias, mas tamb\u00e9m por estar t\u00e3o pr\u00f3ximo de uma obra t\u00e3o espetacular. Alugar um <a href=\"https:\/\/www.imovirtual.com\/arrendar\/apartamento\/faro\/?search%5Bdescription%5D=1&amp;search%5Border%5D=filter_float_price%3Aasc&amp;search%5Bregion_id%5D=8&amp;search%5Bsubregion_id%5D=106\" target=\"_blank\" rel=\"noopener\">T3 em Faro<\/a> para passar as f\u00e9rias com os amigos, certamente se tornaria ainda mais apetec\u00edvel.&nbsp;<\/p>\n<\/p>\n<p><strong>Estas foram as nossas escolhas<\/strong>, agora queremos saber quais seriam as suas! Que monumentos escolheria para acrescentar a esta lista? E de que materiais os faria? Acha que algum deles faria sentido noutra cidade? Conte-nos tudo!&nbsp;<\/p>\n<\/p>\n<h2><strong>Leia mais &#8220;Imovirtual Originais&#8221;<\/strong><\/h2>\n<ul>\n<li>Um pal\u00e1cio feito moradia e uma garagem feita gin\u00e1sio: assim seria a casa de <a href=\"https:\/\/www.imovirtual.com\/noticias\/lifestyle\/tres-reis-uma-rainha-episodio-um\" target=\"_blank\" rel=\"noopener\"><strong>D. Afonso Henriques<\/strong><\/a>, primeiro rei de Portugal, em 2021<\/li>\n<li>Como seria em 2021 a casa da menina brasileira que foi <a href=\"https:\/\/www.imovirtual.com\/noticias\/lifestyle\/tres-reis-uma-rainha-episodio-tres\" target=\"_blank\" rel=\"noopener\"><strong>rainha de Portugal<\/strong><\/a>?<\/li>\n<li>Ambientalista e culto, <a href=\"https:\/\/www.imovirtual.com\/noticias\/lifestyle\/tres-reis-uma-rainha-d-dinis\" target=\"_blank\" rel=\"noopener\"><strong>D. Dinis<\/strong><\/a> seria um hippie-chic do s\u00e9culo 21. E esta seria a sua casa<\/li>\n<\/ul>\n<\/p>\n<div class=\"css-h5fkc8\"><strong>Ultima actualiza\u00e7\u00e3o:<\/strong> 28 julho 2021<\/div>\n","protected":false},"excerpt":{"rendered":"<p>Como seriam estas 7 maravilhas do mundo se fossem em Portugal? \u00c9 ineg\u00e1vel, estamos todos com muita vontade de fazer as malas e voltar a viajar pelo mundo. Ainda n\u00e3o o podemos fazer em total seguran\u00e7a e a verdade \u00e9 que as principais cidades e atra\u00e7\u00f5es tur\u00edsticas n\u00e3o t\u00eam a aflu\u00eancia de outrora. Mas, se &hellip;<\/p>\n","protected":false},"author":3,"featured_media":3608,"comment_status":"closed","ping_status":"open","sticky":false,"template":"","format":"standard","meta":{"footnotes":""},"categories":[3],"tags":[],"class_list":["post-3606","post","type-post","status-publish","format-standard","has-post-thumbnail","hentry","category-lifestyle"],"_links":{"self":[{"href":"https:\/\/www.imovirtual.com\/noticias\/wp-json\/wp\/v2\/posts\/3606","targetHints":{"allow":["GET"]}}],"collection":[{"href":"https:\/\/www.imovirtual.com\/noticias\/wp-json\/wp\/v2\/posts"}],"about":[{"href":"https:\/\/www.imovirtual.com\/noticias\/wp-json\/wp\/v2\/types\/post"}],"author":[{"embeddable":true,"href":"https:\/\/www.imovirtual.com\/noticias\/wp-json\/wp\/v2\/users\/3"}],"replies":[{"embeddable":true,"href":"https:\/\/www.imovirtual.com\/noticias\/wp-json\/wp\/v2\/comments?post=3606"}],"version-history":[{"count":0,"href":"https:\/\/www.imovirtual.com\/noticias\/wp-json\/wp\/v2\/posts\/3606\/revisions"}],"wp:featuredmedia":[{"embeddable":true,"href":"https:\/\/www.imovirtual.com\/noticias\/wp-json\/wp\/v2\/media\/3608"}],"wp:attachment":[{"href":"https:\/\/www.imovirtual.com\/noticias\/wp-json\/wp\/v2\/media?parent=3606"}],"wp:term":[{"taxonomy":"category","embeddable":true,"href":"https:\/\/www.imovirtual.com\/noticias\/wp-json\/wp\/v2\/categories?post=3606"},{"taxonomy":"post_tag","embeddable":true,"href":"https:\/\/www.imovirtual.com\/noticias\/wp-json\/wp\/v2\/tags?post=3606"}],"curies":[{"name":"wp","href":"https:\/\/api.w.org\/{rel}","templated":true}]}}