{"id":3567,"date":"2021-07-23T00:00:00","date_gmt":"2021-07-23T00:00:00","guid":{"rendered":"https:\/\/www.imovirtual.com\/noticias2\/2021\/07\/23\/lavandaria-domestica\/"},"modified":"2024-08-28T10:19:16","modified_gmt":"2024-08-28T10:19:16","slug":"lavandaria-domestica","status":"publish","type":"post","link":"https:\/\/www.imovirtual.com\/noticias\/lifestyle\/lavandaria-domestica\/","title":{"rendered":"Lavandaria em casa: como criar um espa\u00e7o bonito e funcional"},"content":{"rendered":"<p class=\"css-8qfla4\">\n<p class=\"css-m5h6m0 edperro0\">\n<h1><strong>Crie uma lavandaria dom\u00e9stica com estas dicas<\/strong><\/h1>\n<p>Lavar a roupa, estende-la e pass\u00e1-la a ferro \u00e9 uma das tarefas dom\u00e9sticas que se faz com mais frequ\u00eancia no nosso dia-a-dia. Nem todas as casas est\u00e3o preparadas para receber esta divis\u00e3o mas, ao contr\u00e1rio do que se possa pensar, \u00e9 muito f\u00e1cil criar uma lavandaria em casa. Com algum planeamento, vis\u00e3o e paci\u00eancia, ter\u00e1 um local para tratar das suas roupas que se enquadre na decora\u00e7\u00e3o da casa e que ao mesmo tempo seja funcional. Para isso, basta seguir as nossas dicas e p\u00f4r m\u00e3os \u00e0 obra.<\/p>\n<\/p>\n<h4>Mas se preferir encontrar uma casa j\u00e1 com esta caracter\u00edstica, pode procurar uma por entre os <a href=\"https:\/\/www.imovirtual.com\/comprar\/q-lavandaria\/?search%5Bdescription%5D=1\" target=\"_blank\" rel=\"noopener\"><strong>im\u00f3veis com lavandaria<\/strong><\/a> \u00e0 venda no Imovirtual!<\/h4>\n<h4><\/h4>\n<h2><strong>AS NOSSAS DICAS<\/strong><\/h2>\n<\/p>\n<h2><strong>Fa\u00e7a um plano<\/strong><\/h2>\n<p class=\" block-img\"><img decoding=\"async\" src=\"https:\/\/www.imovirtual.com\/noticias\/wp-content\/uploads\/2022\/11\/fac20753-8444-408b-9ab4-5404f23f260a_Copia-de-Sem-nome-2021-07-15T184803.088.png\" alt=\"planeamento de lavandaria\"><\/p>\n<p>Estabelecer prioridades \u00e9 o segredo para o sucesso de qualquer projeto e este n\u00e3o \u00e9 exce\u00e7\u00e3o. Pense no que seria \u00fatil ter na sua lavandaria dom\u00e9stica: talvez um lavat\u00f3rio para fazer as lavagens \u00e0 m\u00e3o de pe\u00e7as de roupa delicadas ou um ver\u00e3o para pendurar a roupa que sai da m\u00e1quina de secar e que necessita de ser passada a ferro. Provavelmente vai precisar de um s\u00edtio para guardar produtos de limpeza, ferros de engomar, sacos para lavagem de roupas. Mediante o tamanho do espa\u00e7o que tem dispon\u00edvel para a sua lavandaria, pense naquilo que poder\u00e1 fazer sentido para lhe facilitar o dia-a-dia.<\/p>\n<\/p>\n<h2><strong>Escolha as m\u00e1quinas<\/strong><\/h2>\n<p class=\" block-img\"><img decoding=\"async\" src=\"https:\/\/www.imovirtual.com\/noticias\/wp-content\/uploads\/2022\/11\/b9b9890a-d46f-434d-b114-3dced82d97a2_Copia-de-Sem-nome-2021-07-15T184713.080.png\" alt=\"m\u00e1quinas de lavar e secar\"><\/p>\n<p>Claro que as estrelas da lavandaria ser\u00e3o, sem quaisquer d\u00favidas, as m\u00e1quinas de lavar e secar. Isto se optar por esta \u00faltima &#8211; pode sempre instalar um estendal interno para secar a sua roupa sem fazer consumos elevados de energia, poupando o ambiente e a fatura da luz. \u00c9 importante escolher uma m\u00e1quina de lavar a roupa que satisfa\u00e7a as suas necessidades, como mais ou menos capacidade (kg) e cujos programas de lavagem sejam do seu agrado. Posto isto, tire as medidas para n\u00e3o ter surpresas. Certifique-se que os eletrodom\u00e9sticos cabem nos espa\u00e7os que planeou para eles e que se encaixam na disposi\u00e7\u00e3o da divis\u00e3o. <\/p>\n<\/p>\n<h2><strong>Arruma\u00e7\u00e3o nunca \u00e9 demais<\/strong><\/h2>\n<p class=\" block-img\"><img decoding=\"async\" src=\"https:\/\/www.imovirtual.com\/noticias\/wp-content\/uploads\/2022\/11\/e1aca4d3-1273-4ba5-938b-4f7747ac51b7_Copia-de-Sem-nome-2021-07-15T185241.601.png\" alt=\"arruma\u00e7\u00e3o lavandaria\"><\/p>\n<p>Quando estiver a planear a disposi\u00e7\u00e3o da sua lavandaria, pense que arruma\u00e7\u00e3o nunca \u00e9 demais. Lembre-se que neste espa\u00e7o vai acumular um grande n\u00famero de objetos como frascos de amaciador, tira n\u00f3doas, p\u00e9rolas de cheiro, detergente, cestos de roupa para lavar, ferros de engomar, t\u00e1buas de passar a ferro, escovas para remo\u00e7\u00e3o de n\u00f3doas, etc etc. Pense num espa\u00e7o como um todo e otimize-o para conseguir tirar melhor partido dele. <\/p>\n<\/p>\n<h2><strong>N\u00e3o se esque\u00e7a dos produtos de limpeza<\/strong><\/h2>\n<p class=\" block-img\"><img decoding=\"async\" src=\"https:\/\/www.imovirtual.com\/noticias\/wp-content\/uploads\/2022\/11\/99071e89-de37-407e-8ff0-1c052dd0e866_Copia-de-Sem-nome-2021-07-15T185501.300.png\" alt=\"detergente roupa\"><\/p>\n<p>Se os eletrom\u00e9sticos s\u00e3o as estrelas da lavandaria, os produtos de limpeza \u00e9 que os fazem brilhar. Fa\u00e7a uma lista com as suas necessidades e mantenha-a sempre por perto para saber aquilo que lhe falta. Assim, al\u00e9m de n\u00e3o correr o risco de deixar acabar o amaciador, tamb\u00e9m evita de andar nos corredores de limpeza do supermercado a comprar produtos em excesso. Para o ajudar nesta tarefa, deixamos-lhe alguns dos detergentes mais usados nas lavanderias:<\/p>\n<ul>\n<li>Detergente para a roupa (em p\u00f3, l\u00edquido ou em c\u00e1psulas)<\/li>\n<li>Amaciador (concentrado ou n\u00e3o)<\/li>\n<li>P\u00e9rolas de Cheiro<\/li>\n<li>Tira-n\u00f3doas (p\u00f3, gel, spray)<\/li>\n<li>Detergente manual<\/li>\n<li>Branqueador de Roupa<\/li>\n<li>Toalhitas Anti-Transf\u00eancia de Cor<\/li>\n<li>L\u00edxivia<\/li>\n<li>Detergente da Loi\u00e7a (ideal para remover n\u00f3doas de gordura)<\/li>\n<\/ul>\n<h2><strong>Decore o espa\u00e7o a seu gosto<\/strong><\/h2>\n<p class=\" block-img\"><img decoding=\"async\" src=\"https:\/\/www.imovirtual.com\/noticias\/wp-content\/uploads\/2022\/11\/29422321-c134-46fb-b6bf-f951c3783725_Copia-de-Sem-nome-2021-07-15T185114.009.png\" alt=\"decora\u00e7\u00e3o lavandaria\"><\/p>\n<p>Como qualquer outro espa\u00e7o, a lavandaria pode e deve ser decorada ao seu gosto. L\u00e1 por ser um &#8220;local de trabalho&#8221; n\u00e3o quer dizer que seja um s\u00edtio frio e  aborrecido. Experimente decorar a sua lavandaria com os pr\u00f3prios produtos de limpeza, investindo em pulverizadores, frascos e jarras de vidro para armazenar <em>sprays<\/em>, p\u00f3s, c\u00e1psulas e p\u00e9rolas. Adicione um tapete para deixar a divis\u00e3o mais aconchegante e traga a natureza a este lugar, com algumas plantas. N\u00e3o se esque\u00e7a de decorar as paredes: talvez com um poster de um &#8220;Guia para Lavanderia&#8221;. Assim al\u00e9m de enfeitar o espa\u00e7o, ainda tem acesso a informa\u00e7\u00e3o \u00fatil que pode evitar que encolha aquelas cal\u00e7as de licra que tanto gosta. <\/p>\n<p class=\" block-img\"><img decoding=\"async\" src=\"https:\/\/www.imovirtual.com\/noticias\/wp-content\/uploads\/2022\/11\/af14b393-f5d1-4a75-8368-42f656903033_Copia-de-Banners-Autores-3.png\" alt=\"Maria Lu\u00edsa Autor Imovirtual\"><\/p>\n<h5><em>Maria Lu\u00edsa \u00e9 a decoradora. A paix\u00e3o pela decora\u00e7\u00e3o surgiu desde muito cedo, quando as paredes se tornaram folhas de desenho. Juntou o \u00fatil ao agrad\u00e1vel e fez da voca\u00e7\u00e3o o seu trabalho. Est\u00e1 a cargo dos temas sobre &#8216;Decora\u00e7\u00e3o&#8217; do Blog do Imovirtual. <\/em><\/h5>\n<\/p>\n<h4><strong>Tamb\u00e9m lhe pode interessar<\/strong><\/h4>\n<ul>\n<li>Feng Shui e a import\u00e2ncia da <a href=\"https:\/\/www.imovirtual.com\/noticias\/decoracao\/feng-shui-importancia-cabeceira-cama\" target=\"_blank\" rel=\"noopener\"><strong>cabeceira da cama<\/strong><\/a><\/li>\n<li>Tend\u00eancias para <a href=\"https:\/\/www.imovirtual.com\/noticias\/decoracao\/tendencias-decoracao-quarto-2021\" target=\"_blank\" rel=\"noopener\"><strong>decora\u00e7\u00e3o de quartos<\/strong><\/a> em 2021<\/li>\n<li>Saiba como organizar os arquivos do seu <a href=\"https:\/\/www.imovirtual.com\/noticias\/decoracao\/organizar-arquivos-do-escritorio\" target=\"_blank\" rel=\"noopener\"><strong>escrit\u00f3rio<\/strong><\/a><\/li>\n<\/ul>\n<\/p>\n<div class=\"css-h5fkc8\"><strong>Ultima actualiza\u00e7\u00e3o:<\/strong> 23 julho 2021<\/div>\n","protected":false},"excerpt":{"rendered":"<p>Crie uma lavandaria dom\u00e9stica com estas dicas Lavar a roupa, estende-la e pass\u00e1-la a ferro \u00e9 uma das tarefas dom\u00e9sticas que se faz com mais frequ\u00eancia no nosso dia-a-dia. Nem todas as casas est\u00e3o preparadas para receber esta divis\u00e3o mas, ao contr\u00e1rio do que se possa pensar, \u00e9 muito f\u00e1cil criar uma lavandaria em casa. &hellip;<\/p>\n","protected":false},"author":3,"featured_media":3568,"comment_status":"closed","ping_status":"open","sticky":false,"template":"","format":"standard","meta":{"footnotes":""},"categories":[3],"tags":[],"class_list":["post-3567","post","type-post","status-publish","format-standard","has-post-thumbnail","hentry","category-lifestyle"],"_links":{"self":[{"href":"https:\/\/www.imovirtual.com\/noticias\/wp-json\/wp\/v2\/posts\/3567","targetHints":{"allow":["GET"]}}],"collection":[{"href":"https:\/\/www.imovirtual.com\/noticias\/wp-json\/wp\/v2\/posts"}],"about":[{"href":"https:\/\/www.imovirtual.com\/noticias\/wp-json\/wp\/v2\/types\/post"}],"author":[{"embeddable":true,"href":"https:\/\/www.imovirtual.com\/noticias\/wp-json\/wp\/v2\/users\/3"}],"replies":[{"embeddable":true,"href":"https:\/\/www.imovirtual.com\/noticias\/wp-json\/wp\/v2\/comments?post=3567"}],"version-history":[{"count":0,"href":"https:\/\/www.imovirtual.com\/noticias\/wp-json\/wp\/v2\/posts\/3567\/revisions"}],"wp:featuredmedia":[{"embeddable":true,"href":"https:\/\/www.imovirtual.com\/noticias\/wp-json\/wp\/v2\/media\/3568"}],"wp:attachment":[{"href":"https:\/\/www.imovirtual.com\/noticias\/wp-json\/wp\/v2\/media?parent=3567"}],"wp:term":[{"taxonomy":"category","embeddable":true,"href":"https:\/\/www.imovirtual.com\/noticias\/wp-json\/wp\/v2\/categories?post=3567"},{"taxonomy":"post_tag","embeddable":true,"href":"https:\/\/www.imovirtual.com\/noticias\/wp-json\/wp\/v2\/tags?post=3567"}],"curies":[{"name":"wp","href":"https:\/\/api.w.org\/{rel}","templated":true}]}}