{"id":3556,"date":"2021-07-22T00:00:00","date_gmt":"2021-07-22T00:00:00","guid":{"rendered":"https:\/\/www.imovirtual.com\/noticias2\/2021\/07\/22\/casas-grande-porto\/"},"modified":"2024-08-28T10:29:46","modified_gmt":"2024-08-28T10:29:46","slug":"casas-grande-porto","status":"publish","type":"post","link":"https:\/\/www.imovirtual.com\/noticias\/imobiliario\/casas-grande-porto\/","title":{"rendered":"Apartamentos para arrendar no Grande Porto"},"content":{"rendered":"<p class=\"css-8qfla4\">\n<p class=\"css-m5h6m0 edperro0\">\n<h1><strong>Casas para arrendar na \u00c1rea Metropolitana do Porto<\/strong><\/h1>\n<p>Encontrar casa para arrendar no Grande Porto n\u00e3o tem de ser um quebra-cabe\u00e7as. O&nbsp;<a href=\"https:\/\/www.imovirtual.com\/\" target=\"_blank\" rel=\"noopener\">Imovirtual<\/a>&nbsp;disp\u00f5e de uma grande oferta de apartamentos para arrendamento com as mais variadas caracter\u00edsticas, tipologias e \u00e1reas nas diferentes zonas que rodeiam a capital do pa\u00eds. Para o ajudar no processo de procura do im\u00f3vel dos seus sonhos, reunimos neste artigo algumas das oportunidades dispon\u00edveis no nosso Portal. Se mesmo assim n\u00e3o for aquilo que imaginou, queremos facilitar a sua pesquisa e para isso agrupamos os apartamentos por tipologia num s\u00f3 local &#8211; basta carregar no link de cada categoria para aceder \u00e0 lista de casas. Navegue pela oferta de im\u00f3veis dispon\u00edveis no nosso Portal e encontre a sua futura casa!<\/p>\n<p>Para consultar todo o cat\u00e1logo de im\u00f3veis dispon\u00edveis para arrendar no Grande Porto clique em:<\/p>\n<\/p>\n<h4><a href=\"https:\/\/www.imovirtual.com\/arrendar\/apartamento\/?search%5Border%5D=filter_float_price%3Aasc&amp;locations%5B0%5D%5Bregion_id%5D=1&amp;locations%5B0%5D%5Bsubregion_id%5D=4&amp;locations%5B1%5D%5Bregion_id%5D=1&amp;locations%5B1%5D%5Bsubregion_id%5D=7&amp;locations%5B2%5D%5Bregion_id%5D=13&amp;locations%5B2%5D%5Bsubregion_id%5D=182&amp;locations%5B3%5D%5Bregion_id%5D=13&amp;locations%5B3%5D%5Bsubregion_id%5D=184&amp;locations%5B4%5D%5Bregion_id%5D=13&amp;locations%5B4%5D%5Bsubregion_id%5D=186&amp;locations%5B5%5D%5Bregion_id%5D=1&amp;locations%5B5%5D%5Bsubregion_id%5D=13&amp;locations%5B6%5D%5Bregion_id%5D=13&amp;locations%5B6%5D%5Bsubregion_id%5D=188&amp;locations%5B7%5D%5Bregion_id%5D=13&amp;locations%5B7%5D%5Bsubregion_id%5D=190&amp;locations%5B8%5D%5Bregion_id%5D=13&amp;locations%5B8%5D%5Bsubregion_id%5D=191&amp;locations%5B9%5D%5Bregion_id%5D=1&amp;locations%5B9%5D%5Bsubregion_id%5D=9&amp;locations%5B10%5D%5Bregion_id%5D=13&amp;locations%5B10%5D%5Bsubregion_id%5D=192&amp;locations%5B11%5D%5Bregion_id%5D=1&amp;locations%5B11%5D%5Bsubregion_id%5D=16&amp;locations%5B12%5D%5Bregion_id%5D=13&amp;locations%5B12%5D%5Bsubregion_id%5D=196&amp;locations%5B13%5D%5Bregion_id%5D=1&amp;locations%5B13%5D%5Bsubregion_id%5D=19&amp;locations%5B14%5D%5Bregion_id%5D=13&amp;locations%5B14%5D%5Bsubregion_id%5D=193&amp;locations%5B15%5D%5Bregion_id%5D=13&amp;locations%5B15%5D%5Bsubregion_id%5D=194&amp;locations%5B16%5D%5Bregion_id%5D=13&amp;locations%5B16%5D%5Bsubregion_id%5D=195\" target=\"_blank\" rel=\"noopener\"><strong>Apartamentos para arrendar no Grande Porto<\/strong><\/a><\/h4>\n<\/p>\n<h2><strong>Apartamentos T0<\/strong><\/h2>\n<h4>Encontre aqui todos os an\u00fancios de&nbsp;<a href=\"https:\/\/www.imovirtual.com\/arrendar\/apartamento\/?search%5Bfilter_enum_rooms_num%5D%5B0%5D=zero&amp;search%5Border%5D=filter_float_price%3Aasc&amp;locations%5B0%5D%5Bregion_id%5D=1&amp;locations%5B0%5D%5Bsubregion_id%5D=4&amp;locations%5B1%5D%5Bregion_id%5D=1&amp;locations%5B1%5D%5Bsubregion_id%5D=7&amp;locations%5B2%5D%5Bregion_id%5D=13&amp;locations%5B2%5D%5Bsubregion_id%5D=182&amp;locations%5B3%5D%5Bregion_id%5D=13&amp;locations%5B3%5D%5Bsubregion_id%5D=184&amp;locations%5B4%5D%5Bregion_id%5D=13&amp;locations%5B4%5D%5Bsubregion_id%5D=186&amp;locations%5B5%5D%5Bregion_id%5D=1&amp;locations%5B5%5D%5Bsubregion_id%5D=13&amp;locations%5B6%5D%5Bregion_id%5D=13&amp;locations%5B6%5D%5Bsubregion_id%5D=188&amp;locations%5B7%5D%5Bregion_id%5D=13&amp;locations%5B7%5D%5Bsubregion_id%5D=190&amp;locations%5B8%5D%5Bregion_id%5D=13&amp;locations%5B8%5D%5Bsubregion_id%5D=191&amp;locations%5B9%5D%5Bregion_id%5D=1&amp;locations%5B9%5D%5Bsubregion_id%5D=9&amp;locations%5B10%5D%5Bregion_id%5D=13&amp;locations%5B10%5D%5Bsubregion_id%5D=192&amp;locations%5B11%5D%5Bregion_id%5D=1&amp;locations%5B11%5D%5Bsubregion_id%5D=16&amp;locations%5B12%5D%5Bregion_id%5D=13&amp;locations%5B12%5D%5Bsubregion_id%5D=196&amp;locations%5B13%5D%5Bregion_id%5D=1&amp;locations%5B13%5D%5Bsubregion_id%5D=19&amp;locations%5B14%5D%5Bregion_id%5D=13&amp;locations%5B14%5D%5Bsubregion_id%5D=193&amp;locations%5B15%5D%5Bregion_id%5D=13&amp;locations%5B15%5D%5Bsubregion_id%5D=194&amp;locations%5B16%5D%5Bregion_id%5D=13&amp;locations%5B16%5D%5Bsubregion_id%5D=195\" target=\"_blank\" rel=\"noopener\"><strong>Apartamentos T0 para arrendar no Grande Porto<\/strong><\/a>&nbsp;dispon\u00edveis no Imovirtual.<\/h4>\n<\/p>\n<h3>Paranhos, 400\u20ac<\/h3>\n<p class=\" block-img\"><img decoding=\"async\" src=\"https:\/\/www.imovirtual.com\/noticias\/wp-content\/uploads\/2022\/11\/73d984bb-7438-488b-9481-6e1ba0ff8f40_apartamento-t0-arca-de-agua.png\" alt=\"apartamento t0 paranhos porto para arrendar\"><\/p>\n<p><a href=\"https:\/\/www.imovirtual.com\/pt\/anuncio\/t0-jardim-de-arca-d-agua-com-lugar-de-garagem-ID16m9P.html#0e982d5fb4\" target=\"_blank\" rel=\"noopener\"><strong>Apartamento T0<\/strong><\/a> com lugar de garagem junto ao Jardim de Arca d&#8217; \u00c1gua, constitu\u00eddo por: cozinha equipada com placa, forno micro-ondas, frigor\u00edfico e m\u00e1quina de lavar a roupa, casa de banho com luz direta e com banheira e sala\/quarto (14 m2)<\/p>\n<h3>Matosinhos, 450\u20ac<\/h3>\n<p class=\" block-img\"><img decoding=\"async\" src=\"https:\/\/www.imovirtual.com\/noticias\/wp-content\/uploads\/2022\/11\/3681240a-cbef-45ac-90b8-d565860fbadf_apartamento-t0-sao-mamede-infesta.png\" alt=\"apartamento t0 para arrendar em s\u00e3o mamede infesta\"><\/p>\n<p><a href=\"https:\/\/www.imovirtual.com\/pt\/anuncio\/apartamento-t0-com-otimas-areas-ID16wsL.html#36aa923b7d\" target=\"_blank\" rel=\"noopener\"><strong>Apartamento T0<\/strong><\/a> com 51,83 m2  com lugar de garagem na circunvala\u00e7\u00e3o em S\u00e3o Mamede Infesta com \u00f3timos acessos.<\/p>\n<\/p>\n<h2><strong>Apartamentos T1<\/strong><\/h2>\n<h4>Encontre aqui todos os an\u00fancios de&nbsp;<a href=\"https:\/\/www.imovirtual.com\/arrendar\/apartamento\/?search%5Bfilter_enum_rooms_num%5D%5B0%5D=1&amp;search%5Border%5D=filter_float_price%3Aasc&amp;locations%5B0%5D%5Bregion_id%5D=1&amp;locations%5B0%5D%5Bsubregion_id%5D=4&amp;locations%5B1%5D%5Bregion_id%5D=1&amp;locations%5B1%5D%5Bsubregion_id%5D=7&amp;locations%5B2%5D%5Bregion_id%5D=13&amp;locations%5B2%5D%5Bsubregion_id%5D=182&amp;locations%5B3%5D%5Bregion_id%5D=13&amp;locations%5B3%5D%5Bsubregion_id%5D=184&amp;locations%5B4%5D%5Bregion_id%5D=13&amp;locations%5B4%5D%5Bsubregion_id%5D=186&amp;locations%5B5%5D%5Bregion_id%5D=1&amp;locations%5B5%5D%5Bsubregion_id%5D=13&amp;locations%5B6%5D%5Bregion_id%5D=13&amp;locations%5B6%5D%5Bsubregion_id%5D=188&amp;locations%5B7%5D%5Bregion_id%5D=13&amp;locations%5B7%5D%5Bsubregion_id%5D=190&amp;locations%5B8%5D%5Bregion_id%5D=13&amp;locations%5B8%5D%5Bsubregion_id%5D=191&amp;locations%5B9%5D%5Bregion_id%5D=1&amp;locations%5B9%5D%5Bsubregion_id%5D=9&amp;locations%5B10%5D%5Bregion_id%5D=13&amp;locations%5B10%5D%5Bsubregion_id%5D=192&amp;locations%5B11%5D%5Bregion_id%5D=1&amp;locations%5B11%5D%5Bsubregion_id%5D=16&amp;locations%5B12%5D%5Bregion_id%5D=13&amp;locations%5B12%5D%5Bsubregion_id%5D=196&amp;locations%5B13%5D%5Bregion_id%5D=1&amp;locations%5B13%5D%5Bsubregion_id%5D=19&amp;locations%5B14%5D%5Bregion_id%5D=13&amp;locations%5B14%5D%5Bsubregion_id%5D=193&amp;locations%5B15%5D%5Bregion_id%5D=13&amp;locations%5B15%5D%5Bsubregion_id%5D=194&amp;locations%5B16%5D%5Bregion_id%5D=13&amp;locations%5B16%5D%5Bsubregion_id%5D=195\" target=\"_blank\" rel=\"noopener\"><strong>Apartamentos T1 para arrendar no Grande Porto<\/strong><\/a>&nbsp;dispon\u00edveis no Imovirtual.<\/h4>\n<\/p>\n<h3>Cedofeita, Porto, 475\u20ac<\/h3>\n<p class=\" block-img\"><img decoding=\"async\" src=\"https:\/\/www.imovirtual.com\/noticias\/wp-content\/uploads\/2022\/11\/e9255f0c-983e-4881-a478-ccb9be82ce72_apartamento-t1-duplex-lapa-porto.png\" alt=\"apartamento t1 para arrendamento no porto cedofeita lapa\"><\/p>\n<p><a href=\"https:\/\/www.imovirtual.com\/pt\/anuncio\/t1-duplex-lapa-ID162Nq.html#1486b96b27\" target=\"_blank\" rel=\"noopener\"><strong>Apartamento T1<\/strong><\/a> Duplex espa\u00e7oso e com muita luminosidade, com uma \u00e1rea excelente. No piso t\u00e9rreo uma cozinha e uma sala em open space. No primeiro piso um amplo quarto servido com um WC completo. Situado num bairro residencial e com uma localiza\u00e7\u00e3o estrat\u00e9gica privilegiada.<\/p>\n<\/p>\n<h3>Antas, Porto, 495\u20ac<\/h3>\n<p class=\" block-img\"><img decoding=\"async\" src=\"https:\/\/www.imovirtual.com\/noticias\/wp-content\/uploads\/2022\/11\/f1fe0dfe-4941-429f-b899-775619e2b969_apartamento-t1-antas-porto.png\" alt=\"apartamento t1 antas para arrendar\"><\/p>\n<p><strong><a href=\"https:\/\/www.imovirtual.com\/pt\/anuncio\/andar-antas-dragao-mobilado-garagem-varanda-junto-ao-metro-ID15Ebv.html#1486b96b27\" target=\"_blank\" rel=\"noopener\">Apartamento T1<\/a> <\/strong>com lugar de garagem para 1 viatura. A casa est\u00e1 totalmente mobilada e a cozinha est\u00e1 equipada com frigor\u00edfico, placa el\u00e9trica&nbsp;e micro ondas com grill. Disp\u00f5e ainda de: roupeiros embutidos; pavimento em soalho; varanda; vigil\u00e2ncia 24h; acesso ao Shopping pelo interior. Com bons Acessos, metro \u00e1 Porta, junto ao Dolce Vita e ao Est\u00e1dio do Drag\u00e3o.<\/p>\n<\/p>\n<h2><strong>Apartamentos T2<\/strong><\/h2>\n<h4>Encontre aqui todos os an\u00fancios de&nbsp;<a href=\"https:\/\/www.imovirtual.com\/arrendar\/apartamento\/?search%5Bfilter_enum_rooms_num%5D%5B0%5D=2&amp;search%5Border%5D=filter_float_price%3Aasc&amp;locations%5B0%5D%5Bregion_id%5D=1&amp;locations%5B0%5D%5Bsubregion_id%5D=4&amp;locations%5B1%5D%5Bregion_id%5D=1&amp;locations%5B1%5D%5Bsubregion_id%5D=7&amp;locations%5B2%5D%5Bregion_id%5D=13&amp;locations%5B2%5D%5Bsubregion_id%5D=182&amp;locations%5B3%5D%5Bregion_id%5D=13&amp;locations%5B3%5D%5Bsubregion_id%5D=184&amp;locations%5B4%5D%5Bregion_id%5D=13&amp;locations%5B4%5D%5Bsubregion_id%5D=186&amp;locations%5B5%5D%5Bregion_id%5D=1&amp;locations%5B5%5D%5Bsubregion_id%5D=13&amp;locations%5B6%5D%5Bregion_id%5D=13&amp;locations%5B6%5D%5Bsubregion_id%5D=188&amp;locations%5B7%5D%5Bregion_id%5D=13&amp;locations%5B7%5D%5Bsubregion_id%5D=190&amp;locations%5B8%5D%5Bregion_id%5D=13&amp;locations%5B8%5D%5Bsubregion_id%5D=191&amp;locations%5B9%5D%5Bregion_id%5D=1&amp;locations%5B9%5D%5Bsubregion_id%5D=9&amp;locations%5B10%5D%5Bregion_id%5D=13&amp;locations%5B10%5D%5Bsubregion_id%5D=192&amp;locations%5B11%5D%5Bregion_id%5D=1&amp;locations%5B11%5D%5Bsubregion_id%5D=16&amp;locations%5B12%5D%5Bregion_id%5D=13&amp;locations%5B12%5D%5Bsubregion_id%5D=196&amp;locations%5B13%5D%5Bregion_id%5D=1&amp;locations%5B13%5D%5Bsubregion_id%5D=19&amp;locations%5B14%5D%5Bregion_id%5D=13&amp;locations%5B14%5D%5Bsubregion_id%5D=193&amp;locations%5B15%5D%5Bregion_id%5D=13&amp;locations%5B15%5D%5Bsubregion_id%5D=194&amp;locations%5B16%5D%5Bregion_id%5D=13&amp;locations%5B16%5D%5Bsubregion_id%5D=195\" target=\"_blank\" rel=\"noopener\"><strong>Apartamentos T2 para arrendar no Grande Porto<\/strong><\/a>&nbsp;dispon\u00edveis no Imovirtual.<\/h4>\n<\/p>\n<h3>Gondomar, 475\u20ac<\/h3>\n<p class=\" block-img\"><img decoding=\"async\" src=\"https:\/\/www.imovirtual.com\/noticias\/wp-content\/uploads\/2022\/11\/20098d1f-95b2-4335-8b16-662531793dac_apartamento-t2-gondomar.png\" alt=\"apartamento t2 em gondomar para arrendar\"><\/p>\n<p><a href=\"https:\/\/www.imovirtual.com\/pt\/anuncio\/t2-sao-cosme-av-gen-humberto-delgado-ID16xzo.html#b2ac64b6ae\" target=\"_blank\" rel=\"noopener\"><strong>Apartamento T2<\/strong><\/a> mobilado, com cozinha totalmente nova e equipada. Disp\u00f5e de p\u00e1tio com cerca de 14m2, marquise, recuperador de calor. Trata-se de um 4\u00ba andar sem elevador.<\/p>\n<h3>Valongo, 500\u20ac<\/h3>\n<p class=\" block-img\"><img decoding=\"async\" src=\"https:\/\/www.imovirtual.com\/noticias\/wp-content\/uploads\/2022\/11\/abbfcc1f-14ad-474d-b8c2-981c668077ae_apartamento-t2-valongo.png\" alt=\"apartamento t2 em valongo para arrendar\"><\/p>\n<p><a href=\"https:\/\/www.imovirtual.com\/pt\/anuncio\/apartamento-t2-arrendamento-em-valongo-valongo-ID16qyC.html#6a008d949e\" target=\"_blank\" rel=\"noopener\"><strong>Apartamento T2<\/strong><\/a> constitu\u00eddo por: cozinha semi-equipada, sala ampla, 2 quartos com roupeiros embutidos, Wc completo, hall de entrada e lavandaria.<br \/>Equipado com caixilharia dupla e inserido em edif\u00edcio com elevador.<\/p>\n<\/p>\n<h2><strong>Apartamentos T3<\/strong><\/h2>\n<h4>Encontre aqui todos os an\u00fancios de&nbsp;<a href=\"https:\/\/www.imovirtual.com\/arrendar\/apartamento\/?search%5Bfilter_enum_rooms_num%5D%5B0%5D=3&amp;search%5Border%5D=filter_float_price%3Aasc&amp;locations%5B0%5D%5Bregion_id%5D=1&amp;locations%5B0%5D%5Bsubregion_id%5D=4&amp;locations%5B1%5D%5Bregion_id%5D=1&amp;locations%5B1%5D%5Bsubregion_id%5D=7&amp;locations%5B2%5D%5Bregion_id%5D=13&amp;locations%5B2%5D%5Bsubregion_id%5D=182&amp;locations%5B3%5D%5Bregion_id%5D=13&amp;locations%5B3%5D%5Bsubregion_id%5D=184&amp;locations%5B4%5D%5Bregion_id%5D=13&amp;locations%5B4%5D%5Bsubregion_id%5D=186&amp;locations%5B5%5D%5Bregion_id%5D=1&amp;locations%5B5%5D%5Bsubregion_id%5D=13&amp;locations%5B6%5D%5Bregion_id%5D=13&amp;locations%5B6%5D%5Bsubregion_id%5D=188&amp;locations%5B7%5D%5Bregion_id%5D=13&amp;locations%5B7%5D%5Bsubregion_id%5D=190&amp;locations%5B8%5D%5Bregion_id%5D=13&amp;locations%5B8%5D%5Bsubregion_id%5D=191&amp;locations%5B9%5D%5Bregion_id%5D=1&amp;locations%5B9%5D%5Bsubregion_id%5D=9&amp;locations%5B10%5D%5Bregion_id%5D=13&amp;locations%5B10%5D%5Bsubregion_id%5D=192&amp;locations%5B11%5D%5Bregion_id%5D=1&amp;locations%5B11%5D%5Bsubregion_id%5D=16&amp;locations%5B12%5D%5Bregion_id%5D=13&amp;locations%5B12%5D%5Bsubregion_id%5D=196&amp;locations%5B13%5D%5Bregion_id%5D=1&amp;locations%5B13%5D%5Bsubregion_id%5D=19&amp;locations%5B14%5D%5Bregion_id%5D=13&amp;locations%5B14%5D%5Bsubregion_id%5D=193&amp;locations%5B15%5D%5Bregion_id%5D=13&amp;locations%5B15%5D%5Bsubregion_id%5D=194&amp;locations%5B16%5D%5Bregion_id%5D=13&amp;locations%5B16%5D%5Bsubregion_id%5D=195\" target=\"_blank\" rel=\"noopener\"><strong>Apartamentos T3 para arrendar no Grande Porto<\/strong><\/a>&nbsp;dispon\u00edveis no Imovirtual.<\/h4>\n<\/p>\n<h3>Maia, 800\u20ac<\/h3>\n<p class=\" block-img\"><img decoding=\"async\" src=\"https:\/\/www.imovirtual.com\/noticias\/wp-content\/uploads\/2022\/11\/da577c8d-c8e9-44f4-8a16-b72d937e11f3_apartamento-t3-maia.png\" alt=\"apartamento t3 maia para arrendar\"><\/p>\n<p><a href=\"https:\/\/www.imovirtual.com\/pt\/anuncio\/apartamento-t3-na-cidade-da-maia-junto-a-seguranca-social-ID16s1u.html#70103bc78f\" target=\"_blank\" rel=\"noopener\"><strong>Apartamento T3<\/strong><\/a> na Cidade da Maia Junto a Seguran\u00e7a Social, a 10min a p\u00e9 do Metro com boas \u00e1reas e bons acabamentos. Cozinha equipada com placa, forno, exaustor, combinado e maquina de lavar a loi\u00e7a, aquecimento central e lugar de garagem para dois carros, o apartamento n\u00e3o esta mobilado.<\/p>\n<\/p>\n<h3>Santa Maria da Feira, 550\u20ac<\/h3>\n<p class=\" block-img\"><img decoding=\"async\" src=\"https:\/\/www.imovirtual.com\/noticias\/wp-content\/uploads\/2022\/11\/e8e77f8f-68e5-4c20-9283-6004f8100142_apartamento-t3-santa-maria-da-feira.png\" alt=\"apartamento t3 santa maria da feira para arrendar\"><\/p>\n<p><a href=\"https:\/\/www.imovirtual.com\/pt\/anuncio\/apartamento-t3-c-lugar-de-garagem-e-arrumos-ID13tSB.html#70103bc78f\" target=\"_blank\" rel=\"noopener\"><strong>Apartamento T3<\/strong><\/a> no centro de Santa Maria da Feira. O im\u00f3vel possui excelentes \u00e1reas em todos os seus compartimentos como tamb\u00e9m uma excelente exposi\u00e7\u00e3o solar. Disp\u00f5es de cozinha equipada com m\u00f3veis de cozinha, placa, forno, exaustor e esquentador, lareira, roupeiros embutidos nos quartos e hall, pavimento em tijoleira e madeira, arrumos, lugar de garagem para  1 carro.<\/p>\n<\/p>\n<h2><strong>Apartamentos T4<\/strong><\/h2>\n<h4>Encontre aqui todos os an\u00fancios de&nbsp;<a href=\"https:\/\/www.imovirtual.com\/arrendar\/apartamento\/?search%5Bfilter_enum_rooms_num%5D%5B0%5D=4&amp;search%5Border%5D=filter_float_price%3Aasc&amp;locations%5B0%5D%5Bregion_id%5D=1&amp;locations%5B0%5D%5Bsubregion_id%5D=4&amp;locations%5B1%5D%5Bregion_id%5D=1&amp;locations%5B1%5D%5Bsubregion_id%5D=7&amp;locations%5B2%5D%5Bregion_id%5D=13&amp;locations%5B2%5D%5Bsubregion_id%5D=182&amp;locations%5B3%5D%5Bregion_id%5D=13&amp;locations%5B3%5D%5Bsubregion_id%5D=184&amp;locations%5B4%5D%5Bregion_id%5D=13&amp;locations%5B4%5D%5Bsubregion_id%5D=186&amp;locations%5B5%5D%5Bregion_id%5D=1&amp;locations%5B5%5D%5Bsubregion_id%5D=13&amp;locations%5B6%5D%5Bregion_id%5D=13&amp;locations%5B6%5D%5Bsubregion_id%5D=188&amp;locations%5B7%5D%5Bregion_id%5D=13&amp;locations%5B7%5D%5Bsubregion_id%5D=190&amp;locations%5B8%5D%5Bregion_id%5D=13&amp;locations%5B8%5D%5Bsubregion_id%5D=191&amp;locations%5B9%5D%5Bregion_id%5D=1&amp;locations%5B9%5D%5Bsubregion_id%5D=9&amp;locations%5B10%5D%5Bregion_id%5D=13&amp;locations%5B10%5D%5Bsubregion_id%5D=192&amp;locations%5B11%5D%5Bregion_id%5D=1&amp;locations%5B11%5D%5Bsubregion_id%5D=16&amp;locations%5B12%5D%5Bregion_id%5D=13&amp;locations%5B12%5D%5Bsubregion_id%5D=196&amp;locations%5B13%5D%5Bregion_id%5D=1&amp;locations%5B13%5D%5Bsubregion_id%5D=19&amp;locations%5B14%5D%5Bregion_id%5D=13&amp;locations%5B14%5D%5Bsubregion_id%5D=193&amp;locations%5B15%5D%5Bregion_id%5D=13&amp;locations%5B15%5D%5Bsubregion_id%5D=194&amp;locations%5B16%5D%5Bregion_id%5D=13&amp;locations%5B16%5D%5Bsubregion_id%5D=195\" target=\"_blank\" rel=\"noopener\"><strong>Apartamentos T4 para arrendar no Grande Porto<\/strong><\/a>&nbsp;dispon\u00edveis no Imovirtual.<\/h4>\n<\/p>\n<h3>Vila do Conde, 800\u20ac<\/h3>\n<p class=\" block-img\"><img decoding=\"async\" src=\"https:\/\/www.imovirtual.com\/noticias\/wp-content\/uploads\/2022\/11\/b8cd5c97-de91-469c-a0db-3afbd5262637_apartamento-t4-vila-do-conde.png\" alt=\"apartamento t4 para arrendar em vila do conde\"><\/p>\n<p><a href=\"https:\/\/www.imovirtual.com\/pt\/anuncio\/apartamento-t4-duplex-arrendamento-em-vila-do-conde-vila-do-conde-ID113HL.html#2ca6736355\" target=\"_blank\" rel=\"noopener\"><strong>Apartamento T4<\/strong><\/a> duplex em Vila do Conde com garagem a 50 metros da praia.<\/p>\n<p><\/p>\n<h3>VIla Nova de Gaia, 950\u20ac<\/h3>\n<p class=\" block-img\"><img decoding=\"async\" src=\"https:\/\/www.imovirtual.com\/noticias\/wp-content\/uploads\/2022\/11\/7708979a-9331-4e45-9533-b840ff54fb03_apartamento-t4-gaia.png\" alt=\"apartamento t4 para arrendar em gaia\"><\/p>\n<p><a href=\"https:\/\/www.imovirtual.com\/pt\/anuncio\/apartamento-t4-ao-pe-do-metro-ID15BEw.html#eeb708ada3\" target=\"_blank\" rel=\"noopener\"><strong>Apartamento T4<\/strong><\/a> ao junto ao metro D. Jo\u00e3o II. O im\u00f3vel est\u00e1 inserido num edif\u00edcio com 3 habita\u00e7\u00f5es, no 1\u00ba andar, sem elevador. Muito pr\u00f3ximo de transportes, com\u00e9rcio e servi\u00e7os diversos, numa das melhores localiza\u00e7\u00f5es de Vila Nova de Gaia. Possui 4 quartos, sendo 1 com roupeiro embutido e outro com um roupeiro tradicional. A sala \u00e9 dividia em dois ambientes (estar \/ jantar), sendo que os m\u00f3veis que s\u00e3o visualizados nas fotos podem permanecer no im\u00f3vel. A cozinha \u00e9 equipada com placa, forno, exaustor, m\u00e1quina de lavar loi\u00e7a, micro-ondas (todos a estrear) e frigor\u00edfico. Na lavandaria, h\u00e1 uma m\u00e1quina de lavar roupa.<\/p>\n<p class=\" block-img\"><img decoding=\"async\" src=\"https:\/\/www.imovirtual.com\/noticias\/wp-content\/uploads\/2022\/11\/3c23b667-0a08-4ca1-abcb-74566be5c538_Copia-de-Banners-Autores-2.png\" alt=\"Alexandre Lu\u00eds Autor Imovirtual\"><\/p>\n<h5><em>Tamb\u00e9m conhecido como &#8216;O Consultor&#8217;. Pode encontr\u00e1-lo a consultar o \u00faltimo estudo de mercado. N\u00e3o tem talento para vender, mas sabe tudo sobre Imobili\u00e1rio. Fala sobre quest\u00f5es relacionadas com o tema no Blog do Imovirtual.<\/em><\/h5>\n<\/p>\n<h4><strong>Leia tamb\u00e9m<\/strong><\/h4>\n<ul>\n<li>Oportunidades de im\u00f3veis no <a href=\"https:\/\/www.imovirtual.com\/noticias\/imobiliario\/casas-bonfim-porto\" target=\"_blank\" rel=\"noopener\"><strong>Bonfim, Porto<\/strong><\/a><\/li>\n<li>Casas com piscina para arrendar no <a href=\"https:\/\/www.imovirtual.com\/noticias\/imobiliario\/casas-com-piscina-para-alugar-no-porto\" target=\"_blank\" rel=\"noopener\"><strong>Porto<\/strong><\/a><\/li>\n<li>Oportunidades de Im\u00f3veis em <a href=\"https:\/\/www.imovirtual.com\/noticias\/imobiliario\/casas-em-aveiro\" target=\"_blank\" rel=\"noopener\"><strong>Aveiro<\/strong><\/a><\/li>\n<\/ul>\n<\/p>\n<div class=\"css-h5fkc8\"><strong>Ultima actualiza\u00e7\u00e3o:<\/strong> 22 julho 2021<\/div>\n","protected":false},"excerpt":{"rendered":"<p>Casas para arrendar na \u00c1rea Metropolitana do Porto Encontrar casa para arrendar no Grande Porto n\u00e3o tem de ser um quebra-cabe\u00e7as. O&nbsp;Imovirtual&nbsp;disp\u00f5e de uma grande oferta de apartamentos para arrendamento com as mais variadas caracter\u00edsticas, tipologias e \u00e1reas nas diferentes zonas que rodeiam a capital do pa\u00eds. Para o ajudar no processo de procura do &hellip;<\/p>\n","protected":false},"author":3,"featured_media":3557,"comment_status":"closed","ping_status":"open","sticky":false,"template":"","format":"standard","meta":{"footnotes":""},"categories":[37,5],"tags":[],"class_list":["post-3556","post","type-post","status-publish","format-standard","has-post-thumbnail","hentry","category-financas-e-imobiliario","category-imobiliario"],"_links":{"self":[{"href":"https:\/\/www.imovirtual.com\/noticias\/wp-json\/wp\/v2\/posts\/3556","targetHints":{"allow":["GET"]}}],"collection":[{"href":"https:\/\/www.imovirtual.com\/noticias\/wp-json\/wp\/v2\/posts"}],"about":[{"href":"https:\/\/www.imovirtual.com\/noticias\/wp-json\/wp\/v2\/types\/post"}],"author":[{"embeddable":true,"href":"https:\/\/www.imovirtual.com\/noticias\/wp-json\/wp\/v2\/users\/3"}],"replies":[{"embeddable":true,"href":"https:\/\/www.imovirtual.com\/noticias\/wp-json\/wp\/v2\/comments?post=3556"}],"version-history":[{"count":0,"href":"https:\/\/www.imovirtual.com\/noticias\/wp-json\/wp\/v2\/posts\/3556\/revisions"}],"wp:featuredmedia":[{"embeddable":true,"href":"https:\/\/www.imovirtual.com\/noticias\/wp-json\/wp\/v2\/media\/3557"}],"wp:attachment":[{"href":"https:\/\/www.imovirtual.com\/noticias\/wp-json\/wp\/v2\/media?parent=3556"}],"wp:term":[{"taxonomy":"category","embeddable":true,"href":"https:\/\/www.imovirtual.com\/noticias\/wp-json\/wp\/v2\/categories?post=3556"},{"taxonomy":"post_tag","embeddable":true,"href":"https:\/\/www.imovirtual.com\/noticias\/wp-json\/wp\/v2\/tags?post=3556"}],"curies":[{"name":"wp","href":"https:\/\/api.w.org\/{rel}","templated":true}]}}