{"id":3495,"date":"2021-06-13T00:00:00","date_gmt":"2021-06-13T00:00:00","guid":{"rendered":"https:\/\/www.imovirtual.com\/noticias2\/2021\/06\/13\/mude-de-casa-mude-de-vida-vila-real\/"},"modified":"2024-08-28T10:29:53","modified_gmt":"2024-08-28T10:29:53","slug":"mude-de-casa-mude-de-vida-vila-real","status":"publish","type":"post","link":"https:\/\/www.imovirtual.com\/noticias\/imobiliario\/mude-de-casa-mude-de-vida-vila-real\/","title":{"rendered":"Mude de Casa, Mude de Vida: Vila Real"},"content":{"rendered":"<p class=\"css-8qfla4\">\n<p class=\"css-m5h6m0 edperro0\">\n<h1><strong>Mude de Casa, Mude de Vida: Vila Real<\/strong><\/h1>\n<p>Mudar de casa \u00e9 um processo moroso, cansativo e complexo. Da procura \u00e0 conclus\u00e3o do processo, s\u00e3o muitas as&nbsp;<a href=\"https:\/\/www.imovirtual.com\/en\/noticias\/imobiliario\/esta-a-vender-casa-prepare-a-sua-mudanca-id67.html\" target=\"_blank\" rel=\"noopener\">fases pelas quais ter\u00e1 de passar<\/a>. O Mercado Imobili\u00e1rio tem imensas op\u00e7\u00f5es de fant\u00e1sticos im\u00f3veis e por isso queremos facilitar a sua vida na hora da escolha. Na rubrica&nbsp;<strong><em>Mude de Casa, Mude de Vida<\/em><\/strong>, iremos sugerir oportunidades de casas para comprar e para arrendar numa determinada cidade, ao mesmo tempo que lhe damos a conhecer os empreendimentos que por l\u00e1 est\u00e3o a surgir.<\/p>\n<p>Esta semana subimos at\u00e9 ao norte do pa\u00eds para lhe mostrar oportunidades de im\u00f3veis para comprar e arrendar bem como os novos Empreendimentos que est\u00e3o a nascer na capital de Tr\u00e1s-os-Montes: Vila Real, terra que beneficia de bonitos elementos naturais como as Serras do Mar\u00e3o e do Alv\u00e3o e o rio Corgo. Conhecida pelos queijos, fumeiros locais e mel, esta \u00e9 a zona de partida para quem pretende explorar a famosa Rota do Vinho do Porto. Por isso mesmo, tamb\u00e9m encontra por l\u00e1 excelentes vinhos e paisagens inebriantes adornadas pelas vindimas, que no outono se enchem de cor. Entre numa viagem por alguns dos Alojamentos dispon\u00edveis no <a href=\"https:\/\/www.imovirtual.com\/\" target=\"_blank\" rel=\"noopener\">Imovirtual<\/a> para venda e arrendamento em conhecidos locais da regi\u00e3o de Vila Real como Peso da R\u00e9gua, Mondim de Basto, Chaves, Alij\u00f3 e Montalegre. <\/p>\n<\/p>\n<h2><strong>Para comprar<\/strong><\/h2>\n<\/p>\n<h3><strong>\ud83d\udc49&nbsp;Apartamento T1<\/strong><\/h3>\n<p>Montalegre, Vila Real<\/p>\n<p class=\" block-img\"><img decoding=\"async\" src=\"https:\/\/www.imovirtual.com\/noticias\/wp-content\/uploads\/2022\/11\/9ed07f81-7ca8-44fc-bfd8-f39104b5b93a_montalegre.png\" alt=\"apartamento t1 montalegre vila real venda\"><\/p>\n<p><a href=\"https:\/\/www.imovirtual.com\/pt\/anuncio\/apartamento-para-venda-em-montalegre-ID128lF.html#35ffe6d616\" target=\"_blank\" rel=\"noopener\">Apartamento T1<\/a> junto com proximidade \u00e0 Vila de Montealegre. Im\u00f3vel remodelado, com ar condicionado, arm\u00e1rio, arrecada\u00e7\u00e3o, cozinha equipada, g\u00e1s canalizado, fog\u00e3o de sala, +arqueamento, porta blindada e termo-acumulador. Com vista para a Vila, campo\/serra e rio<\/p>\n<\/p>\n<h3><strong>\ud83d\udc49&nbsp;Apartamento T2<\/strong><\/h3>\n<p>Alij\u00f3, Vila Real<\/p>\n<p class=\" block-img\"><img decoding=\"async\" src=\"https:\/\/www.imovirtual.com\/noticias\/wp-content\/uploads\/2022\/11\/d9e2a33c-dc2a-45e8-908b-c5868b0f6469_alijo-1.png\" alt=\"apartamento t2 alij\u00f3 vila real venda\"><\/p>\n<p><a href=\"https:\/\/www.imovirtual.com\/pt\/anuncio\/apartamento-t2-remodelado-em-frente-a-estacao-pinhao-alijo-ID13csM.html#5e155fdc0f\" target=\"_blank\" rel=\"noopener\">Apartamento T2<\/a> em Alij\u00f3, situado no Largo da Esta\u00e7\u00e3o com incr\u00edveis vistas sobre o Douro e 3 frentes. O im\u00f3vel foi completamente remodelado e disp\u00f5e de terra\u00e7o de 64 m\u00b2 e 2 varandas. 2 quartos com roupeiros embutidos, 1 WC, cozinha mobilada e equipada (placa, forno, exaustor, frigorifico e esquentador) e sala comum. <\/p>\n<\/p>\n<h3><strong>\ud83d\udc49&nbsp;Moradia T3<\/strong><\/h3>\n<p>Folhadela, Vila Real<\/p>\n<p class=\" block-img\"><img decoding=\"async\" src=\"https:\/\/images.prismic.io\/imovirtual\/103d55c6-8d10-44e6-8a72-9c70b1e5ee84_moradia+t3.png\" alt=\"moradia t3 folhadela vila real venda\"><\/p>\n<p>Casa em xisto com acabamentos de luxo e vistas sobre as serras. A <a href=\"https:\/\/www.imovirtual.com\/pt\/anuncio\/moradia-t3-com-terreno-em-vila-real-ID11J1m.html#f6e94d8e02\" target=\"_blank\" rel=\"noopener\">Moradia T3<\/a> de quatro frentes insere-se num terreno amplo, rodeado de vegeta\u00e7\u00e3o e natureza, com acesso ao exterior por todas as divis\u00f5es da casa, quer atrav\u00e9s do piso t\u00e9rreo, quer da cave. O piso t\u00e9rreo configura-se da seguinte forma: uma sala que se divide entre a zona de estar, com lareira, e o espa\u00e7o de refei\u00e7\u00f5es, com panor\u00e2mica sobre as serras do Mar\u00e3o e Alv\u00e3o; tr\u00eas quartos, sendo um deles suite com casa de banho, 1 casa banho comum aos outros 2 quartos e 1 casa de banho de servi\u00e7o; cozinha totalmente equipada; lavandaria. A cave tem uma garagem com capacidade para mais de seis carros, arrumos e uma \u00e1rea livre, que poder\u00e1 ser utilizada como segunda habita\u00e7\u00e3o ou est\u00fadio independente. No vasto espa\u00e7o exterior do im\u00f3vel, al\u00e9m do terreno, existem v\u00e1rios jardins, \u00e1reas de cultivo e um alpendre com churrasqueira e forno tradicional, excelente para refei\u00e7\u00f5es e lazer.<\/p>\n<\/p>\n<h3><strong>\ud83d\udc49&nbsp;Moradia T4<\/strong><\/h3>\n<p>Mondim de Basto, Vila Real<\/p>\n<p class=\" block-img\"><img decoding=\"async\" src=\"https:\/\/www.imovirtual.com\/noticias\/wp-content\/uploads\/2022\/11\/4494123a-ae7c-4b25-bb9a-3b01990b35a6_mondim-1.png\" alt=\"moradia t4 mondim de basto vila real venda\"><\/p>\n<p>Integrada numa parcela de terreno com 2.513 m2, dotada de quatro suites, tr\u00eas salas, piscina, amplo jardim e uma habita\u00e7\u00e3o T1 separada da casa principal na estrema da propriedade. Esta <a href=\"https:\/\/www.imovirtual.com\/pt\/anuncio\/casa-em-mondim-de-basto-com-piscina-e-jardim-origem-do-seculo-xvii-ID13ii1.html#c9485636fb\" target=\"_blank\" rel=\"noopener\">Moradia T4<\/a> disp\u00f5e de v\u00e1rias caracter\u00edsticas interessantes. No piso superior temos o hall de entrada, circula\u00e7\u00f5es e vistas para o p\u00e1tio central, cozinha, sala de jantar, sala de estar e suite com casa de banho privativa No piso inferior o sal\u00e3o de jogos tem posi\u00e7\u00e3o privilegiada com teto mais elevado e acesso ao alpendre com vistas para o bel\u00edssimo jardim e piscina. Aqui temos tr\u00eas quartos com casas de banho privativas, sendo dois deles privilegiados com acesso ao p\u00e1tio central da casa. Com acesso pelo exterior temos o espa\u00e7o destinado a arrumos e ao tratamento de roupas. Conta ainda com uma habita\u00e7\u00e3o T1, convertida partir de uma arrecada\u00e7\u00e3o, dotada de todo o conforto e ideal para receber visitas (ou rentabilizar em alojamento) com total privacidade. A casa det\u00e9m \u00e1gua pr\u00f3pria proveniente de po\u00e7o, num terreno com um bom \u00edndice fre\u00e1tico.<\/p>\n<h2><strong>Para arrendar <\/strong><\/h2>\n<\/p>\n<h3><strong>\ud83d\udc49&nbsp;Apartamento T1<\/strong><\/h3>\n<p>Folhadela, Vila Real<\/p>\n<p class=\" block-img\"><img decoding=\"async\" src=\"https:\/\/www.imovirtual.com\/noticias\/wp-content\/uploads\/2022\/11\/d540c001-8b79-4aaa-9b7c-32fe4fc759c7_alugarfolhadela-1.png\" alt=\"apartamento t1 para arrendar em folhadela vila real\"><\/p>\n<p><a href=\"https:\/\/www.imovirtual.com\/pt\/anuncio\/apartamento-t1-arrendamento-em-folhadela-vila-real-ID16csl.html#ab3ce53367\" target=\"_blank\" rel=\"noopener\">Apartamento T1<\/a> com cozinha equipada e jardim. <\/p>\n<\/p>\n<h3><strong>\ud83d\udc49&nbsp;Apartamento T2<\/strong><\/h3>\n<p>Vila Real<\/p>\n<p class=\" block-img\"><img decoding=\"async\" src=\"https:\/\/images.prismic.io\/imovirtual\/99b2c7ec-90bf-4634-8a88-45b7e8b3f90b_vilaral.png\" alt=\"apartamento t2 para arrendar vila real \"><\/p>\n<p><a href=\"https:\/\/www.imovirtual.com\/pt\/anuncio\/t2-com-dois-lugares-de-garagem-ao-intermarche-ID166Yw.html#fba3b13857\" target=\"_blank\" rel=\"noopener\">Apartamento T2<\/a> com duas frentes no 2\u00ba e \u00faltimo andar), com dois lugares de garagem.<\/p>\n<h3><strong>\ud83d\udc49&nbsp;Apartamento T3<\/strong><\/h3>\n<p>Chaves, Vila Real<\/p>\n<p class=\" block-img\"><img decoding=\"async\" src=\"https:\/\/www.imovirtual.com\/noticias\/wp-content\/uploads\/2022\/11\/eb934358-0dca-4490-b8ad-588d71356ab2_chaves.png\" alt=\"apartamento t3 para arrendar chaves vila real\"><\/p>\n<p><a href=\"https:\/\/www.imovirtual.com\/pt\/anuncio\/apartamento-t3-totalmente-mobilado-ID15jNR.html#8f6e5e134c\" target=\"_blank\" rel=\"noopener\">Apartamento T3<\/a> a 2 minutos do centro da cidade, totalmente mobilado, cozinha equipada e lareira. Equipado com ar condicionado.<\/p>\n<\/p>\n<h3><strong>\ud83d\udc49&nbsp;Apartamento T4<\/strong><\/h3>\n<p>Peso da R\u00e9gua, Vila Real<\/p>\n<p class=\" block-img\"><img decoding=\"async\" src=\"https:\/\/www.imovirtual.com\/noticias\/wp-content\/uploads\/2022\/11\/5e658319-a681-4d26-9019-e3530682e0aa_pesodaregua.png\" alt=\"apartamento t4 para arrendar peso da r\u00e9gua vila real \"><\/p>\n<p><a href=\"https:\/\/www.imovirtual.com\/pt\/anuncio\/apartamento-t4-bela-vista-IDzTJn.html#f649c4c449\" target=\"_blank\" rel=\"noopener\">Apartamento T4<\/a> com varanda, cozinha equipada e vistas para a serra\/rio. <\/p>\n<\/p>\n<h2><strong>Empreendimentos<\/strong><\/h2>\n<\/p>\n<h3><strong>\ud83d\udc49 <\/strong><a href=\"https:\/\/www.imovirtual.com\/pt\/anuncio\/casas-vivas-ID16cvU.html#08062e7d40\" target=\"_blank\" rel=\"noopener\"><strong><\/strong>Casas Vivas<\/a><\/h3>\n<p>Provesende, Vila Real<\/p>\n<p class=\" block-img\"><img decoding=\"async\" src=\"https:\/\/images.prismic.io\/imovirtual\/87a1286f-c5d0-45d9-bbbc-1d116f5b79c6_empreendimento+vila+real.png\" alt=\"empreeendimento casas vivas vila real\"><\/p>\n<p>Casas Vivas \u00e9 um resort de luxo sustent\u00e1vel, localizado na aldeia vinhateira de Provesende, na margem norte do rio e a 10 minutos do Pinh\u00e3o. A propriedade tem vistas deslumbrantes, est\u00e1 virada a sul e rodeada por oliveiras que produzem azeite de primeira. O fant\u00e1stico trilho &#8216;S\u00e3o Cristov\u00e3o do Douro&#8217; atravessa a propriedade. Situado no cora\u00e7\u00e3o do Douro vinhateiro, junto \u00e0s famosas adegas da regi\u00e3o, o resort \u00e9 composto por 8 lofts e 1 moradia T2 distribu\u00eddas por 3 conceitos diferentes: Vinhas Villa, Douro Villa e Oliveiras Villa. O resort oferece aut\u00eanticos servi\u00e7os de hotelaria de luxo, tais como rece\u00e7\u00e3o e seguran\u00e7a, servi\u00e7o de concierge 24 horas, lavandaria, Chefs privados, horta biol\u00f3gica, piscina, e-bikes, cruzeiros no rio e passeios dedicados ao vinho, cultura e natureza da regi\u00e3o.<\/p>\n<p class=\" block-img\"><img decoding=\"async\" src=\"https:\/\/www.imovirtual.com\/noticias\/wp-content\/uploads\/2022\/11\/3c23b667-0a08-4ca1-abcb-74566be5c538_Copia-de-Banners-Autores-2.png\" alt=\"alexandre lu\u00eds imovirtual\"><\/p>\n<h5><em>Tamb\u00e9m conhecido como &#8216;O Consultor&#8217;. Pode encontr\u00e1-lo a consultar o \u00faltimo estudo de mercado. N\u00e3o tem talento para vender, mas sabe tudo sobre Imobili\u00e1rio. Fala sobre quest\u00f5es relacionadas com o tema no Blog do Imovirtual.<\/em><\/h5>\n<\/p>\n<h4><strong>Veja tamb\u00e9m<\/strong><\/h4>\n<ul>\n<li>Mude de Casa, Mude de Vida: <a href=\"https:\/\/www.imovirtual.com\/noticias\/imobiliario\/mude-de-casa-mude-de-vida-evora\" target=\"_blank\" rel=\"noopener\"><strong>\u00c9vora<\/strong><\/a><\/li>\n<li>Mude de Casa, Mude de Vida:<a href=\"https:\/\/www.imovirtual.com\/en\/noticias\/imobiliario\/mude-de-casa-mude-de-vida-leiria\" target=\"_blank\" rel=\"noopener\"><strong> Leiria<\/strong><\/a><\/li>\n<li>Mude de Casa, Mude de Vida: <a href=\"https:\/\/www.imovirtual.com\/en\/noticias\/imobiliario\/mude-de-casa-mude-de-vida-castelo-branco\" target=\"_blank\" rel=\"noopener\"><strong>Castelo Branco<\/strong><\/a><\/li>\n<\/ul>\n<\/p>\n<div class=\"css-h5fkc8\"><strong>Ultima actualiza\u00e7\u00e3o:<\/strong> 11 agosto 2021<\/div>\n","protected":false},"excerpt":{"rendered":"<p>Mude de Casa, Mude de Vida: Vila Real Mudar de casa \u00e9 um processo moroso, cansativo e complexo. Da procura \u00e0 conclus\u00e3o do processo, s\u00e3o muitas as&nbsp;fases pelas quais ter\u00e1 de passar. O Mercado Imobili\u00e1rio tem imensas op\u00e7\u00f5es de fant\u00e1sticos im\u00f3veis e por isso queremos facilitar a sua vida na hora da escolha. Na rubrica&nbsp;Mude &hellip;<\/p>\n","protected":false},"author":3,"featured_media":3498,"comment_status":"closed","ping_status":"open","sticky":false,"template":"","format":"standard","meta":{"footnotes":""},"categories":[37,5],"tags":[],"class_list":["post-3495","post","type-post","status-publish","format-standard","has-post-thumbnail","hentry","category-financas-e-imobiliario","category-imobiliario"],"_links":{"self":[{"href":"https:\/\/www.imovirtual.com\/noticias\/wp-json\/wp\/v2\/posts\/3495","targetHints":{"allow":["GET"]}}],"collection":[{"href":"https:\/\/www.imovirtual.com\/noticias\/wp-json\/wp\/v2\/posts"}],"about":[{"href":"https:\/\/www.imovirtual.com\/noticias\/wp-json\/wp\/v2\/types\/post"}],"author":[{"embeddable":true,"href":"https:\/\/www.imovirtual.com\/noticias\/wp-json\/wp\/v2\/users\/3"}],"replies":[{"embeddable":true,"href":"https:\/\/www.imovirtual.com\/noticias\/wp-json\/wp\/v2\/comments?post=3495"}],"version-history":[{"count":0,"href":"https:\/\/www.imovirtual.com\/noticias\/wp-json\/wp\/v2\/posts\/3495\/revisions"}],"wp:featuredmedia":[{"embeddable":true,"href":"https:\/\/www.imovirtual.com\/noticias\/wp-json\/wp\/v2\/media\/3498"}],"wp:attachment":[{"href":"https:\/\/www.imovirtual.com\/noticias\/wp-json\/wp\/v2\/media?parent=3495"}],"wp:term":[{"taxonomy":"category","embeddable":true,"href":"https:\/\/www.imovirtual.com\/noticias\/wp-json\/wp\/v2\/categories?post=3495"},{"taxonomy":"post_tag","embeddable":true,"href":"https:\/\/www.imovirtual.com\/noticias\/wp-json\/wp\/v2\/tags?post=3495"}],"curies":[{"name":"wp","href":"https:\/\/api.w.org\/{rel}","templated":true}]}}